{"id":14869,"date":"2022-08-25T10:04:34","date_gmt":"2022-08-25T09:04:34","guid":{"rendered":"https:\/\/www.proantic.com\/magazine\/?p=14869"},"modified":"2024-04-22T10:49:40","modified_gmt":"2024-04-22T09:49:40","slug":"emile-galle-bureau-art-nouveau-aux-ombelles","status":"publish","type":"post","link":"https:\/\/www.proantic.com\/magazine\/emile-galle-bureau-art-nouveau-aux-ombelles\/","title":{"rendered":"Emile Gall\u00e9 &#8211; Bureau Art Nouveau \u00ab\u00a0Aux Ombelles\u00a0\u00bb"},"content":{"rendered":"\n<p><strong>Bureau en noyer massif moulur\u00e9 et finement sculpt\u00e9 \u00e0 d\u00e9cor de berces des pr\u00e9s. <\/strong>Plateau marquet\u00e9 d&rsquo;ombelles et d&rsquo;une libellule en vol, sur un fond de palissandre de rio et de Birmanie.<br>Il ouvre par trois petit tiroirs sur le gradin et un tiroir en ceinture, b\u00e2tit asym\u00e9trique pr\u00e9sentant lat\u00e9ralement des casiers de rangements \u00e0 d\u00e9coupes reprenant le d\u00e9cor.<br>Emile Gall\u00e9 \u00e0 Nancy<br>Epoque 1900<\/p>\n\n\n\n<figure class=\"wp-block-image size-large\"><img data-recalc-dims=\"1\" loading=\"lazy\" decoding=\"async\" width=\"665\" height=\"500\" data-attachment-id=\"14879\" data-permalink=\"https:\/\/www.proantic.com\/magazine\/emile-galle-bureau-art-nouveau-aux-ombelles\/986612-main-62f79b470a2d4\/\" data-orig-file=\"https:\/\/i0.wp.com\/www.proantic.com\/magazine\/wp-content\/uploads\/2022\/08\/986612-main-62f79b470a2d4.jpg?fit=800%2C602&amp;ssl=1\" data-orig-size=\"800,602\" data-comments-opened=\"1\" data-image-meta=\"{&quot;aperture&quot;:&quot;0&quot;,&quot;credit&quot;:&quot;&quot;,&quot;camera&quot;:&quot;&quot;,&quot;caption&quot;:&quot;&quot;,&quot;created_timestamp&quot;:&quot;0&quot;,&quot;copyright&quot;:&quot;&quot;,&quot;focal_length&quot;:&quot;0&quot;,&quot;iso&quot;:&quot;0&quot;,&quot;shutter_speed&quot;:&quot;0&quot;,&quot;title&quot;:&quot;&quot;,&quot;orientation&quot;:&quot;0&quot;}\" data-image-title=\"Emile Gall\u00e9 &amp;#8211; Bureau \u00ab\u00a0Aux Ombelles\u00a0\u00bb. (c) Antiquit\u00e9s Art Nouveau, Proatic\" data-image-description=\"\" data-image-caption=\"&lt;p&gt;Emile Gall\u00e9 &amp;#8211; Bureau \u00ab\u00a0Aux Ombelles\u00a0\u00bb. (c) Antiquit\u00e9s Art Nouveau, Proatic&lt;\/p&gt;\n\" data-medium-file=\"https:\/\/i0.wp.com\/www.proantic.com\/magazine\/wp-content\/uploads\/2022\/08\/986612-main-62f79b470a2d4.jpg?fit=300%2C226&amp;ssl=1\" data-large-file=\"https:\/\/i0.wp.com\/www.proantic.com\/magazine\/wp-content\/uploads\/2022\/08\/986612-main-62f79b470a2d4.jpg?fit=665%2C500&amp;ssl=1\" src=\"https:\/\/i0.wp.com\/www.proantic.com\/magazine\/wp-content\/uploads\/2022\/08\/986612-main-62f79b470a2d4.jpg?resize=665%2C500&#038;ssl=1\" alt=\"\" class=\"wp-image-14879\" srcset=\"https:\/\/i0.wp.com\/www.proantic.com\/magazine\/wp-content\/uploads\/2022\/08\/986612-main-62f79b470a2d4.jpg?w=800&amp;ssl=1 800w, https:\/\/i0.wp.com\/www.proantic.com\/magazine\/wp-content\/uploads\/2022\/08\/986612-main-62f79b470a2d4.jpg?resize=300%2C226&amp;ssl=1 300w, https:\/\/i0.wp.com\/www.proantic.com\/magazine\/wp-content\/uploads\/2022\/08\/986612-main-62f79b470a2d4.jpg?resize=768%2C578&amp;ssl=1 768w, https:\/\/i0.wp.com\/www.proantic.com\/magazine\/wp-content\/uploads\/2022\/08\/986612-main-62f79b470a2d4.jpg?resize=180%2C135&amp;ssl=1 180w\" sizes=\"auto, (max-width: 665px) 100vw, 665px\" \/><figcaption>Emile Gall\u00e9 &#8211; Bureau \u00ab\u00a0Aux Ombelles\u00a0\u00bb. (c) <a href=\"https:\/\/www.proantic.com\/galerie\/antiquites-art-nouveau\/\">Antiquit\u00e9s Art Nouveau,<\/a> Proantic<\/figcaption><\/figure>\n\n\n\n<p>D\u00e8s 1865, Emile Gall\u00e9 se lance dans l\u2019art du bois. En duo avec son ami Victor Prouv\u00e9, il r\u00e9alise ses premiers meubles, d\u2019une grande \u00e9l\u00e9gance et de d\u00e9coration raffin\u00e9e. Il \u00e9tudie de pr\u00e8s les veinages, le grain et la texture des bois, surtout exotiques.<br>En 1873, il retourne s\u2019installer \u00e0 Nancy, sa ville natale et prend, un an apr\u00e8s, la direction artistique de l\u2019entreprise familiale. Il r\u00e9alise ses propres verreries et entreprend de construire quelques meubles qui le font remarquer lors d\u2019expositions parisiennes. Ses meubles sont alors essentiellement vendus \u00e0 de riches collectionneurs ou des particuliers fortun\u00e9s.<\/p>\n\n\n\n<figure class=\"wp-block-image size-large\"><img data-recalc-dims=\"1\" loading=\"lazy\" decoding=\"async\" width=\"665\" height=\"623\" data-attachment-id=\"14880\" data-permalink=\"https:\/\/www.proantic.com\/magazine\/emile-galle-bureau-art-nouveau-aux-ombelles\/986612-62f79b586296e\/\" data-orig-file=\"https:\/\/i0.wp.com\/www.proantic.com\/magazine\/wp-content\/uploads\/2022\/08\/986612-62f79b586296e.jpg?fit=800%2C749&amp;ssl=1\" data-orig-size=\"800,749\" data-comments-opened=\"1\" data-image-meta=\"{&quot;aperture&quot;:&quot;0&quot;,&quot;credit&quot;:&quot;&quot;,&quot;camera&quot;:&quot;&quot;,&quot;caption&quot;:&quot;&quot;,&quot;created_timestamp&quot;:&quot;0&quot;,&quot;copyright&quot;:&quot;&quot;,&quot;focal_length&quot;:&quot;0&quot;,&quot;iso&quot;:&quot;0&quot;,&quot;shutter_speed&quot;:&quot;0&quot;,&quot;title&quot;:&quot;&quot;,&quot;orientation&quot;:&quot;0&quot;}\" data-image-title=\"Emile Gall\u00e9 &amp;#8211; Bureau \u00ab\u00a0Aux Ombelles\u00a0\u00bb. (c) Antiquit\u00e9s Art Nouveau, Proatic\" data-image-description=\"\" data-image-caption=\"&lt;p&gt;Emile Gall\u00e9 &amp;#8211; Bureau \u00ab\u00a0Aux Ombelles\u00a0\u00bb. (c) Antiquit\u00e9s Art Nouveau, Proatic&lt;\/p&gt;\n\" data-medium-file=\"https:\/\/i0.wp.com\/www.proantic.com\/magazine\/wp-content\/uploads\/2022\/08\/986612-62f79b586296e.jpg?fit=300%2C281&amp;ssl=1\" data-large-file=\"https:\/\/i0.wp.com\/www.proantic.com\/magazine\/wp-content\/uploads\/2022\/08\/986612-62f79b586296e.jpg?fit=665%2C623&amp;ssl=1\" src=\"https:\/\/i0.wp.com\/www.proantic.com\/magazine\/wp-content\/uploads\/2022\/08\/986612-62f79b586296e.jpg?resize=665%2C623&#038;ssl=1\" alt=\"\" class=\"wp-image-14880\" srcset=\"https:\/\/i0.wp.com\/www.proantic.com\/magazine\/wp-content\/uploads\/2022\/08\/986612-62f79b586296e.jpg?w=800&amp;ssl=1 800w, https:\/\/i0.wp.com\/www.proantic.com\/magazine\/wp-content\/uploads\/2022\/08\/986612-62f79b586296e.jpg?resize=300%2C281&amp;ssl=1 300w, https:\/\/i0.wp.com\/www.proantic.com\/magazine\/wp-content\/uploads\/2022\/08\/986612-62f79b586296e.jpg?resize=768%2C719&amp;ssl=1 768w, https:\/\/i0.wp.com\/www.proantic.com\/magazine\/wp-content\/uploads\/2022\/08\/986612-62f79b586296e.jpg?resize=180%2C169&amp;ssl=1 180w\" sizes=\"auto, (max-width: 665px) 100vw, 665px\" \/><figcaption>Emile Gall\u00e9 &#8211; Bureau \u00ab\u00a0Aux Ombelles\u00a0\u00bb. (c) <a href=\"https:\/\/www.proantic.com\/galerie\/antiquites-art-nouveau\/\">Antiquit\u00e9s Art Nouveau<\/a>, Proantic<\/figcaption><\/figure>\n\n\n\n<p>Il monte par la suite sa propre entreprise en 1883, v\u00e9ritable usine regroupant plusieurs m\u00e9tiers d\u2019arts, notamment la fa\u00efencerie, la verrerie et l\u2019\u00e9b\u00e9nisterie. Il fait construire de nouveaux fourneaux et ateliers pour accro\u00eetre sa production, sans perdre de vue la d\u00e9couverte de nouvelles techniques de verrerie. Son entreprise emploie pr\u00e8s de 300 employ\u00e9s.<\/p>\n\n\n\n<p>Gall\u00e9 obtient de nombreux prix lors d\u2019expositions universelles ou d\u2019arts, ce qui permet \u00e0 sa renomm\u00e9e de prendre une dimension mondiale, et d\u2019\u00eatre fait officier de la L\u00e9gion d\u2019Honneur. En 1901, il fonde avec l\u2019aide de ses collaborateurs, dont Victor Prouv\u00e9 et Louis Majorelle, l\u2019Ecole de Nancy. Elle prend rapidement de l\u2019essor gr\u00e2ce au mouvement de l\u2019Art Nouveau.<\/p>\n","protected":false},"excerpt":{"rendered":"<p>Bureau en noyer massif moulur\u00e9 et finement sculpt\u00e9 \u00e0 d\u00e9cor de berces des pr\u00e9s. Plateau marquet\u00e9 d&rsquo;ombelles et d&rsquo;une libellule en vol, sur un fond de palissandre de rio et de Birmanie.Il ouvre par trois petit tiroirs sur le gradin et un tiroir en ceinture, b\u00e2tit asym\u00e9trique pr\u00e9sentant lat\u00e9ralement des casiers de rangements \u00e0 d\u00e9coupes [&hellip;]<\/p>\n","protected":false},"author":6,"featured_media":14882,"comment_status":"closed","ping_status":"open","sticky":false,"template":"","format":"standard","meta":{"jetpack_post_was_ever_published":false,"_jetpack_newsletter_access":"","_jetpack_dont_email_post_to_subs":false,"_jetpack_newsletter_tier_id":0,"_jetpack_memberships_contains_paywalled_content":false,"_jetpack_memberships_contains_paid_content":false,"footnotes":"","jetpack_publicize_message":"","jetpack_publicize_feature_enabled":true,"jetpack_social_post_already_shared":true,"jetpack_social_options":{"image_generator_settings":{"template":"highway","default_image_id":0,"font":"","enabled":false},"version":2}},"categories":[180],"tags":[],"class_list":["post-14869","post","type-post","status-publish","format-standard","has-post-thumbnail","hentry","category-arts-decoratifs-proantic"],"yoast_head":"<!-- This site is optimized with the Yoast SEO plugin v26.9 - https:\/\/yoast.com\/product\/yoast-seo-wordpress\/ -->\n<title>Emile Gall\u00e9 - Bureau Art Nouveau &quot;Aux Ombelles&quot; Le Magazine de Proantic<\/title>\n<meta name=\"description\" content=\"Bureau en noyer massif moulur\u00e9 et finement sculpt\u00e9 \u00e0 d\u00e9cor de berces des pr\u00e9s. Plateau marquet\u00e9 d&#039;ombelles et d&#039;une libellule en vol, sur un fond de\" \/>\n<meta name=\"robots\" content=\"index, follow, max-snippet:-1, max-image-preview:large, max-video-preview:-1\" \/>\n<link rel=\"canonical\" href=\"https:\/\/www.proantic.com\/magazine\/emile-galle-bureau-art-nouveau-aux-ombelles\/\" \/>\n<meta property=\"og:locale\" content=\"fr_FR\" \/>\n<meta property=\"og:type\" content=\"article\" \/>\n<meta property=\"og:title\" content=\"Emile Gall\u00e9 - Bureau Art Nouveau &quot;Aux Ombelles&quot; Le Magazine de Proantic\" \/>\n<meta property=\"og:description\" content=\"Bureau en noyer massif moulur\u00e9 et finement sculpt\u00e9 \u00e0 d\u00e9cor de berces des pr\u00e9s. Plateau marquet\u00e9 d&#039;ombelles et d&#039;une libellule en vol, sur un fond de\" \/>\n<meta property=\"og:url\" content=\"https:\/\/www.proantic.com\/magazine\/emile-galle-bureau-art-nouveau-aux-ombelles\/\" \/>\n<meta property=\"og:site_name\" content=\"Le Magazine de Proantic\" \/>\n<meta property=\"article:publisher\" content=\"https:\/\/www.facebook.com\/pages\/Proantic\/\/259180871793\" \/>\n<meta property=\"article:published_time\" content=\"2022-08-25T09:04:34+00:00\" \/>\n<meta property=\"article:modified_time\" content=\"2024-04-22T09:49:40+00:00\" \/>\n<meta property=\"og:image\" content=\"https:\/\/www.proantic.com\/magazine\/wp-content\/uploads\/2022\/08\/986612-alb-62f79b90dc415.jpg\" \/>\n\t<meta property=\"og:image:width\" content=\"800\" \/>\n\t<meta property=\"og:image:height\" content=\"600\" \/>\n\t<meta property=\"og:image:type\" content=\"image\/jpeg\" \/>\n<meta name=\"author\" content=\"C\u00e9line Autant\" \/>\n<meta name=\"twitter:label1\" content=\"\u00c9crit par\" \/>\n\t<meta name=\"twitter:data1\" content=\"C\u00e9line Autant\" \/>\n\t<meta name=\"twitter:label2\" content=\"Dur\u00e9e de lecture estim\u00e9e\" \/>\n\t<meta name=\"twitter:data2\" content=\"2 minutes\" \/>\n<script type=\"application\/ld+json\" class=\"yoast-schema-graph\">{\"@context\":\"https:\/\/schema.org\",\"@graph\":[{\"@type\":\"Article\",\"@id\":\"https:\/\/www.proantic.com\/magazine\/emile-galle-bureau-art-nouveau-aux-ombelles\/#article\",\"isPartOf\":{\"@id\":\"https:\/\/www.proantic.com\/magazine\/emile-galle-bureau-art-nouveau-aux-ombelles\/\"},\"author\":{\"name\":\"C\u00e9line Autant\",\"@id\":\"https:\/\/www.proantic.com\/magazine\/#\/schema\/person\/63707e8f4e7d0172de7ddde897688be0\"},\"headline\":\"Emile Gall\u00e9 &#8211; Bureau Art Nouveau \u00ab\u00a0Aux Ombelles\u00a0\u00bb\",\"datePublished\":\"2022-08-25T09:04:34+00:00\",\"dateModified\":\"2024-04-22T09:49:40+00:00\",\"mainEntityOfPage\":{\"@id\":\"https:\/\/www.proantic.com\/magazine\/emile-galle-bureau-art-nouveau-aux-ombelles\/\"},\"wordCount\":337,\"image\":{\"@id\":\"https:\/\/www.proantic.com\/magazine\/emile-galle-bureau-art-nouveau-aux-ombelles\/#primaryimage\"},\"thumbnailUrl\":\"https:\/\/i0.wp.com\/www.proantic.com\/magazine\/wp-content\/uploads\/2022\/08\/986612-alb-62f79b90dc415.jpg?fit=800%2C600&ssl=1\",\"articleSection\":[\"Arts d\u00e9coratifs sur Proantic\"],\"inLanguage\":\"fr-FR\"},{\"@type\":\"WebPage\",\"@id\":\"https:\/\/www.proantic.com\/magazine\/emile-galle-bureau-art-nouveau-aux-ombelles\/\",\"url\":\"https:\/\/www.proantic.com\/magazine\/emile-galle-bureau-art-nouveau-aux-ombelles\/\",\"name\":\"Emile Gall\u00e9 - Bureau Art Nouveau \\\"Aux Ombelles\\\" Le Magazine de Proantic\",\"isPartOf\":{\"@id\":\"https:\/\/www.proantic.com\/magazine\/#website\"},\"primaryImageOfPage\":{\"@id\":\"https:\/\/www.proantic.com\/magazine\/emile-galle-bureau-art-nouveau-aux-ombelles\/#primaryimage\"},\"image\":{\"@id\":\"https:\/\/www.proantic.com\/magazine\/emile-galle-bureau-art-nouveau-aux-ombelles\/#primaryimage\"},\"thumbnailUrl\":\"https:\/\/i0.wp.com\/www.proantic.com\/magazine\/wp-content\/uploads\/2022\/08\/986612-alb-62f79b90dc415.jpg?fit=800%2C600&ssl=1\",\"datePublished\":\"2022-08-25T09:04:34+00:00\",\"dateModified\":\"2024-04-22T09:49:40+00:00\",\"author\":{\"@id\":\"https:\/\/www.proantic.com\/magazine\/#\/schema\/person\/63707e8f4e7d0172de7ddde897688be0\"},\"description\":\"Bureau en noyer massif moulur\u00e9 et finement sculpt\u00e9 \u00e0 d\u00e9cor de berces des pr\u00e9s. Plateau marquet\u00e9 d'ombelles et d'une libellule en vol, sur un fond de\",\"breadcrumb\":{\"@id\":\"https:\/\/www.proantic.com\/magazine\/emile-galle-bureau-art-nouveau-aux-ombelles\/#breadcrumb\"},\"inLanguage\":\"fr-FR\",\"potentialAction\":[{\"@type\":\"ReadAction\",\"target\":[\"https:\/\/www.proantic.com\/magazine\/emile-galle-bureau-art-nouveau-aux-ombelles\/\"]}]},{\"@type\":\"ImageObject\",\"inLanguage\":\"fr-FR\",\"@id\":\"https:\/\/www.proantic.com\/magazine\/emile-galle-bureau-art-nouveau-aux-ombelles\/#primaryimage\",\"url\":\"https:\/\/i0.wp.com\/www.proantic.com\/magazine\/wp-content\/uploads\/2022\/08\/986612-alb-62f79b90dc415.jpg?fit=800%2C600&ssl=1\",\"contentUrl\":\"https:\/\/i0.wp.com\/www.proantic.com\/magazine\/wp-content\/uploads\/2022\/08\/986612-alb-62f79b90dc415.jpg?fit=800%2C600&ssl=1\",\"width\":800,\"height\":600},{\"@type\":\"BreadcrumbList\",\"@id\":\"https:\/\/www.proantic.com\/magazine\/emile-galle-bureau-art-nouveau-aux-ombelles\/#breadcrumb\",\"itemListElement\":[{\"@type\":\"ListItem\",\"position\":1,\"name\":\"Accueil\",\"item\":\"https:\/\/www.proantic.com\/magazine\/\"},{\"@type\":\"ListItem\",\"position\":2,\"name\":\"Emile Gall\u00e9 &#8211; Bureau Art Nouveau \u00ab\u00a0Aux Ombelles\u00a0\u00bb\"}]},{\"@type\":\"WebSite\",\"@id\":\"https:\/\/www.proantic.com\/magazine\/#website\",\"url\":\"https:\/\/www.proantic.com\/magazine\/\",\"name\":\"Le Magazine de Proantic\",\"description\":\"Magazine d&#039;art et expositions\",\"potentialAction\":[{\"@type\":\"SearchAction\",\"target\":{\"@type\":\"EntryPoint\",\"urlTemplate\":\"https:\/\/www.proantic.com\/magazine\/?s={search_term_string}\"},\"query-input\":{\"@type\":\"PropertyValueSpecification\",\"valueRequired\":true,\"valueName\":\"search_term_string\"}}],\"inLanguage\":\"fr-FR\"},{\"@type\":\"Person\",\"@id\":\"https:\/\/www.proantic.com\/magazine\/#\/schema\/person\/63707e8f4e7d0172de7ddde897688be0\",\"name\":\"C\u00e9line Autant\"}]}<\/script>\n<!-- \/ Yoast SEO plugin. -->","yoast_head_json":{"title":"Emile Gall\u00e9 - Bureau Art Nouveau \"Aux Ombelles\" Le Magazine de Proantic","description":"Bureau en noyer massif moulur\u00e9 et finement sculpt\u00e9 \u00e0 d\u00e9cor de berces des pr\u00e9s. Plateau marquet\u00e9 d'ombelles et d'une libellule en vol, sur un fond de","robots":{"index":"index","follow":"follow","max-snippet":"max-snippet:-1","max-image-preview":"max-image-preview:large","max-video-preview":"max-video-preview:-1"},"canonical":"https:\/\/www.proantic.com\/magazine\/emile-galle-bureau-art-nouveau-aux-ombelles\/","og_locale":"fr_FR","og_type":"article","og_title":"Emile Gall\u00e9 - Bureau Art Nouveau \"Aux Ombelles\" Le Magazine de Proantic","og_description":"Bureau en noyer massif moulur\u00e9 et finement sculpt\u00e9 \u00e0 d\u00e9cor de berces des pr\u00e9s. Plateau marquet\u00e9 d'ombelles et d'une libellule en vol, sur un fond de","og_url":"https:\/\/www.proantic.com\/magazine\/emile-galle-bureau-art-nouveau-aux-ombelles\/","og_site_name":"Le Magazine de Proantic","article_publisher":"https:\/\/www.facebook.com\/pages\/Proantic\/\/259180871793","article_published_time":"2022-08-25T09:04:34+00:00","article_modified_time":"2024-04-22T09:49:40+00:00","og_image":[{"width":800,"height":600,"url":"https:\/\/www.proantic.com\/magazine\/wp-content\/uploads\/2022\/08\/986612-alb-62f79b90dc415.jpg","type":"image\/jpeg"}],"author":"C\u00e9line Autant","twitter_misc":{"\u00c9crit par":"C\u00e9line Autant","Dur\u00e9e de lecture estim\u00e9e":"2 minutes"},"schema":{"@context":"https:\/\/schema.org","@graph":[{"@type":"Article","@id":"https:\/\/www.proantic.com\/magazine\/emile-galle-bureau-art-nouveau-aux-ombelles\/#article","isPartOf":{"@id":"https:\/\/www.proantic.com\/magazine\/emile-galle-bureau-art-nouveau-aux-ombelles\/"},"author":{"name":"C\u00e9line Autant","@id":"https:\/\/www.proantic.com\/magazine\/#\/schema\/person\/63707e8f4e7d0172de7ddde897688be0"},"headline":"Emile Gall\u00e9 &#8211; Bureau Art Nouveau \u00ab\u00a0Aux Ombelles\u00a0\u00bb","datePublished":"2022-08-25T09:04:34+00:00","dateModified":"2024-04-22T09:49:40+00:00","mainEntityOfPage":{"@id":"https:\/\/www.proantic.com\/magazine\/emile-galle-bureau-art-nouveau-aux-ombelles\/"},"wordCount":337,"image":{"@id":"https:\/\/www.proantic.com\/magazine\/emile-galle-bureau-art-nouveau-aux-ombelles\/#primaryimage"},"thumbnailUrl":"https:\/\/i0.wp.com\/www.proantic.com\/magazine\/wp-content\/uploads\/2022\/08\/986612-alb-62f79b90dc415.jpg?fit=800%2C600&ssl=1","articleSection":["Arts d\u00e9coratifs sur Proantic"],"inLanguage":"fr-FR"},{"@type":"WebPage","@id":"https:\/\/www.proantic.com\/magazine\/emile-galle-bureau-art-nouveau-aux-ombelles\/","url":"https:\/\/www.proantic.com\/magazine\/emile-galle-bureau-art-nouveau-aux-ombelles\/","name":"Emile Gall\u00e9 - Bureau Art Nouveau \"Aux Ombelles\" Le Magazine de Proantic","isPartOf":{"@id":"https:\/\/www.proantic.com\/magazine\/#website"},"primaryImageOfPage":{"@id":"https:\/\/www.proantic.com\/magazine\/emile-galle-bureau-art-nouveau-aux-ombelles\/#primaryimage"},"image":{"@id":"https:\/\/www.proantic.com\/magazine\/emile-galle-bureau-art-nouveau-aux-ombelles\/#primaryimage"},"thumbnailUrl":"https:\/\/i0.wp.com\/www.proantic.com\/magazine\/wp-content\/uploads\/2022\/08\/986612-alb-62f79b90dc415.jpg?fit=800%2C600&ssl=1","datePublished":"2022-08-25T09:04:34+00:00","dateModified":"2024-04-22T09:49:40+00:00","author":{"@id":"https:\/\/www.proantic.com\/magazine\/#\/schema\/person\/63707e8f4e7d0172de7ddde897688be0"},"description":"Bureau en noyer massif moulur\u00e9 et finement sculpt\u00e9 \u00e0 d\u00e9cor de berces des pr\u00e9s. Plateau marquet\u00e9 d'ombelles et d'une libellule en vol, sur un fond de","breadcrumb":{"@id":"https:\/\/www.proantic.com\/magazine\/emile-galle-bureau-art-nouveau-aux-ombelles\/#breadcrumb"},"inLanguage":"fr-FR","potentialAction":[{"@type":"ReadAction","target":["https:\/\/www.proantic.com\/magazine\/emile-galle-bureau-art-nouveau-aux-ombelles\/"]}]},{"@type":"ImageObject","inLanguage":"fr-FR","@id":"https:\/\/www.proantic.com\/magazine\/emile-galle-bureau-art-nouveau-aux-ombelles\/#primaryimage","url":"https:\/\/i0.wp.com\/www.proantic.com\/magazine\/wp-content\/uploads\/2022\/08\/986612-alb-62f79b90dc415.jpg?fit=800%2C600&ssl=1","contentUrl":"https:\/\/i0.wp.com\/www.proantic.com\/magazine\/wp-content\/uploads\/2022\/08\/986612-alb-62f79b90dc415.jpg?fit=800%2C600&ssl=1","width":800,"height":600},{"@type":"BreadcrumbList","@id":"https:\/\/www.proantic.com\/magazine\/emile-galle-bureau-art-nouveau-aux-ombelles\/#breadcrumb","itemListElement":[{"@type":"ListItem","position":1,"name":"Accueil","item":"https:\/\/www.proantic.com\/magazine\/"},{"@type":"ListItem","position":2,"name":"Emile Gall\u00e9 &#8211; Bureau Art Nouveau \u00ab\u00a0Aux Ombelles\u00a0\u00bb"}]},{"@type":"WebSite","@id":"https:\/\/www.proantic.com\/magazine\/#website","url":"https:\/\/www.proantic.com\/magazine\/","name":"Le Magazine de Proantic","description":"Magazine d&#039;art et expositions","potentialAction":[{"@type":"SearchAction","target":{"@type":"EntryPoint","urlTemplate":"https:\/\/www.proantic.com\/magazine\/?s={search_term_string}"},"query-input":{"@type":"PropertyValueSpecification","valueRequired":true,"valueName":"search_term_string"}}],"inLanguage":"fr-FR"},{"@type":"Person","@id":"https:\/\/www.proantic.com\/magazine\/#\/schema\/person\/63707e8f4e7d0172de7ddde897688be0","name":"C\u00e9line Autant"}]}},"jetpack_publicize_connections":[],"jetpack_featured_media_url":"https:\/\/i0.wp.com\/www.proantic.com\/magazine\/wp-content\/uploads\/2022\/08\/986612-alb-62f79b90dc415.jpg?fit=800%2C600&ssl=1","jetpack_shortlink":"https:\/\/wp.me\/p7EkP3-3RP","jetpack_sharing_enabled":true,"_links":{"self":[{"href":"https:\/\/www.proantic.com\/magazine\/wp-json\/wp\/v2\/posts\/14869","targetHints":{"allow":["GET"]}}],"collection":[{"href":"https:\/\/www.proantic.com\/magazine\/wp-json\/wp\/v2\/posts"}],"about":[{"href":"https:\/\/www.proantic.com\/magazine\/wp-json\/wp\/v2\/types\/post"}],"author":[{"embeddable":true,"href":"https:\/\/www.proantic.com\/magazine\/wp-json\/wp\/v2\/users\/6"}],"replies":[{"embeddable":true,"href":"https:\/\/www.proantic.com\/magazine\/wp-json\/wp\/v2\/comments?post=14869"}],"version-history":[{"count":2,"href":"https:\/\/www.proantic.com\/magazine\/wp-json\/wp\/v2\/posts\/14869\/revisions"}],"predecessor-version":[{"id":14881,"href":"https:\/\/www.proantic.com\/magazine\/wp-json\/wp\/v2\/posts\/14869\/revisions\/14881"}],"wp:featuredmedia":[{"embeddable":true,"href":"https:\/\/www.proantic.com\/magazine\/wp-json\/wp\/v2\/media\/14882"}],"wp:attachment":[{"href":"https:\/\/www.proantic.com\/magazine\/wp-json\/wp\/v2\/media?parent=14869"}],"wp:term":[{"taxonomy":"category","embeddable":true,"href":"https:\/\/www.proantic.com\/magazine\/wp-json\/wp\/v2\/categories?post=14869"},{"taxonomy":"post_tag","embeddable":true,"href":"https:\/\/www.proantic.com\/magazine\/wp-json\/wp\/v2\/tags?post=14869"}],"curies":[{"name":"wp","href":"https:\/\/api.w.org\/{rel}","templated":true}]}}