{"id":1442,"date":"2014-05-06T13:54:29","date_gmt":"2014-05-06T12:54:29","guid":{"rendered":"http:\/\/www.proantic.com\/magazine\/?p=1442"},"modified":"2017-12-18T09:07:04","modified_gmt":"2017-12-18T08:07:04","slug":"loeuf-paques-faberge-retrouve-au-etats-unis","status":"publish","type":"post","link":"https:\/\/www.proantic.com\/magazine\/loeuf-paques-faberge-retrouve-au-etats-unis\/","title":{"rendered":"L&rsquo;oeuf de P\u00e2ques de Faberg\u00e9 retrouv\u00e9 aux \u00c9tats Unis"},"content":{"rendered":"<p style=\"text-align: justify\"><strong>Cet oeuf du c\u00e9l\u00e8bre orf\u00e8vre Faberg\u00e9, \u00e9gar\u00e9 dans les ann\u00e9es 20, avait \u00e9t\u00e9 vu pour la derni\u00e8re fois en mars 1902<\/strong> dans le cadre d&rsquo;une exposition de la collection Faberg\u00e9 de la famille imp\u00e9riale russe \u00e0 Saint-P\u00e9tersbourg. Il avait ensuite \u00e9t\u00e9 confisqu\u00e9 lors de la r\u00e9volution russe et, en 1922, avait \u00e9t\u00e9 r\u00e9pertori\u00e9 \u00e0 Moscou comme un tr\u00e9sor \u00e0 vendre.<\/p>\n<figure id=\"attachment_1443\" aria-describedby=\"caption-attachment-1443\" style=\"width: 360px\" class=\"wp-caption aligncenter\"><a href=\"https:\/\/i0.wp.com\/www.proantic.com\/magazine\/wp-content\/uploads\/2014\/05\/95057263.jpg\"><img data-recalc-dims=\"1\" loading=\"lazy\" decoding=\"async\" data-attachment-id=\"1443\" data-permalink=\"https:\/\/www.proantic.com\/magazine\/loeuf-paques-faberge-retrouve-au-etats-unis\/attachment\/95057263\/\" data-orig-file=\"https:\/\/i0.wp.com\/www.proantic.com\/magazine\/wp-content\/uploads\/2014\/05\/95057263.jpg?fit=360%2C434&amp;ssl=1\" data-orig-size=\"360,434\" data-comments-opened=\"1\" data-image-meta=\"{&quot;aperture&quot;:&quot;0&quot;,&quot;credit&quot;:&quot;&quot;,&quot;camera&quot;:&quot;&quot;,&quot;caption&quot;:&quot;&quot;,&quot;created_timestamp&quot;:&quot;0&quot;,&quot;copyright&quot;:&quot;&quot;,&quot;focal_length&quot;:&quot;0&quot;,&quot;iso&quot;:&quot;0&quot;,&quot;shutter_speed&quot;:&quot;0&quot;,&quot;title&quot;:&quot;&quot;}\" data-image-title=\"L&amp;rsquo;oeuf imperial  de Faberg\u00e9 retrouv\u00e9\" data-image-description=\"\" data-image-caption=\"&lt;p&gt;L&amp;rsquo;oeuf imperial  de Faberg\u00e9 retrouv\u00e9&lt;br \/&gt;\n(c) Wartski&lt;\/p&gt;\n\" data-medium-file=\"https:\/\/i0.wp.com\/www.proantic.com\/magazine\/wp-content\/uploads\/2014\/05\/95057263.jpg?fit=248%2C300&amp;ssl=1\" data-large-file=\"https:\/\/i0.wp.com\/www.proantic.com\/magazine\/wp-content\/uploads\/2014\/05\/95057263.jpg?fit=360%2C434&amp;ssl=1\" class=\"size-full wp-image-1443\" src=\"https:\/\/i0.wp.com\/www.proantic.com\/magazine\/wp-content\/uploads\/2014\/05\/95057263.jpg?resize=360%2C434\" alt=\"L'oeuf imperial  de Faberg\u00e9 retrouv\u00e9\" width=\"360\" height=\"434\" srcset=\"https:\/\/i0.wp.com\/www.proantic.com\/magazine\/wp-content\/uploads\/2014\/05\/95057263.jpg?w=360&amp;ssl=1 360w, https:\/\/i0.wp.com\/www.proantic.com\/magazine\/wp-content\/uploads\/2014\/05\/95057263.jpg?resize=248%2C300&amp;ssl=1 248w\" sizes=\"auto, (max-width: 360px) 100vw, 360px\" \/><\/a><figcaption id=\"caption-attachment-1443\" class=\"wp-caption-text\">L&rsquo;oeuf imperial de Faberg\u00e9 retrouv\u00e9<br \/>(c) Wartski<\/figcaption><\/figure>\n<p style=\"text-align: justify\"><a href=\"http:\/\/storage.canalblog.com\/30\/77\/571940\/95057263_o.jpg\" data-lightbox=\"gal[1442]\" target=\"_blank\" name=\"IMG_95057263\"><\/a><span style=\"color: #ff0000\">A<\/span>chet\u00e9 16000 dollars pour sa valeur en or par un ferrailleur du Midwest am\u00e9ricain au march\u00e9 aux puces, l&rsquo;oeuf disparu de Faberg\u00e9, estim\u00e9e \u00e0 24 millions d&rsquo;euros, a \u00e9t\u00e9 rachet\u00e9 derni\u00e8rement au nom d&rsquo;un collectionneur priv\u00e9 par le joaillier Londonien Wartski. L\u2019oeuf, qui renferme une montre Vacheron Constantin, a \u00e9t\u00e9 r\u00e9alis\u00e9 par le joaillier russe Karl Faberg\u00e9 et offert par le tsar Alexandre III \u00e0 sa femme Maria Fiodorovna pour P\u00e2ques, en 1887.<\/p>\n<p style=\"text-align: justify\"><span style=\"color: #ff0000\">C<\/span>et objet haut de 8,2 cm, qui comporte un socle \u00e0 trois pieds, est le troisi\u00e8me des cinquante oeufs de P\u00e2ques r\u00e9alis\u00e9s par la maison Faberg\u00e9 pour la famille imp\u00e9riale russe, de 1885 \u00e0 1916. Cet oeuf est l\u2019un des huit qui \u00e9taient port\u00e9s manquants. Il n\u2019en resterait selon les experts plus que deux en circulation, les autres n\u2019ayant pas surv\u00e9cu \u00e0 la r\u00e9volution russe.<\/p>\n<p style=\"text-align: justify\"><span style=\"color: #ff0000\">L<\/span>es \u0153ufs de Faberg\u00e9 sont des objets pr\u00e9cieux cr\u00e9\u00e9s par le joaillier Pierre-Karl Faberg\u00e9. Les \u0153ufs les plus c\u00e9l\u00e8bres produits par la Maison de Faberg\u00e9 ont \u00e9t\u00e9 cr\u00e9\u00e9s pour Alexandre III et Nicolas II de Russie, qui les offraient \u00e0 leurs \u00e9pouses respectives, Maria Fedorovna et Alexandra Fedorovna , pour la f\u00eate de P\u00e2ques.<\/p>\n<span class=\"embed-youtube\" style=\"text-align:center; display: block;\"><iframe loading=\"lazy\" class=\"youtube-player\" width=\"665\" height=\"375\" src=\"https:\/\/www.youtube.com\/embed\/KHh2gsD00Gw?version=3&#038;rel=1&#038;showsearch=0&#038;showinfo=1&#038;iv_load_policy=1&#038;fs=1&#038;hl=fr-FR&#038;autohide=2&#038;wmode=transparent\" allowfullscreen=\"true\" style=\"border:0;\" sandbox=\"allow-scripts allow-same-origin allow-popups allow-presentation allow-popups-to-escape-sandbox\"><\/iframe><\/span>\n<p style=\"text-align: justify\"><span style=\"color: #ff0000\">S<\/span>ur les 50 r\u00e9alis\u00e9s, 43 existent encore. Deux autres \u0153ufs ont \u00e9t\u00e9 pr\u00e9vus mais non livr\u00e9s, les \u0153ufs Constellation et Bouleau de Car\u00e9lie pour 1918.Les \u0153ufs sont faits de m\u00e9taux pr\u00e9cieux ou de pierres dures d\u00e9cor\u00e9es avec des combinaisons d&rsquo;\u00e9mail et de pierres pr\u00e9cieuses. Le terme \u00ab \u0153uf de Faberg\u00e9 \u00bb est devenu un synonyme de luxe et les \u0153ufs sont consid\u00e9r\u00e9s comme des chefs-d&rsquo;\u0153uvre de l&rsquo;art du joaillier.<\/p>\n<p style=\"text-align: justify\"><span style=\"color: #ff0000\">L<\/span>&lsquo;histoire des oeufs commen\u00e7a lorsque le tsar Alexandre III d\u00e9cida d&rsquo;offrir \u00e0 sa femme l&rsquo;Imp\u00e9ratrice Maria Fedorovna un oeuf de P\u00e2ques\u00a0en 1885, peut-\u00eatre pour c\u00e9l\u00e9brer le vingti\u00e8me anniversaire de leurs fian\u00e7ailles. On pense que l&rsquo;inspiration du Tsar pour la pi\u00e8ce fut un \u0153uf poss\u00e9d\u00e9 par la tante de l&rsquo;Imp\u00e9ratrice, la princesse Wilhelmine Marie de Danemark, qui avait captiv\u00e9 l&rsquo;imagination de Maria dans son enfance. Connu sous le nom d&rsquo; oeuf \u00e0 la poule, il est en or.<\/p>\n<figure id=\"attachment_1446\" aria-describedby=\"caption-attachment-1446\" style=\"width: 350px\" class=\"wp-caption aligncenter\"><a href=\"https:\/\/i0.wp.com\/www.proantic.com\/magazine\/wp-content\/uploads\/2014\/05\/95057774.jpg\"><img data-recalc-dims=\"1\" loading=\"lazy\" decoding=\"async\" data-attachment-id=\"1446\" data-permalink=\"https:\/\/www.proantic.com\/magazine\/loeuf-paques-faberge-retrouve-au-etats-unis\/attachment\/95057774\/\" data-orig-file=\"https:\/\/i0.wp.com\/www.proantic.com\/magazine\/wp-content\/uploads\/2014\/05\/95057774.jpg?fit=350%2C403&amp;ssl=1\" data-orig-size=\"350,403\" data-comments-opened=\"1\" data-image-meta=\"{&quot;aperture&quot;:&quot;0&quot;,&quot;credit&quot;:&quot;&quot;,&quot;camera&quot;:&quot;&quot;,&quot;caption&quot;:&quot;&quot;,&quot;created_timestamp&quot;:&quot;0&quot;,&quot;copyright&quot;:&quot;&quot;,&quot;focal_length&quot;:&quot;0&quot;,&quot;iso&quot;:&quot;0&quot;,&quot;shutter_speed&quot;:&quot;0&quot;,&quot;title&quot;:&quot;&quot;}\" data-image-title=\"Oeuf imp\u00e9rial de Faberg\u00e9\" data-image-description=\"\" data-image-caption=\"&lt;p&gt;Oeuf imp\u00e9rial de Faberg\u00e9&lt;\/p&gt;\n\" data-medium-file=\"https:\/\/i0.wp.com\/www.proantic.com\/magazine\/wp-content\/uploads\/2014\/05\/95057774.jpg?fit=260%2C300&amp;ssl=1\" data-large-file=\"https:\/\/i0.wp.com\/www.proantic.com\/magazine\/wp-content\/uploads\/2014\/05\/95057774.jpg?fit=350%2C403&amp;ssl=1\" class=\"size-full wp-image-1446\" src=\"https:\/\/i0.wp.com\/www.proantic.com\/magazine\/wp-content\/uploads\/2014\/05\/95057774.jpg?resize=350%2C403\" alt=\"Oeuf imp\u00e9rial de Faberg\u00e9\" width=\"350\" height=\"403\" srcset=\"https:\/\/i0.wp.com\/www.proantic.com\/magazine\/wp-content\/uploads\/2014\/05\/95057774.jpg?w=350&amp;ssl=1 350w, https:\/\/i0.wp.com\/www.proantic.com\/magazine\/wp-content\/uploads\/2014\/05\/95057774.jpg?resize=260%2C300&amp;ssl=1 260w\" sizes=\"auto, (max-width: 350px) 100vw, 350px\" \/><\/a><figcaption id=\"caption-attachment-1446\" class=\"wp-caption-text\">Oeuf imp\u00e9rial de Faberg\u00e9<\/figcaption><\/figure>\n<p style=\"text-align: justify\"><span style=\"color: #ff0000\">S<\/span>a coquille blanche opaque \u00e9maill\u00e9e s&rsquo;ouvre pour r\u00e9v\u00e9ler sa premi\u00e8re surprise, un jaune d&rsquo;or jaune mat. Cela s&rsquo;ouvre pour r\u00e9v\u00e9ler une poule, de couleur or, qui s&rsquo;ouvre \u00e9galement. Il contient une r\u00e9plique de diamants minute de la Couronne Imp\u00e9riale \u00e0 partir duquel un petit pendentif rubis a \u00e9t\u00e9 suspendu. Malheureusement, ces deux derni\u00e8res surprises ont \u00e9t\u00e9 perdues.<\/p>\n<p style=\"text-align: justify\"><a href=\"http:\/\/storage.canalblog.com\/04\/11\/571940\/95057854_o.jpg\" data-lightbox=\"gal[1442]\" target=\"_blank\" name=\"IMG_95057854\"><\/a><span style=\"color: #ff0000\">L<\/span>&lsquo;imp\u00e9ratrice Marie \u00e9tait tellement enchant\u00e9e par cet \u0153uf qu&rsquo;Alexandre III nomma Faberg\u00e9 \u00ab\u00a0orf\u00e8vre par nomination sp\u00e9ciale \u00e0 la couronne imp\u00e9riale\u00a0\u00bb. Un autre \u0153uf fut command\u00e9 l&rsquo;ann\u00e9e suivante. Peter Carl Faberg\u00e9, qui a dirig\u00e9 la Chambre, avait apparemment une totale libert\u00e9 pour l&rsquo;avenir des oeufs Imp\u00e9riaux de P\u00e2ques.\u00a0Leurs dessins et mod\u00e8les deviennent plus complexes.<\/p>\n<figure id=\"attachment_1448\" aria-describedby=\"caption-attachment-1448\" style=\"width: 436px\" class=\"wp-caption aligncenter\"><a href=\"https:\/\/i0.wp.com\/www.proantic.com\/magazine\/wp-content\/uploads\/2014\/05\/95057980.jpg\"><img data-recalc-dims=\"1\" loading=\"lazy\" decoding=\"async\" data-attachment-id=\"1448\" data-permalink=\"https:\/\/www.proantic.com\/magazine\/loeuf-paques-faberge-retrouve-au-etats-unis\/attachment\/95057980\/\" data-orig-file=\"https:\/\/i0.wp.com\/www.proantic.com\/magazine\/wp-content\/uploads\/2014\/05\/95057980.jpg?fit=436%2C420&amp;ssl=1\" data-orig-size=\"436,420\" data-comments-opened=\"1\" data-image-meta=\"{&quot;aperture&quot;:&quot;0&quot;,&quot;credit&quot;:&quot;&quot;,&quot;camera&quot;:&quot;&quot;,&quot;caption&quot;:&quot;&quot;,&quot;created_timestamp&quot;:&quot;0&quot;,&quot;copyright&quot;:&quot;&quot;,&quot;focal_length&quot;:&quot;0&quot;,&quot;iso&quot;:&quot;0&quot;,&quot;shutter_speed&quot;:&quot;0&quot;,&quot;title&quot;:&quot;&quot;}\" data-image-title=\"Oeuf imp\u00e9rial de Faberg\u00e9\" data-image-description=\"\" data-image-caption=\"&lt;p&gt;Oeuf imp\u00e9rial de Faberg\u00e9&lt;\/p&gt;\n\" data-medium-file=\"https:\/\/i0.wp.com\/www.proantic.com\/magazine\/wp-content\/uploads\/2014\/05\/95057980.jpg?fit=300%2C288&amp;ssl=1\" data-large-file=\"https:\/\/i0.wp.com\/www.proantic.com\/magazine\/wp-content\/uploads\/2014\/05\/95057980.jpg?fit=436%2C420&amp;ssl=1\" class=\"size-full wp-image-1448\" src=\"https:\/\/i0.wp.com\/www.proantic.com\/magazine\/wp-content\/uploads\/2014\/05\/95057980.jpg?resize=436%2C420\" alt=\"Oeuf imp\u00e9rial de Faberg\u00e9\" width=\"436\" height=\"420\" srcset=\"https:\/\/i0.wp.com\/www.proantic.com\/magazine\/wp-content\/uploads\/2014\/05\/95057980.jpg?w=436&amp;ssl=1 436w, https:\/\/i0.wp.com\/www.proantic.com\/magazine\/wp-content\/uploads\/2014\/05\/95057980.jpg?resize=300%2C288&amp;ssl=1 300w\" sizes=\"auto, (max-width: 436px) 100vw, 436px\" \/><\/a><figcaption id=\"caption-attachment-1448\" class=\"wp-caption-text\">Oeuf imp\u00e9rial de Faberg\u00e9<\/figcaption><\/figure>\n<p style=\"text-align: justify\"><a href=\"http:\/\/storage.canalblog.com\/73\/73\/571940\/95058175_o.jpg\" data-lightbox=\"gal[1442]\" target=\"_blank\" name=\"IMG_95058175\"><\/a><span style=\"color: #ff0000\">S<\/span>elon la tradition familiale Faberg\u00e9, pas m\u00eame le tsar ne savait quelle forme ils allaient prendre\u00a0: la seule obligation \u00e9tait que chacun devait contenir une surprise. \u00c0 la mort de Alexandre III, le 1<sup>er<\/sup>novembre 1894, son fils offrit un \u0153uf de Faberg\u00e9 \u00e0 la fois \u00e0 son \u00e9pouse, l&rsquo;imp\u00e9ratrice Alexandra fedorovna et \u00e0 sa m\u00e8re, l&rsquo;imp\u00e9ratrice douairi\u00e8re Maria Fedorovna .<\/p>\n<p style=\"text-align: justify\"><a href=\"http:\/\/storage.canalblog.com\/81\/79\/571940\/95057980_o.jpg\" data-lightbox=\"gal[1442]\" target=\"_blank\" name=\"IMG_95057980\"><\/a><span style=\"color: #ff0000\">O<\/span>utre les \u0153ufs imp\u00e9riaux d&rsquo;autres \u0153ufs de Faberg\u00e9 furent command\u00e9s par quelques clients priv\u00e9s, tels que la duchesse de Malborough, les Rothschild et le prince Youssoupov. Parmi eux se trouve une s\u00e9rie de sept \u0153ufs r\u00e9alis\u00e9s pour l&rsquo;industriel Alexander Kelch.<\/p>\n<p>&nbsp;<\/p>\n","protected":false},"excerpt":{"rendered":"<p>Cet \u0153uf du c\u00e9l\u00e8bre orf\u00e8vre Faberg\u00e9, \u00e9gar\u00e9 dans les ann\u00e9es 20, avait \u00e9t\u00e9 vu pour la derni\u00e8re fois en mars 1902, dans le cadre d&rsquo;une exposition de la collection Faberg\u00e9 de la famille imp\u00e9riale russe \u00e0 Saint-P\u00e9tersbourg. Il avait ensuite \u00e9t\u00e9 confisqu\u00e9 lors de la r\u00e9volution russe et, en 1922, avait \u00e9t\u00e9 r\u00e9pertori\u00e9 \u00e0 Moscou comme un tr\u00e9sor \u00e0 vendre.<\/p>\n","protected":false},"author":6,"featured_media":1444,"comment_status":"closed","ping_status":"open","sticky":false,"template":"","format":"standard","meta":{"jetpack_post_was_ever_published":false,"_jetpack_newsletter_access":"","_jetpack_dont_email_post_to_subs":false,"_jetpack_newsletter_tier_id":0,"_jetpack_memberships_contains_paywalled_content":false,"_jetpack_memberships_contains_paid_content":false,"footnotes":"","jetpack_publicize_message":"","jetpack_publicize_feature_enabled":true,"jetpack_social_post_already_shared":true,"jetpack_social_options":{"image_generator_settings":{"template":"highway","default_image_id":0,"font":"","enabled":false},"version":2}},"categories":[297],"tags":[280,279,278,127],"class_list":["post-1442","post","type-post","status-publish","format-standard","has-post-thumbnail","hentry","category-instantanes","tag-faberge","tag-imperial","tag-oeuf","tag-orfevre"],"yoast_head":"<!-- This site is optimized with the Yoast SEO plugin v26.9 - https:\/\/yoast.com\/product\/yoast-seo-wordpress\/ -->\n<title>L&#039;oeuf de P\u00e2ques de Faberg\u00e9 retrouv\u00e9 aux \u00c9tats Unis Le Magazine de Proantic<\/title>\n<meta name=\"description\" content=\"Cet \u0153uf du c\u00e9l\u00e8bre orf\u00e8vre Faberg\u00e9, \u00e9gar\u00e9 dans les ann\u00e9es 20, avait \u00e9t\u00e9 vu pour la derni\u00e8re fois en mars 1902, dans le cadre d&#039;une exposition de la collection Faberg\u00e9 de la famille imp\u00e9riale russe \u00e0 Saint-P\u00e9tersbourg. Il avait ensuite \u00e9t\u00e9 confisqu\u00e9 lors de la r\u00e9volution russe et, en 1922, avait \u00e9t\u00e9 r\u00e9pertori\u00e9 \u00e0 Moscou comme un tr\u00e9sor \u00e0 vendre.\" \/>\n<meta name=\"robots\" content=\"index, follow, max-snippet:-1, max-image-preview:large, max-video-preview:-1\" \/>\n<link rel=\"canonical\" href=\"https:\/\/www.proantic.com\/magazine\/loeuf-paques-faberge-retrouve-au-etats-unis\/\" \/>\n<meta property=\"og:locale\" content=\"fr_FR\" \/>\n<meta property=\"og:type\" content=\"article\" \/>\n<meta property=\"og:title\" content=\"L&#039;oeuf de P\u00e2ques de Faberg\u00e9 retrouv\u00e9 aux \u00c9tats Unis Le Magazine de Proantic\" \/>\n<meta property=\"og:description\" content=\"Cet \u0153uf du c\u00e9l\u00e8bre orf\u00e8vre Faberg\u00e9, \u00e9gar\u00e9 dans les ann\u00e9es 20, avait \u00e9t\u00e9 vu pour la derni\u00e8re fois en mars 1902, dans le cadre d&#039;une exposition de la collection Faberg\u00e9 de la famille imp\u00e9riale russe \u00e0 Saint-P\u00e9tersbourg. Il avait ensuite \u00e9t\u00e9 confisqu\u00e9 lors de la r\u00e9volution russe et, en 1922, avait \u00e9t\u00e9 r\u00e9pertori\u00e9 \u00e0 Moscou comme un tr\u00e9sor \u00e0 vendre.\" \/>\n<meta property=\"og:url\" content=\"https:\/\/www.proantic.com\/magazine\/loeuf-paques-faberge-retrouve-au-etats-unis\/\" \/>\n<meta property=\"og:site_name\" content=\"Le Magazine de Proantic\" \/>\n<meta property=\"article:publisher\" content=\"https:\/\/www.facebook.com\/pages\/Proantic\/\/259180871793\" \/>\n<meta property=\"article:published_time\" content=\"2014-05-06T12:54:29+00:00\" \/>\n<meta property=\"article:modified_time\" content=\"2017-12-18T08:07:04+00:00\" \/>\n<meta property=\"og:image\" content=\"https:\/\/i0.wp.com\/www.proantic.com\/magazine\/wp-content\/uploads\/2014\/05\/95057283.jpg?fit=367%2C456&ssl=1\" \/>\n\t<meta property=\"og:image:width\" content=\"367\" \/>\n\t<meta property=\"og:image:height\" content=\"456\" \/>\n\t<meta property=\"og:image:type\" content=\"image\/jpeg\" \/>\n<meta name=\"author\" content=\"C\u00e9line Autant\" \/>\n<meta name=\"twitter:label1\" content=\"\u00c9crit par\" \/>\n\t<meta name=\"twitter:data1\" content=\"C\u00e9line Autant\" \/>\n\t<meta name=\"twitter:label2\" content=\"Dur\u00e9e de lecture estim\u00e9e\" \/>\n\t<meta name=\"twitter:data2\" content=\"4 minutes\" \/>\n<script type=\"application\/ld+json\" class=\"yoast-schema-graph\">{\"@context\":\"https:\/\/schema.org\",\"@graph\":[{\"@type\":\"Article\",\"@id\":\"https:\/\/www.proantic.com\/magazine\/loeuf-paques-faberge-retrouve-au-etats-unis\/#article\",\"isPartOf\":{\"@id\":\"https:\/\/www.proantic.com\/magazine\/loeuf-paques-faberge-retrouve-au-etats-unis\/\"},\"author\":{\"name\":\"C\u00e9line Autant\",\"@id\":\"https:\/\/www.proantic.com\/magazine\/#\/schema\/person\/63707e8f4e7d0172de7ddde897688be0\"},\"headline\":\"L&rsquo;oeuf de P\u00e2ques de Faberg\u00e9 retrouv\u00e9 aux \u00c9tats Unis\",\"datePublished\":\"2014-05-06T12:54:29+00:00\",\"dateModified\":\"2017-12-18T08:07:04+00:00\",\"mainEntityOfPage\":{\"@id\":\"https:\/\/www.proantic.com\/magazine\/loeuf-paques-faberge-retrouve-au-etats-unis\/\"},\"wordCount\":749,\"image\":{\"@id\":\"https:\/\/www.proantic.com\/magazine\/loeuf-paques-faberge-retrouve-au-etats-unis\/#primaryimage\"},\"thumbnailUrl\":\"https:\/\/i0.wp.com\/www.proantic.com\/magazine\/wp-content\/uploads\/2014\/05\/95057283.jpg?fit=367%2C456&ssl=1\",\"keywords\":[\"Faberg\u00e9\",\"imp\u00e9rial\",\"oeuf\",\"orf\u00e8vre\"],\"articleSection\":[\"Actualit\u00e9s du march\u00e9 de l'art\"],\"inLanguage\":\"fr-FR\"},{\"@type\":\"WebPage\",\"@id\":\"https:\/\/www.proantic.com\/magazine\/loeuf-paques-faberge-retrouve-au-etats-unis\/\",\"url\":\"https:\/\/www.proantic.com\/magazine\/loeuf-paques-faberge-retrouve-au-etats-unis\/\",\"name\":\"L'oeuf de P\u00e2ques de Faberg\u00e9 retrouv\u00e9 aux \u00c9tats Unis Le Magazine de Proantic\",\"isPartOf\":{\"@id\":\"https:\/\/www.proantic.com\/magazine\/#website\"},\"primaryImageOfPage\":{\"@id\":\"https:\/\/www.proantic.com\/magazine\/loeuf-paques-faberge-retrouve-au-etats-unis\/#primaryimage\"},\"image\":{\"@id\":\"https:\/\/www.proantic.com\/magazine\/loeuf-paques-faberge-retrouve-au-etats-unis\/#primaryimage\"},\"thumbnailUrl\":\"https:\/\/i0.wp.com\/www.proantic.com\/magazine\/wp-content\/uploads\/2014\/05\/95057283.jpg?fit=367%2C456&ssl=1\",\"datePublished\":\"2014-05-06T12:54:29+00:00\",\"dateModified\":\"2017-12-18T08:07:04+00:00\",\"author\":{\"@id\":\"https:\/\/www.proantic.com\/magazine\/#\/schema\/person\/63707e8f4e7d0172de7ddde897688be0\"},\"description\":\"Cet \u0153uf du c\u00e9l\u00e8bre orf\u00e8vre Faberg\u00e9, \u00e9gar\u00e9 dans les ann\u00e9es 20, avait \u00e9t\u00e9 vu pour la derni\u00e8re fois en mars 1902, dans le cadre d'une exposition de la collection Faberg\u00e9 de la famille imp\u00e9riale russe \u00e0 Saint-P\u00e9tersbourg. Il avait ensuite \u00e9t\u00e9 confisqu\u00e9 lors de la r\u00e9volution russe et, en 1922, avait \u00e9t\u00e9 r\u00e9pertori\u00e9 \u00e0 Moscou comme un tr\u00e9sor \u00e0 vendre.\",\"breadcrumb\":{\"@id\":\"https:\/\/www.proantic.com\/magazine\/loeuf-paques-faberge-retrouve-au-etats-unis\/#breadcrumb\"},\"inLanguage\":\"fr-FR\",\"potentialAction\":[{\"@type\":\"ReadAction\",\"target\":[\"https:\/\/www.proantic.com\/magazine\/loeuf-paques-faberge-retrouve-au-etats-unis\/\"]}]},{\"@type\":\"ImageObject\",\"inLanguage\":\"fr-FR\",\"@id\":\"https:\/\/www.proantic.com\/magazine\/loeuf-paques-faberge-retrouve-au-etats-unis\/#primaryimage\",\"url\":\"https:\/\/i0.wp.com\/www.proantic.com\/magazine\/wp-content\/uploads\/2014\/05\/95057283.jpg?fit=367%2C456&ssl=1\",\"contentUrl\":\"https:\/\/i0.wp.com\/www.proantic.com\/magazine\/wp-content\/uploads\/2014\/05\/95057283.jpg?fit=367%2C456&ssl=1\",\"width\":367,\"height\":456,\"caption\":\"L'oeuf imperial de Faberg\u00e9 retrouv\u00e9 (c) Wartski\"},{\"@type\":\"BreadcrumbList\",\"@id\":\"https:\/\/www.proantic.com\/magazine\/loeuf-paques-faberge-retrouve-au-etats-unis\/#breadcrumb\",\"itemListElement\":[{\"@type\":\"ListItem\",\"position\":1,\"name\":\"Accueil\",\"item\":\"https:\/\/www.proantic.com\/magazine\/\"},{\"@type\":\"ListItem\",\"position\":2,\"name\":\"L&rsquo;oeuf de P\u00e2ques de Faberg\u00e9 retrouv\u00e9 aux \u00c9tats Unis\"}]},{\"@type\":\"WebSite\",\"@id\":\"https:\/\/www.proantic.com\/magazine\/#website\",\"url\":\"https:\/\/www.proantic.com\/magazine\/\",\"name\":\"Le Magazine de Proantic\",\"description\":\"Magazine d&#039;art et expositions\",\"potentialAction\":[{\"@type\":\"SearchAction\",\"target\":{\"@type\":\"EntryPoint\",\"urlTemplate\":\"https:\/\/www.proantic.com\/magazine\/?s={search_term_string}\"},\"query-input\":{\"@type\":\"PropertyValueSpecification\",\"valueRequired\":true,\"valueName\":\"search_term_string\"}}],\"inLanguage\":\"fr-FR\"},{\"@type\":\"Person\",\"@id\":\"https:\/\/www.proantic.com\/magazine\/#\/schema\/person\/63707e8f4e7d0172de7ddde897688be0\",\"name\":\"C\u00e9line Autant\"}]}<\/script>\n<!-- \/ Yoast SEO plugin. -->","yoast_head_json":{"title":"L'oeuf de P\u00e2ques de Faberg\u00e9 retrouv\u00e9 aux \u00c9tats Unis Le Magazine de Proantic","description":"Cet \u0153uf du c\u00e9l\u00e8bre orf\u00e8vre Faberg\u00e9, \u00e9gar\u00e9 dans les ann\u00e9es 20, avait \u00e9t\u00e9 vu pour la derni\u00e8re fois en mars 1902, dans le cadre d'une exposition de la collection Faberg\u00e9 de la famille imp\u00e9riale russe \u00e0 Saint-P\u00e9tersbourg. Il avait ensuite \u00e9t\u00e9 confisqu\u00e9 lors de la r\u00e9volution russe et, en 1922, avait \u00e9t\u00e9 r\u00e9pertori\u00e9 \u00e0 Moscou comme un tr\u00e9sor \u00e0 vendre.","robots":{"index":"index","follow":"follow","max-snippet":"max-snippet:-1","max-image-preview":"max-image-preview:large","max-video-preview":"max-video-preview:-1"},"canonical":"https:\/\/www.proantic.com\/magazine\/loeuf-paques-faberge-retrouve-au-etats-unis\/","og_locale":"fr_FR","og_type":"article","og_title":"L'oeuf de P\u00e2ques de Faberg\u00e9 retrouv\u00e9 aux \u00c9tats Unis Le Magazine de Proantic","og_description":"Cet \u0153uf du c\u00e9l\u00e8bre orf\u00e8vre Faberg\u00e9, \u00e9gar\u00e9 dans les ann\u00e9es 20, avait \u00e9t\u00e9 vu pour la derni\u00e8re fois en mars 1902, dans le cadre d'une exposition de la collection Faberg\u00e9 de la famille imp\u00e9riale russe \u00e0 Saint-P\u00e9tersbourg. Il avait ensuite \u00e9t\u00e9 confisqu\u00e9 lors de la r\u00e9volution russe et, en 1922, avait \u00e9t\u00e9 r\u00e9pertori\u00e9 \u00e0 Moscou comme un tr\u00e9sor \u00e0 vendre.","og_url":"https:\/\/www.proantic.com\/magazine\/loeuf-paques-faberge-retrouve-au-etats-unis\/","og_site_name":"Le Magazine de Proantic","article_publisher":"https:\/\/www.facebook.com\/pages\/Proantic\/\/259180871793","article_published_time":"2014-05-06T12:54:29+00:00","article_modified_time":"2017-12-18T08:07:04+00:00","og_image":[{"width":367,"height":456,"url":"https:\/\/i0.wp.com\/www.proantic.com\/magazine\/wp-content\/uploads\/2014\/05\/95057283.jpg?fit=367%2C456&ssl=1","type":"image\/jpeg"}],"author":"C\u00e9line Autant","twitter_misc":{"\u00c9crit par":"C\u00e9line Autant","Dur\u00e9e de lecture estim\u00e9e":"4 minutes"},"schema":{"@context":"https:\/\/schema.org","@graph":[{"@type":"Article","@id":"https:\/\/www.proantic.com\/magazine\/loeuf-paques-faberge-retrouve-au-etats-unis\/#article","isPartOf":{"@id":"https:\/\/www.proantic.com\/magazine\/loeuf-paques-faberge-retrouve-au-etats-unis\/"},"author":{"name":"C\u00e9line Autant","@id":"https:\/\/www.proantic.com\/magazine\/#\/schema\/person\/63707e8f4e7d0172de7ddde897688be0"},"headline":"L&rsquo;oeuf de P\u00e2ques de Faberg\u00e9 retrouv\u00e9 aux \u00c9tats Unis","datePublished":"2014-05-06T12:54:29+00:00","dateModified":"2017-12-18T08:07:04+00:00","mainEntityOfPage":{"@id":"https:\/\/www.proantic.com\/magazine\/loeuf-paques-faberge-retrouve-au-etats-unis\/"},"wordCount":749,"image":{"@id":"https:\/\/www.proantic.com\/magazine\/loeuf-paques-faberge-retrouve-au-etats-unis\/#primaryimage"},"thumbnailUrl":"https:\/\/i0.wp.com\/www.proantic.com\/magazine\/wp-content\/uploads\/2014\/05\/95057283.jpg?fit=367%2C456&ssl=1","keywords":["Faberg\u00e9","imp\u00e9rial","oeuf","orf\u00e8vre"],"articleSection":["Actualit\u00e9s du march\u00e9 de l'art"],"inLanguage":"fr-FR"},{"@type":"WebPage","@id":"https:\/\/www.proantic.com\/magazine\/loeuf-paques-faberge-retrouve-au-etats-unis\/","url":"https:\/\/www.proantic.com\/magazine\/loeuf-paques-faberge-retrouve-au-etats-unis\/","name":"L'oeuf de P\u00e2ques de Faberg\u00e9 retrouv\u00e9 aux \u00c9tats Unis Le Magazine de Proantic","isPartOf":{"@id":"https:\/\/www.proantic.com\/magazine\/#website"},"primaryImageOfPage":{"@id":"https:\/\/www.proantic.com\/magazine\/loeuf-paques-faberge-retrouve-au-etats-unis\/#primaryimage"},"image":{"@id":"https:\/\/www.proantic.com\/magazine\/loeuf-paques-faberge-retrouve-au-etats-unis\/#primaryimage"},"thumbnailUrl":"https:\/\/i0.wp.com\/www.proantic.com\/magazine\/wp-content\/uploads\/2014\/05\/95057283.jpg?fit=367%2C456&ssl=1","datePublished":"2014-05-06T12:54:29+00:00","dateModified":"2017-12-18T08:07:04+00:00","author":{"@id":"https:\/\/www.proantic.com\/magazine\/#\/schema\/person\/63707e8f4e7d0172de7ddde897688be0"},"description":"Cet \u0153uf du c\u00e9l\u00e8bre orf\u00e8vre Faberg\u00e9, \u00e9gar\u00e9 dans les ann\u00e9es 20, avait \u00e9t\u00e9 vu pour la derni\u00e8re fois en mars 1902, dans le cadre d'une exposition de la collection Faberg\u00e9 de la famille imp\u00e9riale russe \u00e0 Saint-P\u00e9tersbourg. Il avait ensuite \u00e9t\u00e9 confisqu\u00e9 lors de la r\u00e9volution russe et, en 1922, avait \u00e9t\u00e9 r\u00e9pertori\u00e9 \u00e0 Moscou comme un tr\u00e9sor \u00e0 vendre.","breadcrumb":{"@id":"https:\/\/www.proantic.com\/magazine\/loeuf-paques-faberge-retrouve-au-etats-unis\/#breadcrumb"},"inLanguage":"fr-FR","potentialAction":[{"@type":"ReadAction","target":["https:\/\/www.proantic.com\/magazine\/loeuf-paques-faberge-retrouve-au-etats-unis\/"]}]},{"@type":"ImageObject","inLanguage":"fr-FR","@id":"https:\/\/www.proantic.com\/magazine\/loeuf-paques-faberge-retrouve-au-etats-unis\/#primaryimage","url":"https:\/\/i0.wp.com\/www.proantic.com\/magazine\/wp-content\/uploads\/2014\/05\/95057283.jpg?fit=367%2C456&ssl=1","contentUrl":"https:\/\/i0.wp.com\/www.proantic.com\/magazine\/wp-content\/uploads\/2014\/05\/95057283.jpg?fit=367%2C456&ssl=1","width":367,"height":456,"caption":"L'oeuf imperial de Faberg\u00e9 retrouv\u00e9 (c) Wartski"},{"@type":"BreadcrumbList","@id":"https:\/\/www.proantic.com\/magazine\/loeuf-paques-faberge-retrouve-au-etats-unis\/#breadcrumb","itemListElement":[{"@type":"ListItem","position":1,"name":"Accueil","item":"https:\/\/www.proantic.com\/magazine\/"},{"@type":"ListItem","position":2,"name":"L&rsquo;oeuf de P\u00e2ques de Faberg\u00e9 retrouv\u00e9 aux \u00c9tats Unis"}]},{"@type":"WebSite","@id":"https:\/\/www.proantic.com\/magazine\/#website","url":"https:\/\/www.proantic.com\/magazine\/","name":"Le Magazine de Proantic","description":"Magazine d&#039;art et expositions","potentialAction":[{"@type":"SearchAction","target":{"@type":"EntryPoint","urlTemplate":"https:\/\/www.proantic.com\/magazine\/?s={search_term_string}"},"query-input":{"@type":"PropertyValueSpecification","valueRequired":true,"valueName":"search_term_string"}}],"inLanguage":"fr-FR"},{"@type":"Person","@id":"https:\/\/www.proantic.com\/magazine\/#\/schema\/person\/63707e8f4e7d0172de7ddde897688be0","name":"C\u00e9line Autant"}]}},"jetpack_publicize_connections":[],"jetpack_featured_media_url":"https:\/\/i0.wp.com\/www.proantic.com\/magazine\/wp-content\/uploads\/2014\/05\/95057283.jpg?fit=367%2C456&ssl=1","jetpack_shortlink":"https:\/\/wp.me\/p7EkP3-ng","jetpack_sharing_enabled":true,"_links":{"self":[{"href":"https:\/\/www.proantic.com\/magazine\/wp-json\/wp\/v2\/posts\/1442","targetHints":{"allow":["GET"]}}],"collection":[{"href":"https:\/\/www.proantic.com\/magazine\/wp-json\/wp\/v2\/posts"}],"about":[{"href":"https:\/\/www.proantic.com\/magazine\/wp-json\/wp\/v2\/types\/post"}],"author":[{"embeddable":true,"href":"https:\/\/www.proantic.com\/magazine\/wp-json\/wp\/v2\/users\/6"}],"replies":[{"embeddable":true,"href":"https:\/\/www.proantic.com\/magazine\/wp-json\/wp\/v2\/comments?post=1442"}],"version-history":[{"count":0,"href":"https:\/\/www.proantic.com\/magazine\/wp-json\/wp\/v2\/posts\/1442\/revisions"}],"wp:featuredmedia":[{"embeddable":true,"href":"https:\/\/www.proantic.com\/magazine\/wp-json\/wp\/v2\/media\/1444"}],"wp:attachment":[{"href":"https:\/\/www.proantic.com\/magazine\/wp-json\/wp\/v2\/media?parent=1442"}],"wp:term":[{"taxonomy":"category","embeddable":true,"href":"https:\/\/www.proantic.com\/magazine\/wp-json\/wp\/v2\/categories?post=1442"},{"taxonomy":"post_tag","embeddable":true,"href":"https:\/\/www.proantic.com\/magazine\/wp-json\/wp\/v2\/tags?post=1442"}],"curies":[{"name":"wp","href":"https:\/\/api.w.org\/{rel}","templated":true}]}}