{"id":14384,"date":"2022-02-24T16:13:34","date_gmt":"2022-02-24T15:13:34","guid":{"rendered":"https:\/\/www.proantic.com\/magazine\/?p=14384"},"modified":"2022-02-24T16:31:55","modified_gmt":"2022-02-24T15:31:55","slug":"la-table-un-art-francais-du-xviie-a-nos-jours","status":"publish","type":"post","link":"https:\/\/www.proantic.com\/magazine\/la-table-un-art-francais-du-xviie-a-nos-jours\/","title":{"rendered":"La table, un art fran\u00e7ais du XVIIe \u00e0 nos jours"},"content":{"rendered":"\n<p><strong>Cette exposition propose au visiteur, \u00abd\u00eeneur\u00bb contemporain, de d\u00e9couvrir l\u2019\u00e9volution des usages fran\u00e7ais de la table au cours de cinq si\u00e8cles, d\u2019en comprendre les codes, les rituels et les innovations.<\/strong><\/p>\n\n\n\n<figure class=\"wp-block-embed-youtube wp-block-embed is-type-video is-provider-youtube wp-embed-aspect-16-9 wp-has-aspect-ratio\"><div class=\"wp-block-embed__wrapper\">\n<span class=\"embed-youtube\" style=\"text-align:center; display: block;\"><iframe loading=\"lazy\" class=\"youtube-player\" width=\"665\" height=\"375\" src=\"https:\/\/www.youtube.com\/embed\/_JoN3dAR0w4?version=3&#038;rel=1&#038;showsearch=0&#038;showinfo=1&#038;iv_load_policy=1&#038;fs=1&#038;hl=fr-FR&#038;autohide=2&#038;wmode=transparent\" allowfullscreen=\"true\" style=\"border:0;\" sandbox=\"allow-scripts allow-same-origin allow-popups allow-presentation allow-popups-to-escape-sandbox\"><\/iframe><\/span>\n<\/div><\/figure>\n\n\n\n<p>Pierre Provoyeur, conservateur g\u00e9n\u00e9ral du patrimoine, ancien sous directeur de la politique des mus\u00e9es de France, et Chantal Meslin Perrier, conservatrice g\u00e9n\u00e9rale du patrimoine, ancienne directrice du mus\u00e9e national Adrien Dubouch\u00e9 de Limoges, assureront le commissariat de cette exposition, la r\u00e9daction du catalogue et la sc\u00e9nographie.<\/p>\n\n\n\n<p>Ils nous dressent un premier portrait de la table fran\u00e7aise :<\/p>\n\n\n\n<p>\u00abQui commence vers 1770, \u00e9poque o\u00f9 apparut la salle \u00e0 manger, c\u2019est-\u00e0-dire une pi\u00e8ce d\u00e9volue au repas, et o\u00f9 se d\u00e9veloppe le \u201cservice \u00e0 la fran\u00e7aise\u201d.<br>Elle se poursuit au XIXe si\u00e8cle jusqu\u2019\u00e0 la Seconde Guerre mondiale, o\u00f9 le progr\u00e8s industriel, l\u2019apparition du \u201cservice \u00e0 la russe\u201d et le d\u00e9veloppement du restaurant modifient les usages de la table fran\u00e7aise.<br>Puis \u00e0 partir des ann\u00e9es 1950, alors que le service \u00e0 table tend \u00e0 dispara\u00eetre, la table devient un lieu de cr\u00e9ation artistique.\u00bb<\/p>\n\n\n\n<figure class=\"wp-block-embed-youtube wp-block-embed is-type-video is-provider-youtube wp-embed-aspect-16-9 wp-has-aspect-ratio\"><div class=\"wp-block-embed__wrapper\">\n<span class=\"embed-youtube\" style=\"text-align:center; display: block;\"><iframe loading=\"lazy\" class=\"youtube-player\" width=\"665\" height=\"375\" src=\"https:\/\/www.youtube.com\/embed\/22IuGZkkRyM?version=3&#038;rel=1&#038;showsearch=0&#038;showinfo=1&#038;iv_load_policy=1&#038;fs=1&#038;hl=fr-FR&#038;autohide=2&#038;wmode=transparent\" allowfullscreen=\"true\" style=\"border:0;\" sandbox=\"allow-scripts allow-same-origin allow-popups allow-presentation allow-popups-to-escape-sandbox\"><\/iframe><\/span>\n<\/div><\/figure>\n\n\n\n<p>Pour une visite instructive et divertissante, cette exposition liera inventions, d\u00e9couvertes agronomiques, progr\u00e8s techniques et \u00e9volution des codes sociaux.&nbsp;<em>\u00abUne grande diversit\u00e9 d\u2019objets, de mat\u00e9riaux, de repr\u00e9sentations iconographiques et d\u2019\u0153uvres d\u2019art ponctueront la mise en sc\u00e8ne avec pr\u00e8s de 600 \u0153uvres provenant en majorit\u00e9 des riches collections de divers mus\u00e9es des Beaux-Arts, des Arts D\u00e9coratifs fran\u00e7ais pour ne citer qu\u2019eux ou encore de particuliers comme Christofle, Bizot, David-Weill, Jund, Galerie Jacques Bailly, Clerc&#8230;\u00bb,<\/em>&nbsp;annoncent-ils.<\/p>\n\n\n\n<figure class=\"wp-block-image size-large\"><img data-recalc-dims=\"1\" loading=\"lazy\" decoding=\"async\" width=\"665\" height=\"546\" data-attachment-id=\"14388\" data-permalink=\"https:\/\/www.proantic.com\/magazine\/la-table-un-art-francais-du-xviie-a-nos-jours\/_dsc3423-2\/\" data-orig-file=\"https:\/\/i0.wp.com\/www.proantic.com\/magazine\/wp-content\/uploads\/2022\/02\/DSC3423-1.jpg?fit=700%2C575&amp;ssl=1\" data-orig-size=\"700,575\" data-comments-opened=\"1\" data-image-meta=\"{&quot;aperture&quot;:&quot;3.2&quot;,&quot;credit&quot;:&quot;Picasa&quot;,&quot;camera&quot;:&quot;NIKON D750&quot;,&quot;caption&quot;:&quot;&quot;,&quot;created_timestamp&quot;:&quot;1639651724&quot;,&quot;copyright&quot;:&quot;&quot;,&quot;focal_length&quot;:&quot;32&quot;,&quot;iso&quot;:&quot;2000&quot;,&quot;shutter_speed&quot;:&quot;0.066666666666667&quot;,&quot;title&quot;:&quot;&quot;,&quot;orientation&quot;:&quot;0&quot;}\" data-image-title=\"La table, un art fran\u00e7ais du XVIIe \u00e0 nos jours\" data-image-description=\"\" data-image-caption=\"\" data-medium-file=\"https:\/\/i0.wp.com\/www.proantic.com\/magazine\/wp-content\/uploads\/2022\/02\/DSC3423-1.jpg?fit=300%2C246&amp;ssl=1\" data-large-file=\"https:\/\/i0.wp.com\/www.proantic.com\/magazine\/wp-content\/uploads\/2022\/02\/DSC3423-1.jpg?fit=665%2C546&amp;ssl=1\" src=\"https:\/\/i0.wp.com\/www.proantic.com\/magazine\/wp-content\/uploads\/2022\/02\/DSC3423-1.jpg?resize=665%2C546&#038;ssl=1\" alt=\"\" class=\"wp-image-14388\" srcset=\"https:\/\/i0.wp.com\/www.proantic.com\/magazine\/wp-content\/uploads\/2022\/02\/DSC3423-1.jpg?w=700&amp;ssl=1 700w, https:\/\/i0.wp.com\/www.proantic.com\/magazine\/wp-content\/uploads\/2022\/02\/DSC3423-1.jpg?resize=300%2C246&amp;ssl=1 300w, https:\/\/i0.wp.com\/www.proantic.com\/magazine\/wp-content\/uploads\/2022\/02\/DSC3423-1.jpg?resize=180%2C148&amp;ssl=1 180w\" sizes=\"auto, (max-width: 665px) 100vw, 665px\" \/><\/figure>\n\n\n\n<p>Objets de table r\u00e9serv\u00e9s \u00e0 un usage sp\u00e9cifique ou \u00e9l\u00e9ments de d\u00e9cors, tous t\u00e9moigneront des mani\u00e8res de table ou encore de l\u2019ambiance du repas propres \u00e0 chaque \u00e9poque \u00e9voqu\u00e9e.&nbsp;<em>\u00abC\u2019est ainsi que se c\u00f4toieront aussi bien des objets du quotidien, des produits issus de manufactures c\u00e9l\u00e8bres \u00e0 l\u2019image de Christofle, S\u00e8vres, Limoges&#8230; et des objets cr\u00e9\u00e9s par des artistes contemporains comme Jean Dufy, Jean Luce, Ren\u00e9 Lalique, Louis Sue et Andr\u00e9 Mare, Arman, Anne et Patrick Poirier\u2026\u00bb<\/em>&nbsp;pr\u00e9cisent-ils.&nbsp;<\/p>\n\n\n\n<p>L\u2019exposition s\u2019enrichira \u00e9galement par la reconstitution d\u2019un dressoir d&rsquo;orf\u00e8vrerie, de tables dress\u00e9es des XVIIIe , XIXe et XXe si\u00e8cles comme la spectaculaire table de la salle \u00e0 manger de la Premi\u00e8re classe \u00e0 bord du paquebot le \u00abNormandie\u00bb, et d\u2019extraits de films t\u00e9moignant \u00e0 travers diverses mises en sc\u00e8ne du regard pos\u00e9 sur le repas par le cin\u00e9ma. L\u2019exposition sera accompagn\u00e9e d\u2019un ensemble d\u2019actions de m\u00e9diation et de conf\u00e9rences permettant \u00e0 chacun d\u2019approcher le propos dans les meilleures conditions.<\/p>\n\n\n\n<p>Exposition jusqu&rsquo;au 6\u00a0mars 2022.<\/p>\n\n\n\n<p>H\u00f4tel d\u00e9partemental des Expositions du Var,<br>1, bd Mar\u00e9chal Foch, Draguignan (83)<\/p>\n","protected":false},"excerpt":{"rendered":"<p>Cette exposition propose au visiteur, \u00abd\u00eeneur\u00bb contemporain, de d\u00e9couvrir l\u2019\u00e9volution des usages fran\u00e7ais de la table au cours de cinq si\u00e8cles, d\u2019en comprendre les codes, les rituels et les innovations. Pierre Provoyeur, conservateur g\u00e9n\u00e9ral du patrimoine, ancien sous directeur de la politique des mus\u00e9es de France, et Chantal Meslin Perrier, conservatrice g\u00e9n\u00e9rale du patrimoine, ancienne [&hellip;]<\/p>\n","protected":false},"author":6,"featured_media":14387,"comment_status":"closed","ping_status":"open","sticky":false,"template":"","format":"standard","meta":{"jetpack_post_was_ever_published":false,"_jetpack_newsletter_access":"","_jetpack_dont_email_post_to_subs":false,"_jetpack_newsletter_tier_id":0,"_jetpack_memberships_contains_paywalled_content":false,"_jetpack_memberships_contains_paid_content":false,"footnotes":"","jetpack_publicize_message":"","jetpack_publicize_feature_enabled":true,"jetpack_social_post_already_shared":true,"jetpack_social_options":{"image_generator_settings":{"template":"highway","default_image_id":0,"font":"","enabled":false},"version":2}},"categories":[12],"tags":[],"class_list":["post-14384","post","type-post","status-publish","format-standard","has-post-thumbnail","hentry","category-expositions"],"yoast_head":"<!-- This site is optimized with the Yoast SEO plugin v26.9 - https:\/\/yoast.com\/product\/yoast-seo-wordpress\/ -->\n<title>La table, un art fran\u00e7ais du XVIIe \u00e0 nos jours Le Magazine de Proantic<\/title>\n<meta name=\"description\" content=\"Cette exposition propose au visiteur, \u00abd\u00eeneur\u00bb contemporain, de d\u00e9couvrir l\u2019\u00e9volution des usages fran\u00e7ais de la table au cours de cinq si\u00e8cles, d\u2019en\" \/>\n<meta name=\"robots\" content=\"index, follow, max-snippet:-1, max-image-preview:large, max-video-preview:-1\" \/>\n<link rel=\"canonical\" href=\"https:\/\/www.proantic.com\/magazine\/la-table-un-art-francais-du-xviie-a-nos-jours\/\" \/>\n<meta property=\"og:locale\" content=\"fr_FR\" \/>\n<meta property=\"og:type\" content=\"article\" \/>\n<meta property=\"og:title\" content=\"La table, un art fran\u00e7ais du XVIIe \u00e0 nos jours Le Magazine de Proantic\" \/>\n<meta property=\"og:description\" content=\"Cette exposition propose au visiteur, \u00abd\u00eeneur\u00bb contemporain, de d\u00e9couvrir l\u2019\u00e9volution des usages fran\u00e7ais de la table au cours de cinq si\u00e8cles, d\u2019en\" \/>\n<meta property=\"og:url\" content=\"https:\/\/www.proantic.com\/magazine\/la-table-un-art-francais-du-xviie-a-nos-jours\/\" \/>\n<meta property=\"og:site_name\" content=\"Le Magazine de Proantic\" \/>\n<meta property=\"article:publisher\" content=\"https:\/\/www.facebook.com\/pages\/Proantic\/\/259180871793\" \/>\n<meta property=\"article:published_time\" content=\"2022-02-24T15:13:34+00:00\" \/>\n<meta property=\"article:modified_time\" content=\"2022-02-24T15:31:55+00:00\" \/>\n<meta property=\"og:image\" content=\"https:\/\/i0.wp.com\/www.proantic.com\/magazine\/wp-content\/uploads\/2022\/02\/269724672_371984194685030_6007209252001844376_n.jpg?fit=1000%2C667&ssl=1\" \/>\n\t<meta property=\"og:image:width\" content=\"1000\" \/>\n\t<meta property=\"og:image:height\" content=\"667\" \/>\n\t<meta property=\"og:image:type\" content=\"image\/jpeg\" \/>\n<meta name=\"author\" content=\"C\u00e9line Autant\" \/>\n<meta name=\"twitter:label1\" content=\"\u00c9crit par\" \/>\n\t<meta name=\"twitter:data1\" content=\"C\u00e9line Autant\" \/>\n\t<meta name=\"twitter:label2\" content=\"Dur\u00e9e de lecture estim\u00e9e\" \/>\n\t<meta name=\"twitter:data2\" content=\"2 minutes\" \/>\n<script type=\"application\/ld+json\" class=\"yoast-schema-graph\">{\"@context\":\"https:\/\/schema.org\",\"@graph\":[{\"@type\":\"Article\",\"@id\":\"https:\/\/www.proantic.com\/magazine\/la-table-un-art-francais-du-xviie-a-nos-jours\/#article\",\"isPartOf\":{\"@id\":\"https:\/\/www.proantic.com\/magazine\/la-table-un-art-francais-du-xviie-a-nos-jours\/\"},\"author\":{\"name\":\"C\u00e9line Autant\",\"@id\":\"https:\/\/www.proantic.com\/magazine\/#\/schema\/person\/63707e8f4e7d0172de7ddde897688be0\"},\"headline\":\"La table, un art fran\u00e7ais du XVIIe \u00e0 nos jours\",\"datePublished\":\"2022-02-24T15:13:34+00:00\",\"dateModified\":\"2022-02-24T15:31:55+00:00\",\"mainEntityOfPage\":{\"@id\":\"https:\/\/www.proantic.com\/magazine\/la-table-un-art-francais-du-xviie-a-nos-jours\/\"},\"wordCount\":508,\"image\":{\"@id\":\"https:\/\/www.proantic.com\/magazine\/la-table-un-art-francais-du-xviie-a-nos-jours\/#primaryimage\"},\"thumbnailUrl\":\"https:\/\/i0.wp.com\/www.proantic.com\/magazine\/wp-content\/uploads\/2022\/02\/269724672_371984194685030_6007209252001844376_n.jpg?fit=1000%2C667&ssl=1\",\"articleSection\":[\"Expositions\"],\"inLanguage\":\"fr-FR\"},{\"@type\":\"WebPage\",\"@id\":\"https:\/\/www.proantic.com\/magazine\/la-table-un-art-francais-du-xviie-a-nos-jours\/\",\"url\":\"https:\/\/www.proantic.com\/magazine\/la-table-un-art-francais-du-xviie-a-nos-jours\/\",\"name\":\"La table, un art fran\u00e7ais du XVIIe \u00e0 nos jours Le Magazine de Proantic\",\"isPartOf\":{\"@id\":\"https:\/\/www.proantic.com\/magazine\/#website\"},\"primaryImageOfPage\":{\"@id\":\"https:\/\/www.proantic.com\/magazine\/la-table-un-art-francais-du-xviie-a-nos-jours\/#primaryimage\"},\"image\":{\"@id\":\"https:\/\/www.proantic.com\/magazine\/la-table-un-art-francais-du-xviie-a-nos-jours\/#primaryimage\"},\"thumbnailUrl\":\"https:\/\/i0.wp.com\/www.proantic.com\/magazine\/wp-content\/uploads\/2022\/02\/269724672_371984194685030_6007209252001844376_n.jpg?fit=1000%2C667&ssl=1\",\"datePublished\":\"2022-02-24T15:13:34+00:00\",\"dateModified\":\"2022-02-24T15:31:55+00:00\",\"author\":{\"@id\":\"https:\/\/www.proantic.com\/magazine\/#\/schema\/person\/63707e8f4e7d0172de7ddde897688be0\"},\"description\":\"Cette exposition propose au visiteur, \u00abd\u00eeneur\u00bb contemporain, de d\u00e9couvrir l\u2019\u00e9volution des usages fran\u00e7ais de la table au cours de cinq si\u00e8cles, d\u2019en\",\"breadcrumb\":{\"@id\":\"https:\/\/www.proantic.com\/magazine\/la-table-un-art-francais-du-xviie-a-nos-jours\/#breadcrumb\"},\"inLanguage\":\"fr-FR\",\"potentialAction\":[{\"@type\":\"ReadAction\",\"target\":[\"https:\/\/www.proantic.com\/magazine\/la-table-un-art-francais-du-xviie-a-nos-jours\/\"]}]},{\"@type\":\"ImageObject\",\"inLanguage\":\"fr-FR\",\"@id\":\"https:\/\/www.proantic.com\/magazine\/la-table-un-art-francais-du-xviie-a-nos-jours\/#primaryimage\",\"url\":\"https:\/\/i0.wp.com\/www.proantic.com\/magazine\/wp-content\/uploads\/2022\/02\/269724672_371984194685030_6007209252001844376_n.jpg?fit=1000%2C667&ssl=1\",\"contentUrl\":\"https:\/\/i0.wp.com\/www.proantic.com\/magazine\/wp-content\/uploads\/2022\/02\/269724672_371984194685030_6007209252001844376_n.jpg?fit=1000%2C667&ssl=1\",\"width\":1000,\"height\":667},{\"@type\":\"BreadcrumbList\",\"@id\":\"https:\/\/www.proantic.com\/magazine\/la-table-un-art-francais-du-xviie-a-nos-jours\/#breadcrumb\",\"itemListElement\":[{\"@type\":\"ListItem\",\"position\":1,\"name\":\"Accueil\",\"item\":\"https:\/\/www.proantic.com\/magazine\/\"},{\"@type\":\"ListItem\",\"position\":2,\"name\":\"La table, un art fran\u00e7ais du XVIIe \u00e0 nos jours\"}]},{\"@type\":\"WebSite\",\"@id\":\"https:\/\/www.proantic.com\/magazine\/#website\",\"url\":\"https:\/\/www.proantic.com\/magazine\/\",\"name\":\"Le Magazine de Proantic\",\"description\":\"Magazine d&#039;art et expositions\",\"potentialAction\":[{\"@type\":\"SearchAction\",\"target\":{\"@type\":\"EntryPoint\",\"urlTemplate\":\"https:\/\/www.proantic.com\/magazine\/?s={search_term_string}\"},\"query-input\":{\"@type\":\"PropertyValueSpecification\",\"valueRequired\":true,\"valueName\":\"search_term_string\"}}],\"inLanguage\":\"fr-FR\"},{\"@type\":\"Person\",\"@id\":\"https:\/\/www.proantic.com\/magazine\/#\/schema\/person\/63707e8f4e7d0172de7ddde897688be0\",\"name\":\"C\u00e9line Autant\"}]}<\/script>\n<!-- \/ Yoast SEO plugin. -->","yoast_head_json":{"title":"La table, un art fran\u00e7ais du XVIIe \u00e0 nos jours Le Magazine de Proantic","description":"Cette exposition propose au visiteur, \u00abd\u00eeneur\u00bb contemporain, de d\u00e9couvrir l\u2019\u00e9volution des usages fran\u00e7ais de la table au cours de cinq si\u00e8cles, d\u2019en","robots":{"index":"index","follow":"follow","max-snippet":"max-snippet:-1","max-image-preview":"max-image-preview:large","max-video-preview":"max-video-preview:-1"},"canonical":"https:\/\/www.proantic.com\/magazine\/la-table-un-art-francais-du-xviie-a-nos-jours\/","og_locale":"fr_FR","og_type":"article","og_title":"La table, un art fran\u00e7ais du XVIIe \u00e0 nos jours Le Magazine de Proantic","og_description":"Cette exposition propose au visiteur, \u00abd\u00eeneur\u00bb contemporain, de d\u00e9couvrir l\u2019\u00e9volution des usages fran\u00e7ais de la table au cours de cinq si\u00e8cles, d\u2019en","og_url":"https:\/\/www.proantic.com\/magazine\/la-table-un-art-francais-du-xviie-a-nos-jours\/","og_site_name":"Le Magazine de Proantic","article_publisher":"https:\/\/www.facebook.com\/pages\/Proantic\/\/259180871793","article_published_time":"2022-02-24T15:13:34+00:00","article_modified_time":"2022-02-24T15:31:55+00:00","og_image":[{"width":1000,"height":667,"url":"https:\/\/i0.wp.com\/www.proantic.com\/magazine\/wp-content\/uploads\/2022\/02\/269724672_371984194685030_6007209252001844376_n.jpg?fit=1000%2C667&ssl=1","type":"image\/jpeg"}],"author":"C\u00e9line Autant","twitter_misc":{"\u00c9crit par":"C\u00e9line Autant","Dur\u00e9e de lecture estim\u00e9e":"2 minutes"},"schema":{"@context":"https:\/\/schema.org","@graph":[{"@type":"Article","@id":"https:\/\/www.proantic.com\/magazine\/la-table-un-art-francais-du-xviie-a-nos-jours\/#article","isPartOf":{"@id":"https:\/\/www.proantic.com\/magazine\/la-table-un-art-francais-du-xviie-a-nos-jours\/"},"author":{"name":"C\u00e9line Autant","@id":"https:\/\/www.proantic.com\/magazine\/#\/schema\/person\/63707e8f4e7d0172de7ddde897688be0"},"headline":"La table, un art fran\u00e7ais du XVIIe \u00e0 nos jours","datePublished":"2022-02-24T15:13:34+00:00","dateModified":"2022-02-24T15:31:55+00:00","mainEntityOfPage":{"@id":"https:\/\/www.proantic.com\/magazine\/la-table-un-art-francais-du-xviie-a-nos-jours\/"},"wordCount":508,"image":{"@id":"https:\/\/www.proantic.com\/magazine\/la-table-un-art-francais-du-xviie-a-nos-jours\/#primaryimage"},"thumbnailUrl":"https:\/\/i0.wp.com\/www.proantic.com\/magazine\/wp-content\/uploads\/2022\/02\/269724672_371984194685030_6007209252001844376_n.jpg?fit=1000%2C667&ssl=1","articleSection":["Expositions"],"inLanguage":"fr-FR"},{"@type":"WebPage","@id":"https:\/\/www.proantic.com\/magazine\/la-table-un-art-francais-du-xviie-a-nos-jours\/","url":"https:\/\/www.proantic.com\/magazine\/la-table-un-art-francais-du-xviie-a-nos-jours\/","name":"La table, un art fran\u00e7ais du XVIIe \u00e0 nos jours Le Magazine de Proantic","isPartOf":{"@id":"https:\/\/www.proantic.com\/magazine\/#website"},"primaryImageOfPage":{"@id":"https:\/\/www.proantic.com\/magazine\/la-table-un-art-francais-du-xviie-a-nos-jours\/#primaryimage"},"image":{"@id":"https:\/\/www.proantic.com\/magazine\/la-table-un-art-francais-du-xviie-a-nos-jours\/#primaryimage"},"thumbnailUrl":"https:\/\/i0.wp.com\/www.proantic.com\/magazine\/wp-content\/uploads\/2022\/02\/269724672_371984194685030_6007209252001844376_n.jpg?fit=1000%2C667&ssl=1","datePublished":"2022-02-24T15:13:34+00:00","dateModified":"2022-02-24T15:31:55+00:00","author":{"@id":"https:\/\/www.proantic.com\/magazine\/#\/schema\/person\/63707e8f4e7d0172de7ddde897688be0"},"description":"Cette exposition propose au visiteur, \u00abd\u00eeneur\u00bb contemporain, de d\u00e9couvrir l\u2019\u00e9volution des usages fran\u00e7ais de la table au cours de cinq si\u00e8cles, d\u2019en","breadcrumb":{"@id":"https:\/\/www.proantic.com\/magazine\/la-table-un-art-francais-du-xviie-a-nos-jours\/#breadcrumb"},"inLanguage":"fr-FR","potentialAction":[{"@type":"ReadAction","target":["https:\/\/www.proantic.com\/magazine\/la-table-un-art-francais-du-xviie-a-nos-jours\/"]}]},{"@type":"ImageObject","inLanguage":"fr-FR","@id":"https:\/\/www.proantic.com\/magazine\/la-table-un-art-francais-du-xviie-a-nos-jours\/#primaryimage","url":"https:\/\/i0.wp.com\/www.proantic.com\/magazine\/wp-content\/uploads\/2022\/02\/269724672_371984194685030_6007209252001844376_n.jpg?fit=1000%2C667&ssl=1","contentUrl":"https:\/\/i0.wp.com\/www.proantic.com\/magazine\/wp-content\/uploads\/2022\/02\/269724672_371984194685030_6007209252001844376_n.jpg?fit=1000%2C667&ssl=1","width":1000,"height":667},{"@type":"BreadcrumbList","@id":"https:\/\/www.proantic.com\/magazine\/la-table-un-art-francais-du-xviie-a-nos-jours\/#breadcrumb","itemListElement":[{"@type":"ListItem","position":1,"name":"Accueil","item":"https:\/\/www.proantic.com\/magazine\/"},{"@type":"ListItem","position":2,"name":"La table, un art fran\u00e7ais du XVIIe \u00e0 nos jours"}]},{"@type":"WebSite","@id":"https:\/\/www.proantic.com\/magazine\/#website","url":"https:\/\/www.proantic.com\/magazine\/","name":"Le Magazine de Proantic","description":"Magazine d&#039;art et expositions","potentialAction":[{"@type":"SearchAction","target":{"@type":"EntryPoint","urlTemplate":"https:\/\/www.proantic.com\/magazine\/?s={search_term_string}"},"query-input":{"@type":"PropertyValueSpecification","valueRequired":true,"valueName":"search_term_string"}}],"inLanguage":"fr-FR"},{"@type":"Person","@id":"https:\/\/www.proantic.com\/magazine\/#\/schema\/person\/63707e8f4e7d0172de7ddde897688be0","name":"C\u00e9line Autant"}]}},"jetpack_publicize_connections":[],"jetpack_featured_media_url":"https:\/\/i0.wp.com\/www.proantic.com\/magazine\/wp-content\/uploads\/2022\/02\/269724672_371984194685030_6007209252001844376_n.jpg?fit=1000%2C667&ssl=1","jetpack_shortlink":"https:\/\/wp.me\/p7EkP3-3K0","jetpack_sharing_enabled":true,"_links":{"self":[{"href":"https:\/\/www.proantic.com\/magazine\/wp-json\/wp\/v2\/posts\/14384","targetHints":{"allow":["GET"]}}],"collection":[{"href":"https:\/\/www.proantic.com\/magazine\/wp-json\/wp\/v2\/posts"}],"about":[{"href":"https:\/\/www.proantic.com\/magazine\/wp-json\/wp\/v2\/types\/post"}],"author":[{"embeddable":true,"href":"https:\/\/www.proantic.com\/magazine\/wp-json\/wp\/v2\/users\/6"}],"replies":[{"embeddable":true,"href":"https:\/\/www.proantic.com\/magazine\/wp-json\/wp\/v2\/comments?post=14384"}],"version-history":[{"count":2,"href":"https:\/\/www.proantic.com\/magazine\/wp-json\/wp\/v2\/posts\/14384\/revisions"}],"predecessor-version":[{"id":14389,"href":"https:\/\/www.proantic.com\/magazine\/wp-json\/wp\/v2\/posts\/14384\/revisions\/14389"}],"wp:featuredmedia":[{"embeddable":true,"href":"https:\/\/www.proantic.com\/magazine\/wp-json\/wp\/v2\/media\/14387"}],"wp:attachment":[{"href":"https:\/\/www.proantic.com\/magazine\/wp-json\/wp\/v2\/media?parent=14384"}],"wp:term":[{"taxonomy":"category","embeddable":true,"href":"https:\/\/www.proantic.com\/magazine\/wp-json\/wp\/v2\/categories?post=14384"},{"taxonomy":"post_tag","embeddable":true,"href":"https:\/\/www.proantic.com\/magazine\/wp-json\/wp\/v2\/tags?post=14384"}],"curies":[{"name":"wp","href":"https:\/\/api.w.org\/{rel}","templated":true}]}}