{"id":14226,"date":"2022-01-12T13:42:57","date_gmt":"2022-01-12T12:42:57","guid":{"rendered":"https:\/\/www.proantic.com\/magazine\/?p=14226"},"modified":"2024-04-22T10:55:49","modified_gmt":"2024-04-22T09:55:49","slug":"faience-dite-terre-noire-de-namur","status":"publish","type":"post","link":"https:\/\/www.proantic.com\/magazine\/faience-dite-terre-noire-de-namur\/","title":{"rendered":"Fa\u00efence, dite terre noire de Namur"},"content":{"rendered":"\n<p><strong>La fine fa\u00efence noire de Namur est particuli\u00e8re dans la production namuroise de la fin du XVIII\u00e8me si\u00e8cle.<\/strong> Il s\u2019agit d\u2019une p\u00e2te dure, brun rouge, tr\u00e8s fonc\u00e9e, quasi noire qui se rapproche fortement d\u2019un gr\u00e8s rouge fin, avec une gla\u00e7ure noire vitrifi\u00e9e tr\u00e8s brillante et de riches garnitures d\u2019argent finement cisel\u00e9s. Sa couleur s\u2019inspire des terres cuites britanniques.<\/p>\n\n\n\n<figure class=\"wp-block-image size-large\"><img data-recalc-dims=\"1\" loading=\"lazy\" decoding=\"async\" width=\"665\" height=\"1000\" data-attachment-id=\"14231\" data-permalink=\"https:\/\/www.proantic.com\/magazine\/faience-dite-terre-noire-de-namur\/870529-main-61b7b5646fd2d\/\" data-orig-file=\"https:\/\/i0.wp.com\/www.proantic.com\/magazine\/wp-content\/uploads\/2022\/01\/870529-main-61b7b5646fd2d.jpg?fit=798%2C1200&amp;ssl=1\" data-orig-size=\"798,1200\" data-comments-opened=\"1\" data-image-meta=\"{&quot;aperture&quot;:&quot;0&quot;,&quot;credit&quot;:&quot;&quot;,&quot;camera&quot;:&quot;&quot;,&quot;caption&quot;:&quot;&quot;,&quot;created_timestamp&quot;:&quot;0&quot;,&quot;copyright&quot;:&quot;&quot;,&quot;focal_length&quot;:&quot;0&quot;,&quot;iso&quot;:&quot;0&quot;,&quot;shutter_speed&quot;:&quot;0&quot;,&quot;title&quot;:&quot;&quot;,&quot;orientation&quot;:&quot;0&quot;}\" data-image-title=\"Verseuse ou cafeti\u00e8re en terre noire de Namur\" data-image-description=\"\" data-image-caption=\"&lt;p&gt;Verseuse ou cafeti\u00e8re en terre noire de Namur &lt;\/p&gt;\n\" data-medium-file=\"https:\/\/i0.wp.com\/www.proantic.com\/magazine\/wp-content\/uploads\/2022\/01\/870529-main-61b7b5646fd2d.jpg?fit=200%2C300&amp;ssl=1\" data-large-file=\"https:\/\/i0.wp.com\/www.proantic.com\/magazine\/wp-content\/uploads\/2022\/01\/870529-main-61b7b5646fd2d.jpg?fit=665%2C1000&amp;ssl=1\" src=\"https:\/\/i0.wp.com\/www.proantic.com\/magazine\/wp-content\/uploads\/2022\/01\/870529-main-61b7b5646fd2d.jpg?resize=665%2C1000&#038;ssl=1\" alt=\"\" class=\"wp-image-14231\" srcset=\"https:\/\/i0.wp.com\/www.proantic.com\/magazine\/wp-content\/uploads\/2022\/01\/870529-main-61b7b5646fd2d.jpg?resize=681%2C1024&amp;ssl=1 681w, https:\/\/i0.wp.com\/www.proantic.com\/magazine\/wp-content\/uploads\/2022\/01\/870529-main-61b7b5646fd2d.jpg?resize=200%2C300&amp;ssl=1 200w, https:\/\/i0.wp.com\/www.proantic.com\/magazine\/wp-content\/uploads\/2022\/01\/870529-main-61b7b5646fd2d.jpg?resize=768%2C1155&amp;ssl=1 768w, https:\/\/i0.wp.com\/www.proantic.com\/magazine\/wp-content\/uploads\/2022\/01\/870529-main-61b7b5646fd2d.jpg?resize=120%2C180&amp;ssl=1 120w, https:\/\/i0.wp.com\/www.proantic.com\/magazine\/wp-content\/uploads\/2022\/01\/870529-main-61b7b5646fd2d.jpg?w=798&amp;ssl=1 798w\" sizes=\"auto, (max-width: 665px) 100vw, 665px\" \/><figcaption>Verseuse ou cafeti\u00e8re en terre noire de Namur, XVIII\u00e8me . (c) <a href=\"https:\/\/www.proantic.com\/galerie\/ferrara-losma-antiquites\/\">Ferrara-Losma Antiquit\u00e9s<\/a>, Proantic<\/figcaption><\/figure>\n\n\n\n<p> Dans la seconde moiti\u00e9 du 18\u00e8me si\u00e8cle, l\u2019industrie c\u00e9ramique s\u2019est fortement d\u00e9velopp\u00e9e en Angleterre et des vari\u00e9t\u00e9s nouvelles, notamment noires, y ont \u00e9t\u00e9 cr\u00e9\u00e9es.<\/p>\n\n\n\n<figure class=\"wp-block-image size-large\"><img data-recalc-dims=\"1\" loading=\"lazy\" decoding=\"async\" width=\"665\" height=\"442\" data-attachment-id=\"14233\" data-permalink=\"https:\/\/www.proantic.com\/magazine\/faience-dite-terre-noire-de-namur\/880070-61d57795a37d1\/\" data-orig-file=\"https:\/\/i0.wp.com\/www.proantic.com\/magazine\/wp-content\/uploads\/2022\/01\/880070-61d57795a37d1.jpg?fit=1200%2C797&amp;ssl=1\" data-orig-size=\"1200,797\" data-comments-opened=\"1\" data-image-meta=\"{&quot;aperture&quot;:&quot;0&quot;,&quot;credit&quot;:&quot;&quot;,&quot;camera&quot;:&quot;&quot;,&quot;caption&quot;:&quot;&quot;,&quot;created_timestamp&quot;:&quot;0&quot;,&quot;copyright&quot;:&quot;&quot;,&quot;focal_length&quot;:&quot;0&quot;,&quot;iso&quot;:&quot;0&quot;,&quot;shutter_speed&quot;:&quot;0&quot;,&quot;title&quot;:&quot;&quot;,&quot;orientation&quot;:&quot;0&quot;}\" data-image-title=\"Th\u00e9i\u00e8re en fa\u00efence de Namur avec monture en argent\" data-image-description=\"\" data-image-caption=\"&lt;p&gt;Th\u00e9i\u00e8re en fa\u00efence de Namur avec monture en argent.&lt;\/p&gt;\n\" data-medium-file=\"https:\/\/i0.wp.com\/www.proantic.com\/magazine\/wp-content\/uploads\/2022\/01\/880070-61d57795a37d1.jpg?fit=300%2C199&amp;ssl=1\" data-large-file=\"https:\/\/i0.wp.com\/www.proantic.com\/magazine\/wp-content\/uploads\/2022\/01\/880070-61d57795a37d1.jpg?fit=665%2C442&amp;ssl=1\" src=\"https:\/\/i0.wp.com\/www.proantic.com\/magazine\/wp-content\/uploads\/2022\/01\/880070-61d57795a37d1.jpg?resize=665%2C442&#038;ssl=1\" alt=\"\" class=\"wp-image-14233\" srcset=\"https:\/\/i0.wp.com\/www.proantic.com\/magazine\/wp-content\/uploads\/2022\/01\/880070-61d57795a37d1.jpg?resize=1024%2C680&amp;ssl=1 1024w, https:\/\/i0.wp.com\/www.proantic.com\/magazine\/wp-content\/uploads\/2022\/01\/880070-61d57795a37d1.jpg?resize=300%2C199&amp;ssl=1 300w, https:\/\/i0.wp.com\/www.proantic.com\/magazine\/wp-content\/uploads\/2022\/01\/880070-61d57795a37d1.jpg?resize=768%2C510&amp;ssl=1 768w, https:\/\/i0.wp.com\/www.proantic.com\/magazine\/wp-content\/uploads\/2022\/01\/880070-61d57795a37d1.jpg?resize=180%2C120&amp;ssl=1 180w, https:\/\/i0.wp.com\/www.proantic.com\/magazine\/wp-content\/uploads\/2022\/01\/880070-61d57795a37d1.jpg?w=1200&amp;ssl=1 1200w\" sizes=\"auto, (max-width: 665px) 100vw, 665px\" \/><figcaption>Th\u00e9i\u00e8re en fa\u00efence de Namur avec monture en argent. XVIII\u00e8me (c) <a href=\"https:\/\/www.proantic.com\/galerie\/philip-van-collem-antiques\/\">Philip Van Collem Antiques<\/a>, Proantic<\/figcaption><\/figure>\n\n\n\n<p>De fait, nombre de fabriques de c\u00e9ramique ont, en Belgique, \u00e0 la fin du XVIIIe si\u00e8cle, imit\u00e9 les terres noires anglaises. Il suffit de voir certaines productions de Sept-Fontaines, Nimy-lez-Mons, Oostmalle, Bruxelles, Andenne et surtout Namur. <\/p>\n\n\n\n<figure class=\"wp-block-image size-large\"><img data-recalc-dims=\"1\" loading=\"lazy\" decoding=\"async\" width=\"665\" height=\"442\" data-attachment-id=\"14234\" data-permalink=\"https:\/\/www.proantic.com\/magazine\/faience-dite-terre-noire-de-namur\/880070-61d577c56e6eb\/\" data-orig-file=\"https:\/\/i0.wp.com\/www.proantic.com\/magazine\/wp-content\/uploads\/2022\/01\/880070-61d577c56e6eb.jpg?fit=1200%2C797&amp;ssl=1\" data-orig-size=\"1200,797\" data-comments-opened=\"1\" data-image-meta=\"{&quot;aperture&quot;:&quot;0&quot;,&quot;credit&quot;:&quot;&quot;,&quot;camera&quot;:&quot;&quot;,&quot;caption&quot;:&quot;&quot;,&quot;created_timestamp&quot;:&quot;0&quot;,&quot;copyright&quot;:&quot;&quot;,&quot;focal_length&quot;:&quot;0&quot;,&quot;iso&quot;:&quot;0&quot;,&quot;shutter_speed&quot;:&quot;0&quot;,&quot;title&quot;:&quot;&quot;,&quot;orientation&quot;:&quot;0&quot;}\" data-image-title=\"Th\u00e9i\u00e8re en fa\u00efence de Namur avec monture en argent. (c) Philip Van Collem Antiques, Proantic\" data-image-description=\"\" data-image-caption=\"&lt;p&gt;Th\u00e9i\u00e8re en fa\u00efence de Namur avec monture en argent. (c) Philip Van Collem Antiques, Proantic&lt;\/p&gt;\n\" data-medium-file=\"https:\/\/i0.wp.com\/www.proantic.com\/magazine\/wp-content\/uploads\/2022\/01\/880070-61d577c56e6eb.jpg?fit=300%2C199&amp;ssl=1\" data-large-file=\"https:\/\/i0.wp.com\/www.proantic.com\/magazine\/wp-content\/uploads\/2022\/01\/880070-61d577c56e6eb.jpg?fit=665%2C442&amp;ssl=1\" src=\"https:\/\/i0.wp.com\/www.proantic.com\/magazine\/wp-content\/uploads\/2022\/01\/880070-61d577c56e6eb.jpg?resize=665%2C442&#038;ssl=1\" alt=\"\" class=\"wp-image-14234\" srcset=\"https:\/\/i0.wp.com\/www.proantic.com\/magazine\/wp-content\/uploads\/2022\/01\/880070-61d577c56e6eb.jpg?resize=1024%2C680&amp;ssl=1 1024w, https:\/\/i0.wp.com\/www.proantic.com\/magazine\/wp-content\/uploads\/2022\/01\/880070-61d577c56e6eb.jpg?resize=300%2C199&amp;ssl=1 300w, https:\/\/i0.wp.com\/www.proantic.com\/magazine\/wp-content\/uploads\/2022\/01\/880070-61d577c56e6eb.jpg?resize=768%2C510&amp;ssl=1 768w, https:\/\/i0.wp.com\/www.proantic.com\/magazine\/wp-content\/uploads\/2022\/01\/880070-61d577c56e6eb.jpg?resize=180%2C120&amp;ssl=1 180w, https:\/\/i0.wp.com\/www.proantic.com\/magazine\/wp-content\/uploads\/2022\/01\/880070-61d577c56e6eb.jpg?w=1200&amp;ssl=1 1200w\" sizes=\"auto, (max-width: 665px) 100vw, 665px\" \/><figcaption>Th\u00e9i\u00e8re en fa\u00efence de Namur avec monture en argent. (c)<a href=\"https:\/\/www.proantic.com\/galerie\/philip-van-collem-antiques\/\"> Philip Van Collem Antiques<\/a>, Proantic<\/figcaption><\/figure>\n\n\n\n<p><\/p>\n","protected":false},"excerpt":{"rendered":"<p>La fine fa\u00efence noire de Namur est particuli\u00e8re dans la production namuroise de la fin du XVIII\u00e8me si\u00e8cle. Il s\u2019agit d\u2019une p\u00e2te dure, brun rouge, tr\u00e8s fonc\u00e9e, quasi noire qui se rapproche fortement d\u2019un gr\u00e8s rouge fin, avec une gla\u00e7ure noire vitrifi\u00e9e tr\u00e8s brillante et de riches garnitures d\u2019argent finement cisel\u00e9s. Sa couleur s\u2019inspire des [&hellip;]<\/p>\n","protected":false},"author":6,"featured_media":14232,"comment_status":"closed","ping_status":"open","sticky":false,"template":"","format":"standard","meta":{"jetpack_post_was_ever_published":false,"_jetpack_newsletter_access":"","_jetpack_dont_email_post_to_subs":false,"_jetpack_newsletter_tier_id":0,"_jetpack_memberships_contains_paywalled_content":false,"_jetpack_memberships_contains_paid_content":false,"footnotes":"","jetpack_publicize_message":"","jetpack_publicize_feature_enabled":true,"jetpack_social_post_already_shared":true,"jetpack_social_options":{"image_generator_settings":{"template":"highway","default_image_id":0,"font":"","enabled":false},"version":2}},"categories":[180],"tags":[],"class_list":["post-14226","post","type-post","status-publish","format-standard","has-post-thumbnail","hentry","category-arts-decoratifs-proantic"],"yoast_head":"<!-- This site is optimized with the Yoast SEO plugin v26.9 - https:\/\/yoast.com\/product\/yoast-seo-wordpress\/ -->\n<title>Fa\u00efence, dite terre noire de Namur Le Magazine de Proantic<\/title>\n<meta name=\"description\" content=\"La fine fa\u00efence noire de Namur est particuli\u00e8re dans la production namuroise de la fin du XVIII\u00e8me si\u00e8cle. Il s\u2019agit d\u2019une p\u00e2te dure, brun rouge, tr\u00e8s\" \/>\n<meta name=\"robots\" content=\"index, follow, max-snippet:-1, max-image-preview:large, max-video-preview:-1\" \/>\n<link rel=\"canonical\" href=\"https:\/\/www.proantic.com\/magazine\/faience-dite-terre-noire-de-namur\/\" \/>\n<meta property=\"og:locale\" content=\"fr_FR\" \/>\n<meta property=\"og:type\" content=\"article\" \/>\n<meta property=\"og:title\" content=\"Fa\u00efence, dite terre noire de Namur Le Magazine de Proantic\" \/>\n<meta property=\"og:description\" content=\"La fine fa\u00efence noire de Namur est particuli\u00e8re dans la production namuroise de la fin du XVIII\u00e8me si\u00e8cle. Il s\u2019agit d\u2019une p\u00e2te dure, brun rouge, tr\u00e8s\" \/>\n<meta property=\"og:url\" content=\"https:\/\/www.proantic.com\/magazine\/faience-dite-terre-noire-de-namur\/\" \/>\n<meta property=\"og:site_name\" content=\"Le Magazine de Proantic\" \/>\n<meta property=\"article:publisher\" content=\"https:\/\/www.facebook.com\/pages\/Proantic\/\/259180871793\" \/>\n<meta property=\"article:published_time\" content=\"2022-01-12T12:42:57+00:00\" \/>\n<meta property=\"article:modified_time\" content=\"2024-04-22T09:55:49+00:00\" \/>\n<meta property=\"og:image\" content=\"https:\/\/www.proantic.com\/magazine\/wp-content\/uploads\/2022\/01\/870529-61b7b5b1342d9.jpg\" \/>\n\t<meta property=\"og:image:width\" content=\"1200\" \/>\n\t<meta property=\"og:image:height\" content=\"900\" \/>\n\t<meta property=\"og:image:type\" content=\"image\/jpeg\" \/>\n<meta name=\"author\" content=\"C\u00e9line Autant\" \/>\n<meta name=\"twitter:label1\" content=\"\u00c9crit par\" \/>\n\t<meta name=\"twitter:data1\" content=\"C\u00e9line Autant\" \/>\n\t<meta name=\"twitter:label2\" content=\"Dur\u00e9e de lecture estim\u00e9e\" \/>\n\t<meta name=\"twitter:data2\" content=\"1 minute\" \/>\n<script type=\"application\/ld+json\" class=\"yoast-schema-graph\">{\"@context\":\"https:\/\/schema.org\",\"@graph\":[{\"@type\":\"Article\",\"@id\":\"https:\/\/www.proantic.com\/magazine\/faience-dite-terre-noire-de-namur\/#article\",\"isPartOf\":{\"@id\":\"https:\/\/www.proantic.com\/magazine\/faience-dite-terre-noire-de-namur\/\"},\"author\":{\"name\":\"C\u00e9line Autant\",\"@id\":\"https:\/\/www.proantic.com\/magazine\/#\/schema\/person\/63707e8f4e7d0172de7ddde897688be0\"},\"headline\":\"Fa\u00efence, dite terre noire de Namur\",\"datePublished\":\"2022-01-12T12:42:57+00:00\",\"dateModified\":\"2024-04-22T09:55:49+00:00\",\"mainEntityOfPage\":{\"@id\":\"https:\/\/www.proantic.com\/magazine\/faience-dite-terre-noire-de-namur\/\"},\"wordCount\":206,\"image\":{\"@id\":\"https:\/\/www.proantic.com\/magazine\/faience-dite-terre-noire-de-namur\/#primaryimage\"},\"thumbnailUrl\":\"https:\/\/i0.wp.com\/www.proantic.com\/magazine\/wp-content\/uploads\/2022\/01\/870529-61b7b5b1342d9.jpg?fit=1200%2C900&ssl=1\",\"articleSection\":[\"Arts d\u00e9coratifs sur Proantic\"],\"inLanguage\":\"fr-FR\"},{\"@type\":\"WebPage\",\"@id\":\"https:\/\/www.proantic.com\/magazine\/faience-dite-terre-noire-de-namur\/\",\"url\":\"https:\/\/www.proantic.com\/magazine\/faience-dite-terre-noire-de-namur\/\",\"name\":\"Fa\u00efence, dite terre noire de Namur Le Magazine de Proantic\",\"isPartOf\":{\"@id\":\"https:\/\/www.proantic.com\/magazine\/#website\"},\"primaryImageOfPage\":{\"@id\":\"https:\/\/www.proantic.com\/magazine\/faience-dite-terre-noire-de-namur\/#primaryimage\"},\"image\":{\"@id\":\"https:\/\/www.proantic.com\/magazine\/faience-dite-terre-noire-de-namur\/#primaryimage\"},\"thumbnailUrl\":\"https:\/\/i0.wp.com\/www.proantic.com\/magazine\/wp-content\/uploads\/2022\/01\/870529-61b7b5b1342d9.jpg?fit=1200%2C900&ssl=1\",\"datePublished\":\"2022-01-12T12:42:57+00:00\",\"dateModified\":\"2024-04-22T09:55:49+00:00\",\"author\":{\"@id\":\"https:\/\/www.proantic.com\/magazine\/#\/schema\/person\/63707e8f4e7d0172de7ddde897688be0\"},\"description\":\"La fine fa\u00efence noire de Namur est particuli\u00e8re dans la production namuroise de la fin du XVIII\u00e8me si\u00e8cle. Il s\u2019agit d\u2019une p\u00e2te dure, brun rouge, tr\u00e8s\",\"breadcrumb\":{\"@id\":\"https:\/\/www.proantic.com\/magazine\/faience-dite-terre-noire-de-namur\/#breadcrumb\"},\"inLanguage\":\"fr-FR\",\"potentialAction\":[{\"@type\":\"ReadAction\",\"target\":[\"https:\/\/www.proantic.com\/magazine\/faience-dite-terre-noire-de-namur\/\"]}]},{\"@type\":\"ImageObject\",\"inLanguage\":\"fr-FR\",\"@id\":\"https:\/\/www.proantic.com\/magazine\/faience-dite-terre-noire-de-namur\/#primaryimage\",\"url\":\"https:\/\/i0.wp.com\/www.proantic.com\/magazine\/wp-content\/uploads\/2022\/01\/870529-61b7b5b1342d9.jpg?fit=1200%2C900&ssl=1\",\"contentUrl\":\"https:\/\/i0.wp.com\/www.proantic.com\/magazine\/wp-content\/uploads\/2022\/01\/870529-61b7b5b1342d9.jpg?fit=1200%2C900&ssl=1\",\"width\":1200,\"height\":900},{\"@type\":\"BreadcrumbList\",\"@id\":\"https:\/\/www.proantic.com\/magazine\/faience-dite-terre-noire-de-namur\/#breadcrumb\",\"itemListElement\":[{\"@type\":\"ListItem\",\"position\":1,\"name\":\"Accueil\",\"item\":\"https:\/\/www.proantic.com\/magazine\/\"},{\"@type\":\"ListItem\",\"position\":2,\"name\":\"Fa\u00efence, dite terre noire de Namur\"}]},{\"@type\":\"WebSite\",\"@id\":\"https:\/\/www.proantic.com\/magazine\/#website\",\"url\":\"https:\/\/www.proantic.com\/magazine\/\",\"name\":\"Le Magazine de Proantic\",\"description\":\"Magazine d&#039;art et expositions\",\"potentialAction\":[{\"@type\":\"SearchAction\",\"target\":{\"@type\":\"EntryPoint\",\"urlTemplate\":\"https:\/\/www.proantic.com\/magazine\/?s={search_term_string}\"},\"query-input\":{\"@type\":\"PropertyValueSpecification\",\"valueRequired\":true,\"valueName\":\"search_term_string\"}}],\"inLanguage\":\"fr-FR\"},{\"@type\":\"Person\",\"@id\":\"https:\/\/www.proantic.com\/magazine\/#\/schema\/person\/63707e8f4e7d0172de7ddde897688be0\",\"name\":\"C\u00e9line Autant\"}]}<\/script>\n<!-- \/ Yoast SEO plugin. -->","yoast_head_json":{"title":"Fa\u00efence, dite terre noire de Namur Le Magazine de Proantic","description":"La fine fa\u00efence noire de Namur est particuli\u00e8re dans la production namuroise de la fin du XVIII\u00e8me si\u00e8cle. Il s\u2019agit d\u2019une p\u00e2te dure, brun rouge, tr\u00e8s","robots":{"index":"index","follow":"follow","max-snippet":"max-snippet:-1","max-image-preview":"max-image-preview:large","max-video-preview":"max-video-preview:-1"},"canonical":"https:\/\/www.proantic.com\/magazine\/faience-dite-terre-noire-de-namur\/","og_locale":"fr_FR","og_type":"article","og_title":"Fa\u00efence, dite terre noire de Namur Le Magazine de Proantic","og_description":"La fine fa\u00efence noire de Namur est particuli\u00e8re dans la production namuroise de la fin du XVIII\u00e8me si\u00e8cle. Il s\u2019agit d\u2019une p\u00e2te dure, brun rouge, tr\u00e8s","og_url":"https:\/\/www.proantic.com\/magazine\/faience-dite-terre-noire-de-namur\/","og_site_name":"Le Magazine de Proantic","article_publisher":"https:\/\/www.facebook.com\/pages\/Proantic\/\/259180871793","article_published_time":"2022-01-12T12:42:57+00:00","article_modified_time":"2024-04-22T09:55:49+00:00","og_image":[{"width":1200,"height":900,"url":"https:\/\/www.proantic.com\/magazine\/wp-content\/uploads\/2022\/01\/870529-61b7b5b1342d9.jpg","type":"image\/jpeg"}],"author":"C\u00e9line Autant","twitter_misc":{"\u00c9crit par":"C\u00e9line Autant","Dur\u00e9e de lecture estim\u00e9e":"1 minute"},"schema":{"@context":"https:\/\/schema.org","@graph":[{"@type":"Article","@id":"https:\/\/www.proantic.com\/magazine\/faience-dite-terre-noire-de-namur\/#article","isPartOf":{"@id":"https:\/\/www.proantic.com\/magazine\/faience-dite-terre-noire-de-namur\/"},"author":{"name":"C\u00e9line Autant","@id":"https:\/\/www.proantic.com\/magazine\/#\/schema\/person\/63707e8f4e7d0172de7ddde897688be0"},"headline":"Fa\u00efence, dite terre noire de Namur","datePublished":"2022-01-12T12:42:57+00:00","dateModified":"2024-04-22T09:55:49+00:00","mainEntityOfPage":{"@id":"https:\/\/www.proantic.com\/magazine\/faience-dite-terre-noire-de-namur\/"},"wordCount":206,"image":{"@id":"https:\/\/www.proantic.com\/magazine\/faience-dite-terre-noire-de-namur\/#primaryimage"},"thumbnailUrl":"https:\/\/i0.wp.com\/www.proantic.com\/magazine\/wp-content\/uploads\/2022\/01\/870529-61b7b5b1342d9.jpg?fit=1200%2C900&ssl=1","articleSection":["Arts d\u00e9coratifs sur Proantic"],"inLanguage":"fr-FR"},{"@type":"WebPage","@id":"https:\/\/www.proantic.com\/magazine\/faience-dite-terre-noire-de-namur\/","url":"https:\/\/www.proantic.com\/magazine\/faience-dite-terre-noire-de-namur\/","name":"Fa\u00efence, dite terre noire de Namur Le Magazine de Proantic","isPartOf":{"@id":"https:\/\/www.proantic.com\/magazine\/#website"},"primaryImageOfPage":{"@id":"https:\/\/www.proantic.com\/magazine\/faience-dite-terre-noire-de-namur\/#primaryimage"},"image":{"@id":"https:\/\/www.proantic.com\/magazine\/faience-dite-terre-noire-de-namur\/#primaryimage"},"thumbnailUrl":"https:\/\/i0.wp.com\/www.proantic.com\/magazine\/wp-content\/uploads\/2022\/01\/870529-61b7b5b1342d9.jpg?fit=1200%2C900&ssl=1","datePublished":"2022-01-12T12:42:57+00:00","dateModified":"2024-04-22T09:55:49+00:00","author":{"@id":"https:\/\/www.proantic.com\/magazine\/#\/schema\/person\/63707e8f4e7d0172de7ddde897688be0"},"description":"La fine fa\u00efence noire de Namur est particuli\u00e8re dans la production namuroise de la fin du XVIII\u00e8me si\u00e8cle. Il s\u2019agit d\u2019une p\u00e2te dure, brun rouge, tr\u00e8s","breadcrumb":{"@id":"https:\/\/www.proantic.com\/magazine\/faience-dite-terre-noire-de-namur\/#breadcrumb"},"inLanguage":"fr-FR","potentialAction":[{"@type":"ReadAction","target":["https:\/\/www.proantic.com\/magazine\/faience-dite-terre-noire-de-namur\/"]}]},{"@type":"ImageObject","inLanguage":"fr-FR","@id":"https:\/\/www.proantic.com\/magazine\/faience-dite-terre-noire-de-namur\/#primaryimage","url":"https:\/\/i0.wp.com\/www.proantic.com\/magazine\/wp-content\/uploads\/2022\/01\/870529-61b7b5b1342d9.jpg?fit=1200%2C900&ssl=1","contentUrl":"https:\/\/i0.wp.com\/www.proantic.com\/magazine\/wp-content\/uploads\/2022\/01\/870529-61b7b5b1342d9.jpg?fit=1200%2C900&ssl=1","width":1200,"height":900},{"@type":"BreadcrumbList","@id":"https:\/\/www.proantic.com\/magazine\/faience-dite-terre-noire-de-namur\/#breadcrumb","itemListElement":[{"@type":"ListItem","position":1,"name":"Accueil","item":"https:\/\/www.proantic.com\/magazine\/"},{"@type":"ListItem","position":2,"name":"Fa\u00efence, dite terre noire de Namur"}]},{"@type":"WebSite","@id":"https:\/\/www.proantic.com\/magazine\/#website","url":"https:\/\/www.proantic.com\/magazine\/","name":"Le Magazine de Proantic","description":"Magazine d&#039;art et expositions","potentialAction":[{"@type":"SearchAction","target":{"@type":"EntryPoint","urlTemplate":"https:\/\/www.proantic.com\/magazine\/?s={search_term_string}"},"query-input":{"@type":"PropertyValueSpecification","valueRequired":true,"valueName":"search_term_string"}}],"inLanguage":"fr-FR"},{"@type":"Person","@id":"https:\/\/www.proantic.com\/magazine\/#\/schema\/person\/63707e8f4e7d0172de7ddde897688be0","name":"C\u00e9line Autant"}]}},"jetpack_publicize_connections":[],"jetpack_featured_media_url":"https:\/\/i0.wp.com\/www.proantic.com\/magazine\/wp-content\/uploads\/2022\/01\/870529-61b7b5b1342d9.jpg?fit=1200%2C900&ssl=1","jetpack_shortlink":"https:\/\/wp.me\/p7EkP3-3Hs","jetpack_sharing_enabled":true,"_links":{"self":[{"href":"https:\/\/www.proantic.com\/magazine\/wp-json\/wp\/v2\/posts\/14226","targetHints":{"allow":["GET"]}}],"collection":[{"href":"https:\/\/www.proantic.com\/magazine\/wp-json\/wp\/v2\/posts"}],"about":[{"href":"https:\/\/www.proantic.com\/magazine\/wp-json\/wp\/v2\/types\/post"}],"author":[{"embeddable":true,"href":"https:\/\/www.proantic.com\/magazine\/wp-json\/wp\/v2\/users\/6"}],"replies":[{"embeddable":true,"href":"https:\/\/www.proantic.com\/magazine\/wp-json\/wp\/v2\/comments?post=14226"}],"version-history":[{"count":2,"href":"https:\/\/www.proantic.com\/magazine\/wp-json\/wp\/v2\/posts\/14226\/revisions"}],"predecessor-version":[{"id":14235,"href":"https:\/\/www.proantic.com\/magazine\/wp-json\/wp\/v2\/posts\/14226\/revisions\/14235"}],"wp:featuredmedia":[{"embeddable":true,"href":"https:\/\/www.proantic.com\/magazine\/wp-json\/wp\/v2\/media\/14232"}],"wp:attachment":[{"href":"https:\/\/www.proantic.com\/magazine\/wp-json\/wp\/v2\/media?parent=14226"}],"wp:term":[{"taxonomy":"category","embeddable":true,"href":"https:\/\/www.proantic.com\/magazine\/wp-json\/wp\/v2\/categories?post=14226"},{"taxonomy":"post_tag","embeddable":true,"href":"https:\/\/www.proantic.com\/magazine\/wp-json\/wp\/v2\/tags?post=14226"}],"curies":[{"name":"wp","href":"https:\/\/api.w.org\/{rel}","templated":true}]}}