{"id":14151,"date":"2021-12-15T16:09:27","date_gmt":"2021-12-15T15:09:27","guid":{"rendered":"https:\/\/www.proantic.com\/magazine\/?p=14151"},"modified":"2021-12-16T08:39:59","modified_gmt":"2021-12-16T07:39:59","slug":"palais-disparus-de-napoleon","status":"publish","type":"post","link":"https:\/\/www.proantic.com\/magazine\/palais-disparus-de-napoleon\/","title":{"rendered":"Palais disparus de Napol\u00e9on"},"content":{"rendered":"\n<p><strong>Connu comme chef de guerre hors pair, comme travailleur infatigable et comme b\u00e2tisseur ambitieux, Napol\u00e9on Bonaparte l\u2019est moins comme amateur d\u2019artisanat d\u2019art.<\/strong> Or, il \u00e9tait parfaitement conscient de l\u2019importance strat\u00e9gique mais aussi \u00e9conomique de l\u2019ameublement des r\u00e9sidences imp\u00e9riales.<\/p>\n\n\n\n<figure class=\"wp-block-image size-large\"><img data-recalc-dims=\"1\" loading=\"lazy\" decoding=\"async\" width=\"660\" height=\"441\" data-attachment-id=\"14178\" data-permalink=\"https:\/\/www.proantic.com\/magazine\/palais-disparus-de-napoleon\/zer-2\/\" data-orig-file=\"https:\/\/i0.wp.com\/www.proantic.com\/magazine\/wp-content\/uploads\/2021\/12\/zer.jpg?fit=660%2C441&amp;ssl=1\" data-orig-size=\"660,441\" data-comments-opened=\"1\" data-image-meta=\"{&quot;aperture&quot;:&quot;0&quot;,&quot;credit&quot;:&quot;&quot;,&quot;camera&quot;:&quot;&quot;,&quot;caption&quot;:&quot;&quot;,&quot;created_timestamp&quot;:&quot;0&quot;,&quot;copyright&quot;:&quot;&quot;,&quot;focal_length&quot;:&quot;0&quot;,&quot;iso&quot;:&quot;0&quot;,&quot;shutter_speed&quot;:&quot;0&quot;,&quot;title&quot;:&quot;&quot;,&quot;orientation&quot;:&quot;0&quot;}\" data-image-title=\"Palais disparus de Napol\u00e9on\" data-image-description=\"\" data-image-caption=\"\" data-medium-file=\"https:\/\/i0.wp.com\/www.proantic.com\/magazine\/wp-content\/uploads\/2021\/12\/zer.jpg?fit=300%2C200&amp;ssl=1\" data-large-file=\"https:\/\/i0.wp.com\/www.proantic.com\/magazine\/wp-content\/uploads\/2021\/12\/zer.jpg?fit=660%2C441&amp;ssl=1\" src=\"https:\/\/i0.wp.com\/www.proantic.com\/magazine\/wp-content\/uploads\/2021\/12\/zer.jpg?resize=660%2C441&#038;ssl=1\" alt=\"\" class=\"wp-image-14178\" srcset=\"https:\/\/i0.wp.com\/www.proantic.com\/magazine\/wp-content\/uploads\/2021\/12\/zer.jpg?w=660&amp;ssl=1 660w, https:\/\/i0.wp.com\/www.proantic.com\/magazine\/wp-content\/uploads\/2021\/12\/zer.jpg?resize=300%2C200&amp;ssl=1 300w, https:\/\/i0.wp.com\/www.proantic.com\/magazine\/wp-content\/uploads\/2021\/12\/zer.jpg?resize=180%2C120&amp;ssl=1 180w\" sizes=\"auto, (max-width: 660px) 100vw, 660px\" \/><figcaption>Palais disparus de Napol\u00e9on<\/figcaption><\/figure>\n\n\n\n<p><strong>Napol\u00e9on et les arts d\u00e9coratifs<\/strong><\/p>\n\n\n\n<p>Premier consul de la R\u00e9publique puis empereur des Fran\u00e7ais, Napol\u00e9on Bonaparte&nbsp;fait siennes les \u00ab&nbsp;maisons royales&nbsp;\u00bb de l\u2019Ancien R\u00e9gime.<\/p>\n\n\n\n<p>Entre 1800 et 1815, il convoque architecture, beaux-arts et arts d\u00e9coratifs pour&nbsp;\u00ab&nbsp;finir la R\u00e9volution&nbsp;\u00bb et porter un message d\u2019ordre et de grandeur. Au d\u00e9sir de cr\u00e9er un \u00e9crin prestigieux pour Napol\u00e9on et son entourage s\u2019est surimpos\u00e9 un dessein politique et \u00e9conomique&nbsp;: occuper artistes, artisans et ouvriers des manufactures, c\u2019est pacifier une soci\u00e9t\u00e9 \u00e0 peine sortie de la tourmente r\u00e9volutionnaire tout en promouvant l\u2019industrie fran\u00e7aise face \u00e0 ses concurrentes europ\u00e9ennes.<\/p>\n\n\n\n<figure class=\"wp-block-image size-large\"><img data-recalc-dims=\"1\" loading=\"lazy\" decoding=\"async\" width=\"665\" height=\"376\" data-attachment-id=\"14173\" data-permalink=\"https:\/\/www.proantic.com\/magazine\/palais-disparus-de-napoleon\/sans-titre-49\/\" data-orig-file=\"https:\/\/i0.wp.com\/www.proantic.com\/magazine\/wp-content\/uploads\/2021\/12\/Sans-titre-49.png?fit=720%2C407&amp;ssl=1\" data-orig-size=\"720,407\" data-comments-opened=\"1\" data-image-meta=\"{&quot;aperture&quot;:&quot;0&quot;,&quot;credit&quot;:&quot;&quot;,&quot;camera&quot;:&quot;&quot;,&quot;caption&quot;:&quot;&quot;,&quot;created_timestamp&quot;:&quot;0&quot;,&quot;copyright&quot;:&quot;&quot;,&quot;focal_length&quot;:&quot;0&quot;,&quot;iso&quot;:&quot;0&quot;,&quot;shutter_speed&quot;:&quot;0&quot;,&quot;title&quot;:&quot;&quot;,&quot;orientation&quot;:&quot;0&quot;}\" data-image-title=\"Palais disparus de Napol\u00e9on\" data-image-description=\"\" data-image-caption=\"\" data-medium-file=\"https:\/\/i0.wp.com\/www.proantic.com\/magazine\/wp-content\/uploads\/2021\/12\/Sans-titre-49.png?fit=300%2C170&amp;ssl=1\" data-large-file=\"https:\/\/i0.wp.com\/www.proantic.com\/magazine\/wp-content\/uploads\/2021\/12\/Sans-titre-49.png?fit=665%2C376&amp;ssl=1\" src=\"https:\/\/i0.wp.com\/www.proantic.com\/magazine\/wp-content\/uploads\/2021\/12\/Sans-titre-49.png?resize=665%2C376&#038;ssl=1\" alt=\"\" class=\"wp-image-14173\" srcset=\"https:\/\/i0.wp.com\/www.proantic.com\/magazine\/wp-content\/uploads\/2021\/12\/Sans-titre-49.png?w=720&amp;ssl=1 720w, https:\/\/i0.wp.com\/www.proantic.com\/magazine\/wp-content\/uploads\/2021\/12\/Sans-titre-49.png?resize=300%2C170&amp;ssl=1 300w, https:\/\/i0.wp.com\/www.proantic.com\/magazine\/wp-content\/uploads\/2021\/12\/Sans-titre-49.png?resize=180%2C102&amp;ssl=1 180w\" sizes=\"auto, (max-width: 665px) 100vw, 665px\" \/><figcaption>Palais disparus de Napol\u00e9on<\/figcaption><\/figure>\n\n\n\n<p><strong>Trois palais disparus : les Tuileries, Saint-Cloud et Meudon<\/strong><\/p>\n\n\n\n<p>Trois des principaux palais ainsi r\u00e9invent\u00e9s \u2013 les Tuileries, Saint-Cloud et Meudon \u2013 ont brul\u00e9 en 1870 et 1871, durant la guerre franco-allemande et la Commune. De nombreux meubles et \u00e9l\u00e9ments de leurs d\u00e9cors mis \u00e0 l\u2019abri avant le conflit sont parvenus jusqu\u2019\u00e0 nous. Leur r\u00e9union, dans la galerie des Gobelins \u00e0 l&rsquo;occasion de cette exposition, ressuscite ces palais disparus et r\u00e9v\u00e8le l\u2019inventivit\u00e9 des cr\u00e9ateurs du premier&nbsp;XIXe si\u00e8cle&nbsp;: de nouveaux types de meubles apparaissent, les arts du m\u00e9tal atteignent une sorte d\u2019apog\u00e9e, les murs des salons et les garnitures des si\u00e8ges se parent de coloris acidul\u00e9s d\u2019une fantaisie absolue.<\/p>\n\n\n\n<p>Des restitutions num\u00e9riques remettent dans leur contexte mobilier, textiles et objets d\u2019art.<\/p>\n\n\n\n<figure class=\"wp-block-embed-youtube wp-block-embed is-type-video is-provider-youtube wp-embed-aspect-16-9 wp-has-aspect-ratio\"><div class=\"wp-block-embed__wrapper\">\n<span class=\"embed-youtube\" style=\"text-align:center; display: block;\"><iframe loading=\"lazy\" class=\"youtube-player\" width=\"665\" height=\"375\" src=\"https:\/\/www.youtube.com\/embed\/9R6BTYynCmk?version=3&#038;rel=1&#038;showsearch=0&#038;showinfo=1&#038;iv_load_policy=1&#038;fs=1&#038;hl=fr-FR&#038;autohide=2&#038;wmode=transparent\" allowfullscreen=\"true\" style=\"border:0;\" sandbox=\"allow-scripts allow-same-origin allow-popups allow-presentation allow-popups-to-escape-sandbox\"><\/iframe><\/span>\n<\/div><\/figure>\n\n\n\n<p>Apr\u00e8s une introduction d\u00e9di\u00e9e aux circonstances qui virent trois des principaux palais de Napol\u00e9on &#8211; Saint-Cloud, les Tuileries et Meudon &#8211; dispara\u00eetre en 1870-1871, le visiteur d\u00e9couvrira dans la Galerie des Gobelins leur histoire, leur fonction, les hommes d\u2019art qui y \u0153uvr\u00e8rent. <\/p>\n\n\n\n<figure class=\"wp-block-image size-large\"><img data-recalc-dims=\"1\" loading=\"lazy\" decoding=\"async\" width=\"665\" height=\"887\" data-attachment-id=\"14174\" data-permalink=\"https:\/\/www.proantic.com\/magazine\/palais-disparus-de-napoleon\/ead4d310\/\" data-orig-file=\"https:\/\/i0.wp.com\/www.proantic.com\/magazine\/wp-content\/uploads\/2021\/12\/ead4d310.jpg?fit=1024%2C1365&amp;ssl=1\" data-orig-size=\"1024,1365\" data-comments-opened=\"1\" data-image-meta=\"{&quot;aperture&quot;:&quot;0&quot;,&quot;credit&quot;:&quot;&quot;,&quot;camera&quot;:&quot;&quot;,&quot;caption&quot;:&quot;&quot;,&quot;created_timestamp&quot;:&quot;0&quot;,&quot;copyright&quot;:&quot;&quot;,&quot;focal_length&quot;:&quot;0&quot;,&quot;iso&quot;:&quot;0&quot;,&quot;shutter_speed&quot;:&quot;0&quot;,&quot;title&quot;:&quot;&quot;,&quot;orientation&quot;:&quot;0&quot;}\" data-image-title=\"Palais disparus de Napol\u00e9on\" data-image-description=\"\" data-image-caption=\"\" data-medium-file=\"https:\/\/i0.wp.com\/www.proantic.com\/magazine\/wp-content\/uploads\/2021\/12\/ead4d310.jpg?fit=225%2C300&amp;ssl=1\" data-large-file=\"https:\/\/i0.wp.com\/www.proantic.com\/magazine\/wp-content\/uploads\/2021\/12\/ead4d310.jpg?fit=665%2C887&amp;ssl=1\" src=\"https:\/\/i0.wp.com\/www.proantic.com\/magazine\/wp-content\/uploads\/2021\/12\/ead4d310.jpg?resize=665%2C887&#038;ssl=1\" alt=\"\" class=\"wp-image-14174\" srcset=\"https:\/\/i0.wp.com\/www.proantic.com\/magazine\/wp-content\/uploads\/2021\/12\/ead4d310.jpg?resize=768%2C1024&amp;ssl=1 768w, https:\/\/i0.wp.com\/www.proantic.com\/magazine\/wp-content\/uploads\/2021\/12\/ead4d310.jpg?resize=225%2C300&amp;ssl=1 225w, https:\/\/i0.wp.com\/www.proantic.com\/magazine\/wp-content\/uploads\/2021\/12\/ead4d310.jpg?resize=135%2C180&amp;ssl=1 135w, https:\/\/i0.wp.com\/www.proantic.com\/magazine\/wp-content\/uploads\/2021\/12\/ead4d310.jpg?w=1024&amp;ssl=1 1024w\" sizes=\"auto, (max-width: 665px) 100vw, 665px\" \/><figcaption>Palais disparus de Napol\u00e9on<\/figcaption><\/figure>\n\n\n\n<p>Tradition et innovation s\u2019y conjuguent et seront perceptibles \u00e0 travers les 350 pi\u00e8ces de mobilier qui habillaient les appartements de l\u2019Empereur et de l\u2019Imp\u00e9ratrice ainsi que par des restitutions num\u00e9riques. <\/p>\n\n\n\n<figure class=\"wp-block-image size-large\"><img data-recalc-dims=\"1\" loading=\"lazy\" decoding=\"async\" width=\"665\" height=\"499\" data-attachment-id=\"14175\" data-permalink=\"https:\/\/www.proantic.com\/magazine\/palais-disparus-de-napoleon\/e-8w-511\/\" data-orig-file=\"https:\/\/i0.wp.com\/www.proantic.com\/magazine\/wp-content\/uploads\/2021\/12\/e-8w-511.jpg?fit=1024%2C768&amp;ssl=1\" data-orig-size=\"1024,768\" data-comments-opened=\"1\" data-image-meta=\"{&quot;aperture&quot;:&quot;0&quot;,&quot;credit&quot;:&quot;&quot;,&quot;camera&quot;:&quot;&quot;,&quot;caption&quot;:&quot;&quot;,&quot;created_timestamp&quot;:&quot;0&quot;,&quot;copyright&quot;:&quot;&quot;,&quot;focal_length&quot;:&quot;0&quot;,&quot;iso&quot;:&quot;0&quot;,&quot;shutter_speed&quot;:&quot;0&quot;,&quot;title&quot;:&quot;&quot;,&quot;orientation&quot;:&quot;0&quot;}\" data-image-title=\"Palais disparus de Napol\u00e9on\" data-image-description=\"\" data-image-caption=\"\" data-medium-file=\"https:\/\/i0.wp.com\/www.proantic.com\/magazine\/wp-content\/uploads\/2021\/12\/e-8w-511.jpg?fit=300%2C225&amp;ssl=1\" data-large-file=\"https:\/\/i0.wp.com\/www.proantic.com\/magazine\/wp-content\/uploads\/2021\/12\/e-8w-511.jpg?fit=665%2C499&amp;ssl=1\" src=\"https:\/\/i0.wp.com\/www.proantic.com\/magazine\/wp-content\/uploads\/2021\/12\/e-8w-511.jpg?resize=665%2C499&#038;ssl=1\" alt=\"\" class=\"wp-image-14175\" srcset=\"https:\/\/i0.wp.com\/www.proantic.com\/magazine\/wp-content\/uploads\/2021\/12\/e-8w-511.jpg?w=1024&amp;ssl=1 1024w, https:\/\/i0.wp.com\/www.proantic.com\/magazine\/wp-content\/uploads\/2021\/12\/e-8w-511.jpg?resize=300%2C225&amp;ssl=1 300w, https:\/\/i0.wp.com\/www.proantic.com\/magazine\/wp-content\/uploads\/2021\/12\/e-8w-511.jpg?resize=768%2C576&amp;ssl=1 768w, https:\/\/i0.wp.com\/www.proantic.com\/magazine\/wp-content\/uploads\/2021\/12\/e-8w-511.jpg?resize=180%2C135&amp;ssl=1 180w\" sizes=\"auto, (max-width: 665px) 100vw, 665px\" \/><figcaption>Palais disparus de Napol\u00e9on<\/figcaption><\/figure>\n\n\n\n<p>Si l\u2019on peut d\u00e9couvrir aujourd\u2019hui les d\u00e9cors cr\u00e9\u00e9s sous l\u2019Empire dans certaines pi\u00e8ces des ch\u00e2teaux de Fontainebleau et de Compi\u00e8gne, cela est impossible pour les palais des Tuileries, de Saint-Cloud et de Meudon, incendi\u00e9s en 1870 et 1871. Pour autant, les al\u00e9as de l\u2019histoire font que le Mobilier national conserve une grande partie des \u00e9l\u00e9ments de d\u00e9cor de ces palais. Ces pi\u00e8ces (meubles, bronzes dor\u00e9s, tapisseries, soieries) seront exceptionnellement sorties des r\u00e9serves de l\u2019institution.<\/p>\n\n\n\n<figure class=\"wp-block-image size-large\"><img data-recalc-dims=\"1\" loading=\"lazy\" decoding=\"async\" width=\"665\" height=\"444\" data-attachment-id=\"14179\" data-permalink=\"https:\/\/www.proantic.com\/magazine\/palais-disparus-de-napoleon\/evocation-grand-cabinet-lempereur-tuileries-mobilier-national_3\/\" data-orig-file=\"https:\/\/i0.wp.com\/www.proantic.com\/magazine\/wp-content\/uploads\/2021\/12\/Evocation-grand-cabinet-lempereur-Tuileries-Mobilier-national_3.jpg?fit=2048%2C1365&amp;ssl=1\" data-orig-size=\"2048,1365\" data-comments-opened=\"1\" data-image-meta=\"{&quot;aperture&quot;:&quot;0&quot;,&quot;credit&quot;:&quot;THIBAUT CHAPOTOT&quot;,&quot;camera&quot;:&quot;&quot;,&quot;caption&quot;:&quot;&quot;,&quot;created_timestamp&quot;:&quot;0&quot;,&quot;copyright&quot;:&quot;THIBAUT CHAPOTOT&quot;,&quot;focal_length&quot;:&quot;0&quot;,&quot;iso&quot;:&quot;0&quot;,&quot;shutter_speed&quot;:&quot;0&quot;,&quot;title&quot;:&quot;&quot;,&quot;orientation&quot;:&quot;1&quot;}\" data-image-title=\"Palais disparus de Napol\u00e9on\" data-image-description=\"\" data-image-caption=\"&lt;p&gt;Palais disparus de Napol\u00e9on&lt;\/p&gt;\n\" data-medium-file=\"https:\/\/i0.wp.com\/www.proantic.com\/magazine\/wp-content\/uploads\/2021\/12\/Evocation-grand-cabinet-lempereur-Tuileries-Mobilier-national_3.jpg?fit=300%2C200&amp;ssl=1\" data-large-file=\"https:\/\/i0.wp.com\/www.proantic.com\/magazine\/wp-content\/uploads\/2021\/12\/Evocation-grand-cabinet-lempereur-Tuileries-Mobilier-national_3.jpg?fit=665%2C444&amp;ssl=1\" src=\"https:\/\/i0.wp.com\/www.proantic.com\/magazine\/wp-content\/uploads\/2021\/12\/Evocation-grand-cabinet-lempereur-Tuileries-Mobilier-national_3.jpg?resize=665%2C444&#038;ssl=1\" alt=\"\" class=\"wp-image-14179\" srcset=\"https:\/\/i0.wp.com\/www.proantic.com\/magazine\/wp-content\/uploads\/2021\/12\/Evocation-grand-cabinet-lempereur-Tuileries-Mobilier-national_3.jpg?resize=1024%2C683&amp;ssl=1 1024w, https:\/\/i0.wp.com\/www.proantic.com\/magazine\/wp-content\/uploads\/2021\/12\/Evocation-grand-cabinet-lempereur-Tuileries-Mobilier-national_3.jpg?resize=300%2C200&amp;ssl=1 300w, https:\/\/i0.wp.com\/www.proantic.com\/magazine\/wp-content\/uploads\/2021\/12\/Evocation-grand-cabinet-lempereur-Tuileries-Mobilier-national_3.jpg?resize=768%2C512&amp;ssl=1 768w, https:\/\/i0.wp.com\/www.proantic.com\/magazine\/wp-content\/uploads\/2021\/12\/Evocation-grand-cabinet-lempereur-Tuileries-Mobilier-national_3.jpg?resize=1536%2C1024&amp;ssl=1 1536w, https:\/\/i0.wp.com\/www.proantic.com\/magazine\/wp-content\/uploads\/2021\/12\/Evocation-grand-cabinet-lempereur-Tuileries-Mobilier-national_3.jpg?resize=180%2C120&amp;ssl=1 180w, https:\/\/i0.wp.com\/www.proantic.com\/magazine\/wp-content\/uploads\/2021\/12\/Evocation-grand-cabinet-lempereur-Tuileries-Mobilier-national_3.jpg?w=2048&amp;ssl=1 2048w, https:\/\/i0.wp.com\/www.proantic.com\/magazine\/wp-content\/uploads\/2021\/12\/Evocation-grand-cabinet-lempereur-Tuileries-Mobilier-national_3.jpg?w=1330&amp;ssl=1 1330w, https:\/\/i0.wp.com\/www.proantic.com\/magazine\/wp-content\/uploads\/2021\/12\/Evocation-grand-cabinet-lempereur-Tuileries-Mobilier-national_3.jpg?w=1995&amp;ssl=1 1995w\" sizes=\"auto, (max-width: 665px) 100vw, 665px\" \/><figcaption>Palais disparus de Napol\u00e9on<\/figcaption><\/figure>\n\n\n\n<p><strong>Galerie des Gobelins, le Mobilier national<\/strong><br>42, avenue des Gobelins 75013 Paris<\/p>\n\n\n\n<p>Exposition jusqu&rsquo;au 16 janvier 2022<\/p>\n","protected":false},"excerpt":{"rendered":"<p>Connu comme chef de guerre hors pair, comme travailleur infatigable et comme b\u00e2tisseur ambitieux, Napol\u00e9on Bonaparte l\u2019est moins comme amateur d\u2019artisanat d\u2019art. Or, il \u00e9tait parfaitement conscient de l\u2019importance strat\u00e9gique mais aussi \u00e9conomique de l\u2019ameublement des r\u00e9sidences imp\u00e9riales. Napol\u00e9on et les arts d\u00e9coratifs Premier consul de la R\u00e9publique puis empereur des Fran\u00e7ais, Napol\u00e9on Bonaparte&nbsp;fait siennes [&hellip;]<\/p>\n","protected":false},"author":6,"featured_media":14176,"comment_status":"closed","ping_status":"open","sticky":false,"template":"","format":"standard","meta":{"jetpack_post_was_ever_published":false,"_jetpack_newsletter_access":"","_jetpack_dont_email_post_to_subs":false,"_jetpack_newsletter_tier_id":0,"_jetpack_memberships_contains_paywalled_content":false,"_jetpack_memberships_contains_paid_content":false,"footnotes":"","jetpack_publicize_message":"","jetpack_publicize_feature_enabled":true,"jetpack_social_post_already_shared":true,"jetpack_social_options":{"image_generator_settings":{"template":"highway","default_image_id":0,"font":"","enabled":false},"version":2}},"categories":[12],"tags":[],"class_list":["post-14151","post","type-post","status-publish","format-standard","has-post-thumbnail","hentry","category-expositions"],"yoast_head":"<!-- This site is optimized with the Yoast SEO plugin v26.9 - https:\/\/yoast.com\/product\/yoast-seo-wordpress\/ -->\n<title>Palais disparus de Napol\u00e9on Le Magazine de Proantic<\/title>\n<meta name=\"description\" content=\"Connu comme chef de guerre hors pair, comme travailleur infatigable et comme b\u00e2tisseur ambitieux, Napol\u00e9on Bonaparte l\u2019est moins comme amateur d\u2019artisanat\" \/>\n<meta name=\"robots\" content=\"index, follow, max-snippet:-1, max-image-preview:large, max-video-preview:-1\" \/>\n<link rel=\"canonical\" href=\"https:\/\/www.proantic.com\/magazine\/palais-disparus-de-napoleon\/\" \/>\n<meta property=\"og:locale\" content=\"fr_FR\" \/>\n<meta property=\"og:type\" content=\"article\" \/>\n<meta property=\"og:title\" content=\"Palais disparus de Napol\u00e9on Le Magazine de Proantic\" \/>\n<meta property=\"og:description\" content=\"Connu comme chef de guerre hors pair, comme travailleur infatigable et comme b\u00e2tisseur ambitieux, Napol\u00e9on Bonaparte l\u2019est moins comme amateur d\u2019artisanat\" \/>\n<meta property=\"og:url\" content=\"https:\/\/www.proantic.com\/magazine\/palais-disparus-de-napoleon\/\" \/>\n<meta property=\"og:site_name\" content=\"Le Magazine de Proantic\" \/>\n<meta property=\"article:publisher\" content=\"https:\/\/www.facebook.com\/pages\/Proantic\/\/259180871793\" \/>\n<meta property=\"article:published_time\" content=\"2021-12-15T15:09:27+00:00\" \/>\n<meta property=\"article:modified_time\" content=\"2021-12-16T07:39:59+00:00\" \/>\n<meta property=\"og:image\" content=\"https:\/\/i0.wp.com\/www.proantic.com\/magazine\/wp-content\/uploads\/2021\/12\/75781.jpg?fit=1599%2C1396&ssl=1\" \/>\n\t<meta property=\"og:image:width\" content=\"1599\" \/>\n\t<meta property=\"og:image:height\" content=\"1396\" \/>\n\t<meta property=\"og:image:type\" content=\"image\/jpeg\" \/>\n<meta name=\"author\" content=\"C\u00e9line Autant\" \/>\n<meta name=\"twitter:label1\" content=\"\u00c9crit par\" \/>\n\t<meta name=\"twitter:data1\" content=\"C\u00e9line Autant\" \/>\n\t<meta name=\"twitter:label2\" content=\"Dur\u00e9e de lecture estim\u00e9e\" \/>\n\t<meta name=\"twitter:data2\" content=\"3 minutes\" \/>\n<script type=\"application\/ld+json\" class=\"yoast-schema-graph\">{\"@context\":\"https:\/\/schema.org\",\"@graph\":[{\"@type\":\"Article\",\"@id\":\"https:\/\/www.proantic.com\/magazine\/palais-disparus-de-napoleon\/#article\",\"isPartOf\":{\"@id\":\"https:\/\/www.proantic.com\/magazine\/palais-disparus-de-napoleon\/\"},\"author\":{\"name\":\"C\u00e9line Autant\",\"@id\":\"https:\/\/www.proantic.com\/magazine\/#\/schema\/person\/63707e8f4e7d0172de7ddde897688be0\"},\"headline\":\"Palais disparus de Napol\u00e9on\",\"datePublished\":\"2021-12-15T15:09:27+00:00\",\"dateModified\":\"2021-12-16T07:39:59+00:00\",\"mainEntityOfPage\":{\"@id\":\"https:\/\/www.proantic.com\/magazine\/palais-disparus-de-napoleon\/\"},\"wordCount\":527,\"image\":{\"@id\":\"https:\/\/www.proantic.com\/magazine\/palais-disparus-de-napoleon\/#primaryimage\"},\"thumbnailUrl\":\"https:\/\/i0.wp.com\/www.proantic.com\/magazine\/wp-content\/uploads\/2021\/12\/75781.jpg?fit=1599%2C1396&ssl=1\",\"articleSection\":[\"Expositions\"],\"inLanguage\":\"fr-FR\"},{\"@type\":\"WebPage\",\"@id\":\"https:\/\/www.proantic.com\/magazine\/palais-disparus-de-napoleon\/\",\"url\":\"https:\/\/www.proantic.com\/magazine\/palais-disparus-de-napoleon\/\",\"name\":\"Palais disparus de Napol\u00e9on Le Magazine de Proantic\",\"isPartOf\":{\"@id\":\"https:\/\/www.proantic.com\/magazine\/#website\"},\"primaryImageOfPage\":{\"@id\":\"https:\/\/www.proantic.com\/magazine\/palais-disparus-de-napoleon\/#primaryimage\"},\"image\":{\"@id\":\"https:\/\/www.proantic.com\/magazine\/palais-disparus-de-napoleon\/#primaryimage\"},\"thumbnailUrl\":\"https:\/\/i0.wp.com\/www.proantic.com\/magazine\/wp-content\/uploads\/2021\/12\/75781.jpg?fit=1599%2C1396&ssl=1\",\"datePublished\":\"2021-12-15T15:09:27+00:00\",\"dateModified\":\"2021-12-16T07:39:59+00:00\",\"author\":{\"@id\":\"https:\/\/www.proantic.com\/magazine\/#\/schema\/person\/63707e8f4e7d0172de7ddde897688be0\"},\"description\":\"Connu comme chef de guerre hors pair, comme travailleur infatigable et comme b\u00e2tisseur ambitieux, Napol\u00e9on Bonaparte l\u2019est moins comme amateur d\u2019artisanat\",\"breadcrumb\":{\"@id\":\"https:\/\/www.proantic.com\/magazine\/palais-disparus-de-napoleon\/#breadcrumb\"},\"inLanguage\":\"fr-FR\",\"potentialAction\":[{\"@type\":\"ReadAction\",\"target\":[\"https:\/\/www.proantic.com\/magazine\/palais-disparus-de-napoleon\/\"]}]},{\"@type\":\"ImageObject\",\"inLanguage\":\"fr-FR\",\"@id\":\"https:\/\/www.proantic.com\/magazine\/palais-disparus-de-napoleon\/#primaryimage\",\"url\":\"https:\/\/i0.wp.com\/www.proantic.com\/magazine\/wp-content\/uploads\/2021\/12\/75781.jpg?fit=1599%2C1396&ssl=1\",\"contentUrl\":\"https:\/\/i0.wp.com\/www.proantic.com\/magazine\/wp-content\/uploads\/2021\/12\/75781.jpg?fit=1599%2C1396&ssl=1\",\"width\":1599,\"height\":1396},{\"@type\":\"BreadcrumbList\",\"@id\":\"https:\/\/www.proantic.com\/magazine\/palais-disparus-de-napoleon\/#breadcrumb\",\"itemListElement\":[{\"@type\":\"ListItem\",\"position\":1,\"name\":\"Accueil\",\"item\":\"https:\/\/www.proantic.com\/magazine\/\"},{\"@type\":\"ListItem\",\"position\":2,\"name\":\"Palais disparus de Napol\u00e9on\"}]},{\"@type\":\"WebSite\",\"@id\":\"https:\/\/www.proantic.com\/magazine\/#website\",\"url\":\"https:\/\/www.proantic.com\/magazine\/\",\"name\":\"Le Magazine de Proantic\",\"description\":\"Magazine d&#039;art et expositions\",\"potentialAction\":[{\"@type\":\"SearchAction\",\"target\":{\"@type\":\"EntryPoint\",\"urlTemplate\":\"https:\/\/www.proantic.com\/magazine\/?s={search_term_string}\"},\"query-input\":{\"@type\":\"PropertyValueSpecification\",\"valueRequired\":true,\"valueName\":\"search_term_string\"}}],\"inLanguage\":\"fr-FR\"},{\"@type\":\"Person\",\"@id\":\"https:\/\/www.proantic.com\/magazine\/#\/schema\/person\/63707e8f4e7d0172de7ddde897688be0\",\"name\":\"C\u00e9line Autant\"}]}<\/script>\n<!-- \/ Yoast SEO plugin. -->","yoast_head_json":{"title":"Palais disparus de Napol\u00e9on Le Magazine de Proantic","description":"Connu comme chef de guerre hors pair, comme travailleur infatigable et comme b\u00e2tisseur ambitieux, Napol\u00e9on Bonaparte l\u2019est moins comme amateur d\u2019artisanat","robots":{"index":"index","follow":"follow","max-snippet":"max-snippet:-1","max-image-preview":"max-image-preview:large","max-video-preview":"max-video-preview:-1"},"canonical":"https:\/\/www.proantic.com\/magazine\/palais-disparus-de-napoleon\/","og_locale":"fr_FR","og_type":"article","og_title":"Palais disparus de Napol\u00e9on Le Magazine de Proantic","og_description":"Connu comme chef de guerre hors pair, comme travailleur infatigable et comme b\u00e2tisseur ambitieux, Napol\u00e9on Bonaparte l\u2019est moins comme amateur d\u2019artisanat","og_url":"https:\/\/www.proantic.com\/magazine\/palais-disparus-de-napoleon\/","og_site_name":"Le Magazine de Proantic","article_publisher":"https:\/\/www.facebook.com\/pages\/Proantic\/\/259180871793","article_published_time":"2021-12-15T15:09:27+00:00","article_modified_time":"2021-12-16T07:39:59+00:00","og_image":[{"width":1599,"height":1396,"url":"https:\/\/i0.wp.com\/www.proantic.com\/magazine\/wp-content\/uploads\/2021\/12\/75781.jpg?fit=1599%2C1396&ssl=1","type":"image\/jpeg"}],"author":"C\u00e9line Autant","twitter_misc":{"\u00c9crit par":"C\u00e9line Autant","Dur\u00e9e de lecture estim\u00e9e":"3 minutes"},"schema":{"@context":"https:\/\/schema.org","@graph":[{"@type":"Article","@id":"https:\/\/www.proantic.com\/magazine\/palais-disparus-de-napoleon\/#article","isPartOf":{"@id":"https:\/\/www.proantic.com\/magazine\/palais-disparus-de-napoleon\/"},"author":{"name":"C\u00e9line Autant","@id":"https:\/\/www.proantic.com\/magazine\/#\/schema\/person\/63707e8f4e7d0172de7ddde897688be0"},"headline":"Palais disparus de Napol\u00e9on","datePublished":"2021-12-15T15:09:27+00:00","dateModified":"2021-12-16T07:39:59+00:00","mainEntityOfPage":{"@id":"https:\/\/www.proantic.com\/magazine\/palais-disparus-de-napoleon\/"},"wordCount":527,"image":{"@id":"https:\/\/www.proantic.com\/magazine\/palais-disparus-de-napoleon\/#primaryimage"},"thumbnailUrl":"https:\/\/i0.wp.com\/www.proantic.com\/magazine\/wp-content\/uploads\/2021\/12\/75781.jpg?fit=1599%2C1396&ssl=1","articleSection":["Expositions"],"inLanguage":"fr-FR"},{"@type":"WebPage","@id":"https:\/\/www.proantic.com\/magazine\/palais-disparus-de-napoleon\/","url":"https:\/\/www.proantic.com\/magazine\/palais-disparus-de-napoleon\/","name":"Palais disparus de Napol\u00e9on Le Magazine de Proantic","isPartOf":{"@id":"https:\/\/www.proantic.com\/magazine\/#website"},"primaryImageOfPage":{"@id":"https:\/\/www.proantic.com\/magazine\/palais-disparus-de-napoleon\/#primaryimage"},"image":{"@id":"https:\/\/www.proantic.com\/magazine\/palais-disparus-de-napoleon\/#primaryimage"},"thumbnailUrl":"https:\/\/i0.wp.com\/www.proantic.com\/magazine\/wp-content\/uploads\/2021\/12\/75781.jpg?fit=1599%2C1396&ssl=1","datePublished":"2021-12-15T15:09:27+00:00","dateModified":"2021-12-16T07:39:59+00:00","author":{"@id":"https:\/\/www.proantic.com\/magazine\/#\/schema\/person\/63707e8f4e7d0172de7ddde897688be0"},"description":"Connu comme chef de guerre hors pair, comme travailleur infatigable et comme b\u00e2tisseur ambitieux, Napol\u00e9on Bonaparte l\u2019est moins comme amateur d\u2019artisanat","breadcrumb":{"@id":"https:\/\/www.proantic.com\/magazine\/palais-disparus-de-napoleon\/#breadcrumb"},"inLanguage":"fr-FR","potentialAction":[{"@type":"ReadAction","target":["https:\/\/www.proantic.com\/magazine\/palais-disparus-de-napoleon\/"]}]},{"@type":"ImageObject","inLanguage":"fr-FR","@id":"https:\/\/www.proantic.com\/magazine\/palais-disparus-de-napoleon\/#primaryimage","url":"https:\/\/i0.wp.com\/www.proantic.com\/magazine\/wp-content\/uploads\/2021\/12\/75781.jpg?fit=1599%2C1396&ssl=1","contentUrl":"https:\/\/i0.wp.com\/www.proantic.com\/magazine\/wp-content\/uploads\/2021\/12\/75781.jpg?fit=1599%2C1396&ssl=1","width":1599,"height":1396},{"@type":"BreadcrumbList","@id":"https:\/\/www.proantic.com\/magazine\/palais-disparus-de-napoleon\/#breadcrumb","itemListElement":[{"@type":"ListItem","position":1,"name":"Accueil","item":"https:\/\/www.proantic.com\/magazine\/"},{"@type":"ListItem","position":2,"name":"Palais disparus de Napol\u00e9on"}]},{"@type":"WebSite","@id":"https:\/\/www.proantic.com\/magazine\/#website","url":"https:\/\/www.proantic.com\/magazine\/","name":"Le Magazine de Proantic","description":"Magazine d&#039;art et expositions","potentialAction":[{"@type":"SearchAction","target":{"@type":"EntryPoint","urlTemplate":"https:\/\/www.proantic.com\/magazine\/?s={search_term_string}"},"query-input":{"@type":"PropertyValueSpecification","valueRequired":true,"valueName":"search_term_string"}}],"inLanguage":"fr-FR"},{"@type":"Person","@id":"https:\/\/www.proantic.com\/magazine\/#\/schema\/person\/63707e8f4e7d0172de7ddde897688be0","name":"C\u00e9line Autant"}]}},"jetpack_publicize_connections":[],"jetpack_featured_media_url":"https:\/\/i0.wp.com\/www.proantic.com\/magazine\/wp-content\/uploads\/2021\/12\/75781.jpg?fit=1599%2C1396&ssl=1","jetpack_shortlink":"https:\/\/wp.me\/p7EkP3-3Gf","jetpack_sharing_enabled":true,"_links":{"self":[{"href":"https:\/\/www.proantic.com\/magazine\/wp-json\/wp\/v2\/posts\/14151","targetHints":{"allow":["GET"]}}],"collection":[{"href":"https:\/\/www.proantic.com\/magazine\/wp-json\/wp\/v2\/posts"}],"about":[{"href":"https:\/\/www.proantic.com\/magazine\/wp-json\/wp\/v2\/types\/post"}],"author":[{"embeddable":true,"href":"https:\/\/www.proantic.com\/magazine\/wp-json\/wp\/v2\/users\/6"}],"replies":[{"embeddable":true,"href":"https:\/\/www.proantic.com\/magazine\/wp-json\/wp\/v2\/comments?post=14151"}],"version-history":[{"count":4,"href":"https:\/\/www.proantic.com\/magazine\/wp-json\/wp\/v2\/posts\/14151\/revisions"}],"predecessor-version":[{"id":14180,"href":"https:\/\/www.proantic.com\/magazine\/wp-json\/wp\/v2\/posts\/14151\/revisions\/14180"}],"wp:featuredmedia":[{"embeddable":true,"href":"https:\/\/www.proantic.com\/magazine\/wp-json\/wp\/v2\/media\/14176"}],"wp:attachment":[{"href":"https:\/\/www.proantic.com\/magazine\/wp-json\/wp\/v2\/media?parent=14151"}],"wp:term":[{"taxonomy":"category","embeddable":true,"href":"https:\/\/www.proantic.com\/magazine\/wp-json\/wp\/v2\/categories?post=14151"},{"taxonomy":"post_tag","embeddable":true,"href":"https:\/\/www.proantic.com\/magazine\/wp-json\/wp\/v2\/tags?post=14151"}],"curies":[{"name":"wp","href":"https:\/\/api.w.org\/{rel}","templated":true}]}}