{"id":13928,"date":"2021-09-29T07:31:13","date_gmt":"2021-09-29T06:31:13","guid":{"rendered":"https:\/\/www.proantic.com\/magazine\/?p=13928"},"modified":"2024-04-22T10:52:18","modified_gmt":"2024-04-22T09:52:18","slug":"lit-a-badaquin-commemorant-la-bataille-de-valmy","status":"publish","type":"post","link":"https:\/\/www.proantic.com\/magazine\/lit-a-badaquin-commemorant-la-bataille-de-valmy\/","title":{"rendered":"Lit \u00e0 badaquin comm\u00e9morant la bataille de Valmy"},"content":{"rendered":"\n<p><strong>Unique exemplaire d&rsquo;une \u0153uvre de commande parvenue jusqu&rsquo;\u00e0 nous<\/strong>. Ce lit comm\u00e9more la c\u00e9l\u00e8bre bataille de Valmy qui eut lieu le 20 septembre 1792, marqu\u00e9e par une victoire d\u00e9cisive de l&rsquo;arm\u00e9e fran\u00e7aise men\u00e9e par Charles-Fran\u00e7ois DUMOURIEZ sur l&rsquo;envahisseur prussien.<\/p>\n\n\n\n<figure class=\"wp-block-image size-large\"><img data-recalc-dims=\"1\" loading=\"lazy\" decoding=\"async\" width=\"665\" height=\"689\" data-attachment-id=\"13937\" data-permalink=\"https:\/\/www.proantic.com\/magazine\/lit-a-badaquin-commemorant-la-bataille-de-valmy\/828256-main-614739a192c48\/\" data-orig-file=\"https:\/\/i0.wp.com\/www.proantic.com\/magazine\/wp-content\/uploads\/2021\/09\/828256-main-614739a192c48.jpg?fit=772%2C800&amp;ssl=1\" data-orig-size=\"772,800\" data-comments-opened=\"1\" data-image-meta=\"{&quot;aperture&quot;:&quot;0&quot;,&quot;credit&quot;:&quot;&quot;,&quot;camera&quot;:&quot;&quot;,&quot;caption&quot;:&quot;&quot;,&quot;created_timestamp&quot;:&quot;0&quot;,&quot;copyright&quot;:&quot;&quot;,&quot;focal_length&quot;:&quot;0&quot;,&quot;iso&quot;:&quot;0&quot;,&quot;shutter_speed&quot;:&quot;0&quot;,&quot;title&quot;:&quot;&quot;,&quot;orientation&quot;:&quot;0&quot;}\" data-image-title=\"Lit \u00e0 badaquin comm\u00e9morant la bataille de Valmy, France, vers 1793-1795. (c) Rudy Chaix antiquites\" data-image-description=\"\" data-image-caption=\"&lt;p&gt;Lit \u00e0 badaquin comm\u00e9morant la bataille de Valmy, France, vers 1793-1795. (c) Rudy Chaix antiquites&lt;\/p&gt;\n\" data-medium-file=\"https:\/\/i0.wp.com\/www.proantic.com\/magazine\/wp-content\/uploads\/2021\/09\/828256-main-614739a192c48.jpg?fit=290%2C300&amp;ssl=1\" data-large-file=\"https:\/\/i0.wp.com\/www.proantic.com\/magazine\/wp-content\/uploads\/2021\/09\/828256-main-614739a192c48.jpg?fit=665%2C689&amp;ssl=1\" src=\"https:\/\/i0.wp.com\/www.proantic.com\/magazine\/wp-content\/uploads\/2021\/09\/828256-main-614739a192c48.jpg?resize=665%2C689&#038;ssl=1\" alt=\"\" class=\"wp-image-13937\" srcset=\"https:\/\/i0.wp.com\/www.proantic.com\/magazine\/wp-content\/uploads\/2021\/09\/828256-main-614739a192c48.jpg?w=772&amp;ssl=1 772w, https:\/\/i0.wp.com\/www.proantic.com\/magazine\/wp-content\/uploads\/2021\/09\/828256-main-614739a192c48.jpg?resize=290%2C300&amp;ssl=1 290w, https:\/\/i0.wp.com\/www.proantic.com\/magazine\/wp-content\/uploads\/2021\/09\/828256-main-614739a192c48.jpg?resize=768%2C796&amp;ssl=1 768w, https:\/\/i0.wp.com\/www.proantic.com\/magazine\/wp-content\/uploads\/2021\/09\/828256-main-614739a192c48.jpg?resize=174%2C180&amp;ssl=1 174w\" sizes=\"auto, (max-width: 665px) 100vw, 665px\" \/><figcaption>Lit \u00e0 badaquin comm\u00e9morant la bataille de Valmy, France, vers 1793-1795. (c)<a href=\"https:\/\/www.proantic.com\/galerie\/rudy-chaix-antiquites\/\"> Rudy Chaix antiquites<\/a><\/figcaption><\/figure>\n\n\n\n<p>Les deux montants du lit sont somm\u00e9s d&rsquo;un fronton triangulaire \u00e0 cannelures centr\u00e9e d&rsquo;une cocarde bleu, blanc et rouge. <\/p>\n\n\n\n<figure class=\"wp-block-image size-large\"><img data-recalc-dims=\"1\" loading=\"lazy\" decoding=\"async\" width=\"665\" height=\"887\" data-attachment-id=\"13939\" data-permalink=\"https:\/\/www.proantic.com\/magazine\/lit-a-badaquin-commemorant-la-bataille-de-valmy\/828256-alb-61473a30e92cb\/\" data-orig-file=\"https:\/\/i0.wp.com\/www.proantic.com\/magazine\/wp-content\/uploads\/2021\/09\/828256-alb-61473a30e92cb.jpg?fit=900%2C1200&amp;ssl=1\" data-orig-size=\"900,1200\" data-comments-opened=\"1\" data-image-meta=\"{&quot;aperture&quot;:&quot;0&quot;,&quot;credit&quot;:&quot;&quot;,&quot;camera&quot;:&quot;&quot;,&quot;caption&quot;:&quot;&quot;,&quot;created_timestamp&quot;:&quot;0&quot;,&quot;copyright&quot;:&quot;&quot;,&quot;focal_length&quot;:&quot;0&quot;,&quot;iso&quot;:&quot;0&quot;,&quot;shutter_speed&quot;:&quot;0&quot;,&quot;title&quot;:&quot;&quot;,&quot;orientation&quot;:&quot;0&quot;}\" data-image-title=\"Lit \u00e0 badaquin comm\u00e9morant la bataille de Valmy, France, vers 1793-1795. (c) Rudy Chaix antiquites\" data-image-description=\"\" data-image-caption=\"&lt;p&gt;Lit \u00e0 badaquin comm\u00e9morant la bataille de Valmy, France, vers 1793-1795. (c) Rudy Chaix antiquites, Proantic&lt;\/p&gt;\n\" data-medium-file=\"https:\/\/i0.wp.com\/www.proantic.com\/magazine\/wp-content\/uploads\/2021\/09\/828256-alb-61473a30e92cb.jpg?fit=225%2C300&amp;ssl=1\" data-large-file=\"https:\/\/i0.wp.com\/www.proantic.com\/magazine\/wp-content\/uploads\/2021\/09\/828256-alb-61473a30e92cb.jpg?fit=665%2C887&amp;ssl=1\" src=\"https:\/\/i0.wp.com\/www.proantic.com\/magazine\/wp-content\/uploads\/2021\/09\/828256-alb-61473a30e92cb.jpg?resize=665%2C887&#038;ssl=1\" alt=\"\" class=\"wp-image-13939\" srcset=\"https:\/\/i0.wp.com\/www.proantic.com\/magazine\/wp-content\/uploads\/2021\/09\/828256-alb-61473a30e92cb.jpg?resize=768%2C1024&amp;ssl=1 768w, https:\/\/i0.wp.com\/www.proantic.com\/magazine\/wp-content\/uploads\/2021\/09\/828256-alb-61473a30e92cb.jpg?resize=225%2C300&amp;ssl=1 225w, https:\/\/i0.wp.com\/www.proantic.com\/magazine\/wp-content\/uploads\/2021\/09\/828256-alb-61473a30e92cb.jpg?resize=135%2C180&amp;ssl=1 135w, https:\/\/i0.wp.com\/www.proantic.com\/magazine\/wp-content\/uploads\/2021\/09\/828256-alb-61473a30e92cb.jpg?w=900&amp;ssl=1 900w\" sizes=\"auto, (max-width: 665px) 100vw, 665px\" \/><figcaption>Lit \u00e0 badaquin comm\u00e9morant la bataille de Valmy, France, vers 1793-1795. (c) Rudy Chaix antiquites, Proantic<\/figcaption><\/figure>\n\n\n\n<p>L&rsquo;un est peint d&rsquo;une sc\u00e8ne repr\u00e9sentant la lev\u00e9e des volontaires qui participeront \u00e0 la bataille, suite \u00e0 la d\u00e9claration de la Patrie en danger par l&rsquo;assembl\u00e9e l\u00e9gislative. Cet \u00e9pisode se d\u00e9roule sous une tente de campagne, montrant une foule de pr\u00e9tendants au combat pr\u00eats \u00e0 signer leur engagement. <\/p>\n\n\n\n<figure class=\"wp-block-image size-large\"><img data-recalc-dims=\"1\" loading=\"lazy\" decoding=\"async\" width=\"665\" height=\"489\" data-attachment-id=\"13940\" data-permalink=\"https:\/\/www.proantic.com\/magazine\/lit-a-badaquin-commemorant-la-bataille-de-valmy\/828256-614739efd1544\/\" data-orig-file=\"https:\/\/i0.wp.com\/www.proantic.com\/magazine\/wp-content\/uploads\/2021\/09\/828256-614739efd1544.jpg?fit=800%2C588&amp;ssl=1\" data-orig-size=\"800,588\" data-comments-opened=\"1\" data-image-meta=\"{&quot;aperture&quot;:&quot;0&quot;,&quot;credit&quot;:&quot;&quot;,&quot;camera&quot;:&quot;&quot;,&quot;caption&quot;:&quot;&quot;,&quot;created_timestamp&quot;:&quot;0&quot;,&quot;copyright&quot;:&quot;&quot;,&quot;focal_length&quot;:&quot;0&quot;,&quot;iso&quot;:&quot;0&quot;,&quot;shutter_speed&quot;:&quot;0&quot;,&quot;title&quot;:&quot;&quot;,&quot;orientation&quot;:&quot;0&quot;}\" data-image-title=\"Lit \u00e0 badaquin comm\u00e9morant la bataille de Valmy, France, vers 1793-1795. (c) Rudy Chaix antiquites\" data-image-description=\"\" data-image-caption=\"&lt;p&gt;Lit \u00e0 badaquin comm\u00e9morant la bataille de Valmy, France, vers 1793-1795. (c) Rudy Chaix antiquites, proantic&lt;\/p&gt;\n\" data-medium-file=\"https:\/\/i0.wp.com\/www.proantic.com\/magazine\/wp-content\/uploads\/2021\/09\/828256-614739efd1544.jpg?fit=300%2C221&amp;ssl=1\" data-large-file=\"https:\/\/i0.wp.com\/www.proantic.com\/magazine\/wp-content\/uploads\/2021\/09\/828256-614739efd1544.jpg?fit=665%2C489&amp;ssl=1\" src=\"https:\/\/i0.wp.com\/www.proantic.com\/magazine\/wp-content\/uploads\/2021\/09\/828256-614739efd1544.jpg?resize=665%2C489&#038;ssl=1\" alt=\"\" class=\"wp-image-13940\" srcset=\"https:\/\/i0.wp.com\/www.proantic.com\/magazine\/wp-content\/uploads\/2021\/09\/828256-614739efd1544.jpg?w=800&amp;ssl=1 800w, https:\/\/i0.wp.com\/www.proantic.com\/magazine\/wp-content\/uploads\/2021\/09\/828256-614739efd1544.jpg?resize=300%2C221&amp;ssl=1 300w, https:\/\/i0.wp.com\/www.proantic.com\/magazine\/wp-content\/uploads\/2021\/09\/828256-614739efd1544.jpg?resize=768%2C564&amp;ssl=1 768w, https:\/\/i0.wp.com\/www.proantic.com\/magazine\/wp-content\/uploads\/2021\/09\/828256-614739efd1544.jpg?resize=180%2C132&amp;ssl=1 180w\" sizes=\"auto, (max-width: 665px) 100vw, 665px\" \/><figcaption>Lit \u00e0 badaquin comm\u00e9morant la bataille de Valmy, France, vers 1793-1795. (c)<a href=\"https:\/\/www.proantic.com\/galerie\/rudy-chaix-antiquites\/\"> Rudy Chaix antiquites<\/a>, proantic<\/figcaption><\/figure>\n\n\n\n<p>Le second illustre la bataille de Valmy au moment de la victoire. Pr\u00e8s du c\u00e9l\u00e8bre moulin, le G\u00e9n\u00e9ral KELLERMANN, accompagn\u00e9 d&rsquo;un d\u00e9put\u00e9, d&rsquo;officiers et de soldats, c\u00e9l\u00e8bre la victoire en brandissant chapeaux, au son des canons encore fumants.<\/p>\n\n\n\n<figure class=\"wp-block-image size-large\"><img data-recalc-dims=\"1\" loading=\"lazy\" decoding=\"async\" width=\"665\" height=\"489\" data-attachment-id=\"13941\" data-permalink=\"https:\/\/www.proantic.com\/magazine\/lit-a-badaquin-commemorant-la-bataille-de-valmy\/828256-614739efdd0f3\/\" data-orig-file=\"https:\/\/i0.wp.com\/www.proantic.com\/magazine\/wp-content\/uploads\/2021\/09\/828256-614739efdd0f3.jpg?fit=800%2C588&amp;ssl=1\" data-orig-size=\"800,588\" data-comments-opened=\"1\" data-image-meta=\"{&quot;aperture&quot;:&quot;0&quot;,&quot;credit&quot;:&quot;&quot;,&quot;camera&quot;:&quot;&quot;,&quot;caption&quot;:&quot;&quot;,&quot;created_timestamp&quot;:&quot;0&quot;,&quot;copyright&quot;:&quot;&quot;,&quot;focal_length&quot;:&quot;0&quot;,&quot;iso&quot;:&quot;0&quot;,&quot;shutter_speed&quot;:&quot;0&quot;,&quot;title&quot;:&quot;&quot;,&quot;orientation&quot;:&quot;0&quot;}\" data-image-title=\"Lit \u00e0 badaquin comm\u00e9morant la bataille de Valmy, France, vers 1793-1795. (c) Rudy Chaix antiquites\" data-image-description=\"\" data-image-caption=\"&lt;p&gt;Lit \u00e0 badaquin comm\u00e9morant la bataille de Valmy, France, vers 1793-1795. (c) Rudy Chaix antiquites&lt;\/p&gt;\n\" data-medium-file=\"https:\/\/i0.wp.com\/www.proantic.com\/magazine\/wp-content\/uploads\/2021\/09\/828256-614739efdd0f3.jpg?fit=300%2C221&amp;ssl=1\" data-large-file=\"https:\/\/i0.wp.com\/www.proantic.com\/magazine\/wp-content\/uploads\/2021\/09\/828256-614739efdd0f3.jpg?fit=665%2C489&amp;ssl=1\" src=\"https:\/\/i0.wp.com\/www.proantic.com\/magazine\/wp-content\/uploads\/2021\/09\/828256-614739efdd0f3.jpg?resize=665%2C489&#038;ssl=1\" alt=\"\" class=\"wp-image-13941\" srcset=\"https:\/\/i0.wp.com\/www.proantic.com\/magazine\/wp-content\/uploads\/2021\/09\/828256-614739efdd0f3.jpg?w=800&amp;ssl=1 800w, https:\/\/i0.wp.com\/www.proantic.com\/magazine\/wp-content\/uploads\/2021\/09\/828256-614739efdd0f3.jpg?resize=300%2C221&amp;ssl=1 300w, https:\/\/i0.wp.com\/www.proantic.com\/magazine\/wp-content\/uploads\/2021\/09\/828256-614739efdd0f3.jpg?resize=768%2C564&amp;ssl=1 768w, https:\/\/i0.wp.com\/www.proantic.com\/magazine\/wp-content\/uploads\/2021\/09\/828256-614739efdd0f3.jpg?resize=180%2C132&amp;ssl=1 180w\" sizes=\"auto, (max-width: 665px) 100vw, 665px\" \/><figcaption>Lit \u00e0 badaquin comm\u00e9morant la bataille de Valmy, France, vers 1793-1795. (c) Rudy Chaix antiquites<\/figcaption><\/figure>\n\n\n\n<p>Au revers de chacun est peinte une guirlande pendante aux couleurs de la R\u00e9volution.<\/p>\n\n\n\n<figure class=\"wp-block-image size-large\"><img data-recalc-dims=\"1\" loading=\"lazy\" decoding=\"async\" width=\"665\" height=\"499\" data-attachment-id=\"13942\" data-permalink=\"https:\/\/www.proantic.com\/magazine\/lit-a-badaquin-commemorant-la-bataille-de-valmy\/828256-alb-61473a30cc263\/\" data-orig-file=\"https:\/\/i0.wp.com\/www.proantic.com\/magazine\/wp-content\/uploads\/2021\/09\/828256-alb-61473a30cc263.jpg?fit=1200%2C900&amp;ssl=1\" data-orig-size=\"1200,900\" data-comments-opened=\"1\" data-image-meta=\"{&quot;aperture&quot;:&quot;0&quot;,&quot;credit&quot;:&quot;&quot;,&quot;camera&quot;:&quot;&quot;,&quot;caption&quot;:&quot;&quot;,&quot;created_timestamp&quot;:&quot;0&quot;,&quot;copyright&quot;:&quot;&quot;,&quot;focal_length&quot;:&quot;0&quot;,&quot;iso&quot;:&quot;0&quot;,&quot;shutter_speed&quot;:&quot;0&quot;,&quot;title&quot;:&quot;&quot;,&quot;orientation&quot;:&quot;0&quot;}\" data-image-title=\"Lit \u00e0 badaquin comm\u00e9morant la bataille de Valmy, France, vers 1793-1795. (c) Rudy Chaix antiquites\" data-image-description=\"\" data-image-caption=\"\" data-medium-file=\"https:\/\/i0.wp.com\/www.proantic.com\/magazine\/wp-content\/uploads\/2021\/09\/828256-alb-61473a30cc263.jpg?fit=300%2C225&amp;ssl=1\" data-large-file=\"https:\/\/i0.wp.com\/www.proantic.com\/magazine\/wp-content\/uploads\/2021\/09\/828256-alb-61473a30cc263.jpg?fit=665%2C499&amp;ssl=1\" src=\"https:\/\/i0.wp.com\/www.proantic.com\/magazine\/wp-content\/uploads\/2021\/09\/828256-alb-61473a30cc263.jpg?resize=665%2C499&#038;ssl=1\" alt=\"\" class=\"wp-image-13942\" srcset=\"https:\/\/i0.wp.com\/www.proantic.com\/magazine\/wp-content\/uploads\/2021\/09\/828256-alb-61473a30cc263.jpg?resize=1024%2C768&amp;ssl=1 1024w, https:\/\/i0.wp.com\/www.proantic.com\/magazine\/wp-content\/uploads\/2021\/09\/828256-alb-61473a30cc263.jpg?resize=300%2C225&amp;ssl=1 300w, https:\/\/i0.wp.com\/www.proantic.com\/magazine\/wp-content\/uploads\/2021\/09\/828256-alb-61473a30cc263.jpg?resize=768%2C576&amp;ssl=1 768w, https:\/\/i0.wp.com\/www.proantic.com\/magazine\/wp-content\/uploads\/2021\/09\/828256-alb-61473a30cc263.jpg?resize=180%2C135&amp;ssl=1 180w, https:\/\/i0.wp.com\/www.proantic.com\/magazine\/wp-content\/uploads\/2021\/09\/828256-alb-61473a30cc263.jpg?w=1200&amp;ssl=1 1200w\" sizes=\"auto, (max-width: 665px) 100vw, 665px\" \/><\/figure>\n\n\n\n<p>Le ciel de lit est pos\u00e9 sur quatre colonnettes \u00e0 cannelures dont il manque les terminaisons, et supporte une tr\u00e8s belle passementerie et des rideaux d&rsquo;\u00e9poque, reprenant toujours la m\u00eame th\u00e9matique chromatique. Ces tissus sont l\u00e9g\u00e8rement fan\u00e9s, avec quelques d\u00e9chirure, et manques, mais cet ensemble est tout de m\u00eame dans un \u00e9tat exceptionnel.<br>Aucune pi\u00e8ce comparable n&rsquo;est connue \u00e0 ce jour. Les rares exemplaires de meubles de cette \u00e9poque, avec des d\u00e9cors aussi \u00ab\u00a0typ\u00e9s\u00a0\u00bb, se trouvent dans des institutions comme le Mus\u00e9e Carnavalet.<\/p>\n","protected":false},"excerpt":{"rendered":"<p>Unique exemplaire d&rsquo;une \u0153uvre de commande parvenue jusqu&rsquo;\u00e0 nous. Ce lit comm\u00e9more la c\u00e9l\u00e8bre bataille de Valmy qui eut lieu le 20 septembre 1792, marqu\u00e9e par une victoire d\u00e9cisive de l&rsquo;arm\u00e9e fran\u00e7aise men\u00e9e par Charles-Fran\u00e7ois DUMOURIEZ sur l&rsquo;envahisseur prussien. Les deux montants du lit sont somm\u00e9s d&rsquo;un fronton triangulaire \u00e0 cannelures centr\u00e9e d&rsquo;une cocarde bleu, [&hellip;]<\/p>\n","protected":false},"author":6,"featured_media":13943,"comment_status":"closed","ping_status":"open","sticky":false,"template":"","format":"standard","meta":{"jetpack_post_was_ever_published":false,"_jetpack_newsletter_access":"","_jetpack_dont_email_post_to_subs":false,"_jetpack_newsletter_tier_id":0,"_jetpack_memberships_contains_paywalled_content":false,"_jetpack_memberships_contains_paid_content":false,"footnotes":"","jetpack_publicize_message":"","jetpack_publicize_feature_enabled":true,"jetpack_social_post_already_shared":true,"jetpack_social_options":{"image_generator_settings":{"template":"highway","default_image_id":0,"font":"","enabled":false},"version":2}},"categories":[180],"tags":[],"class_list":["post-13928","post","type-post","status-publish","format-standard","has-post-thumbnail","hentry","category-arts-decoratifs-proantic"],"yoast_head":"<!-- This site is optimized with the Yoast SEO plugin v26.9 - https:\/\/yoast.com\/product\/yoast-seo-wordpress\/ -->\n<title>Lit \u00e0 badaquin comm\u00e9morant la bataille de Valmy Le Magazine de Proantic<\/title>\n<meta name=\"description\" content=\"Unique exemplaire d&#039;une \u0153uvre de commande parvenue jusqu&#039;\u00e0 nous. Ce lit comm\u00e9more la c\u00e9l\u00e8bre bataille de Valmy qui eut lieu le 20 septembre 1792, marqu\u00e9e\" \/>\n<meta name=\"robots\" content=\"index, follow, max-snippet:-1, max-image-preview:large, max-video-preview:-1\" \/>\n<link rel=\"canonical\" href=\"https:\/\/www.proantic.com\/magazine\/lit-a-badaquin-commemorant-la-bataille-de-valmy\/\" \/>\n<meta property=\"og:locale\" content=\"fr_FR\" \/>\n<meta property=\"og:type\" content=\"article\" \/>\n<meta property=\"og:title\" content=\"Lit \u00e0 badaquin comm\u00e9morant la bataille de Valmy Le Magazine de Proantic\" \/>\n<meta property=\"og:description\" content=\"Unique exemplaire d&#039;une \u0153uvre de commande parvenue jusqu&#039;\u00e0 nous. Ce lit comm\u00e9more la c\u00e9l\u00e8bre bataille de Valmy qui eut lieu le 20 septembre 1792, marqu\u00e9e\" \/>\n<meta property=\"og:url\" content=\"https:\/\/www.proantic.com\/magazine\/lit-a-badaquin-commemorant-la-bataille-de-valmy\/\" \/>\n<meta property=\"og:site_name\" content=\"Le Magazine de Proantic\" \/>\n<meta property=\"article:publisher\" content=\"https:\/\/www.facebook.com\/pages\/Proantic\/\/259180871793\" \/>\n<meta property=\"article:published_time\" content=\"2021-09-29T06:31:13+00:00\" \/>\n<meta property=\"article:modified_time\" content=\"2024-04-22T09:52:18+00:00\" \/>\n<meta property=\"og:image\" content=\"https:\/\/www.proantic.com\/magazine\/wp-content\/uploads\/2021\/09\/828256-614739efb53db.jpg\" \/>\n\t<meta property=\"og:image:width\" content=\"1200\" \/>\n\t<meta property=\"og:image:height\" content=\"900\" \/>\n\t<meta property=\"og:image:type\" content=\"image\/jpeg\" \/>\n<meta name=\"author\" content=\"C\u00e9line Autant\" \/>\n<meta name=\"twitter:label1\" content=\"\u00c9crit par\" \/>\n\t<meta name=\"twitter:data1\" content=\"C\u00e9line Autant\" \/>\n\t<meta name=\"twitter:label2\" content=\"Dur\u00e9e de lecture estim\u00e9e\" \/>\n\t<meta name=\"twitter:data2\" content=\"2 minutes\" \/>\n<script type=\"application\/ld+json\" class=\"yoast-schema-graph\">{\"@context\":\"https:\/\/schema.org\",\"@graph\":[{\"@type\":\"Article\",\"@id\":\"https:\/\/www.proantic.com\/magazine\/lit-a-badaquin-commemorant-la-bataille-de-valmy\/#article\",\"isPartOf\":{\"@id\":\"https:\/\/www.proantic.com\/magazine\/lit-a-badaquin-commemorant-la-bataille-de-valmy\/\"},\"author\":{\"name\":\"C\u00e9line Autant\",\"@id\":\"https:\/\/www.proantic.com\/magazine\/#\/schema\/person\/63707e8f4e7d0172de7ddde897688be0\"},\"headline\":\"Lit \u00e0 badaquin comm\u00e9morant la bataille de Valmy\",\"datePublished\":\"2021-09-29T06:31:13+00:00\",\"dateModified\":\"2024-04-22T09:52:18+00:00\",\"mainEntityOfPage\":{\"@id\":\"https:\/\/www.proantic.com\/magazine\/lit-a-badaquin-commemorant-la-bataille-de-valmy\/\"},\"wordCount\":356,\"image\":{\"@id\":\"https:\/\/www.proantic.com\/magazine\/lit-a-badaquin-commemorant-la-bataille-de-valmy\/#primaryimage\"},\"thumbnailUrl\":\"https:\/\/i0.wp.com\/www.proantic.com\/magazine\/wp-content\/uploads\/2021\/09\/828256-614739efb53db.jpg?fit=1200%2C900&ssl=1\",\"articleSection\":[\"Arts d\u00e9coratifs sur Proantic\"],\"inLanguage\":\"fr-FR\"},{\"@type\":\"WebPage\",\"@id\":\"https:\/\/www.proantic.com\/magazine\/lit-a-badaquin-commemorant-la-bataille-de-valmy\/\",\"url\":\"https:\/\/www.proantic.com\/magazine\/lit-a-badaquin-commemorant-la-bataille-de-valmy\/\",\"name\":\"Lit \u00e0 badaquin comm\u00e9morant la bataille de Valmy Le Magazine de Proantic\",\"isPartOf\":{\"@id\":\"https:\/\/www.proantic.com\/magazine\/#website\"},\"primaryImageOfPage\":{\"@id\":\"https:\/\/www.proantic.com\/magazine\/lit-a-badaquin-commemorant-la-bataille-de-valmy\/#primaryimage\"},\"image\":{\"@id\":\"https:\/\/www.proantic.com\/magazine\/lit-a-badaquin-commemorant-la-bataille-de-valmy\/#primaryimage\"},\"thumbnailUrl\":\"https:\/\/i0.wp.com\/www.proantic.com\/magazine\/wp-content\/uploads\/2021\/09\/828256-614739efb53db.jpg?fit=1200%2C900&ssl=1\",\"datePublished\":\"2021-09-29T06:31:13+00:00\",\"dateModified\":\"2024-04-22T09:52:18+00:00\",\"author\":{\"@id\":\"https:\/\/www.proantic.com\/magazine\/#\/schema\/person\/63707e8f4e7d0172de7ddde897688be0\"},\"description\":\"Unique exemplaire d'une \u0153uvre de commande parvenue jusqu'\u00e0 nous. Ce lit comm\u00e9more la c\u00e9l\u00e8bre bataille de Valmy qui eut lieu le 20 septembre 1792, marqu\u00e9e\",\"breadcrumb\":{\"@id\":\"https:\/\/www.proantic.com\/magazine\/lit-a-badaquin-commemorant-la-bataille-de-valmy\/#breadcrumb\"},\"inLanguage\":\"fr-FR\",\"potentialAction\":[{\"@type\":\"ReadAction\",\"target\":[\"https:\/\/www.proantic.com\/magazine\/lit-a-badaquin-commemorant-la-bataille-de-valmy\/\"]}]},{\"@type\":\"ImageObject\",\"inLanguage\":\"fr-FR\",\"@id\":\"https:\/\/www.proantic.com\/magazine\/lit-a-badaquin-commemorant-la-bataille-de-valmy\/#primaryimage\",\"url\":\"https:\/\/i0.wp.com\/www.proantic.com\/magazine\/wp-content\/uploads\/2021\/09\/828256-614739efb53db.jpg?fit=1200%2C900&ssl=1\",\"contentUrl\":\"https:\/\/i0.wp.com\/www.proantic.com\/magazine\/wp-content\/uploads\/2021\/09\/828256-614739efb53db.jpg?fit=1200%2C900&ssl=1\",\"width\":1200,\"height\":900},{\"@type\":\"BreadcrumbList\",\"@id\":\"https:\/\/www.proantic.com\/magazine\/lit-a-badaquin-commemorant-la-bataille-de-valmy\/#breadcrumb\",\"itemListElement\":[{\"@type\":\"ListItem\",\"position\":1,\"name\":\"Accueil\",\"item\":\"https:\/\/www.proantic.com\/magazine\/\"},{\"@type\":\"ListItem\",\"position\":2,\"name\":\"Lit \u00e0 badaquin comm\u00e9morant la bataille de Valmy\"}]},{\"@type\":\"WebSite\",\"@id\":\"https:\/\/www.proantic.com\/magazine\/#website\",\"url\":\"https:\/\/www.proantic.com\/magazine\/\",\"name\":\"Le Magazine de Proantic\",\"description\":\"Magazine d&#039;art et expositions\",\"potentialAction\":[{\"@type\":\"SearchAction\",\"target\":{\"@type\":\"EntryPoint\",\"urlTemplate\":\"https:\/\/www.proantic.com\/magazine\/?s={search_term_string}\"},\"query-input\":{\"@type\":\"PropertyValueSpecification\",\"valueRequired\":true,\"valueName\":\"search_term_string\"}}],\"inLanguage\":\"fr-FR\"},{\"@type\":\"Person\",\"@id\":\"https:\/\/www.proantic.com\/magazine\/#\/schema\/person\/63707e8f4e7d0172de7ddde897688be0\",\"name\":\"C\u00e9line Autant\"}]}<\/script>\n<!-- \/ Yoast SEO plugin. -->","yoast_head_json":{"title":"Lit \u00e0 badaquin comm\u00e9morant la bataille de Valmy Le Magazine de Proantic","description":"Unique exemplaire d'une \u0153uvre de commande parvenue jusqu'\u00e0 nous. Ce lit comm\u00e9more la c\u00e9l\u00e8bre bataille de Valmy qui eut lieu le 20 septembre 1792, marqu\u00e9e","robots":{"index":"index","follow":"follow","max-snippet":"max-snippet:-1","max-image-preview":"max-image-preview:large","max-video-preview":"max-video-preview:-1"},"canonical":"https:\/\/www.proantic.com\/magazine\/lit-a-badaquin-commemorant-la-bataille-de-valmy\/","og_locale":"fr_FR","og_type":"article","og_title":"Lit \u00e0 badaquin comm\u00e9morant la bataille de Valmy Le Magazine de Proantic","og_description":"Unique exemplaire d'une \u0153uvre de commande parvenue jusqu'\u00e0 nous. Ce lit comm\u00e9more la c\u00e9l\u00e8bre bataille de Valmy qui eut lieu le 20 septembre 1792, marqu\u00e9e","og_url":"https:\/\/www.proantic.com\/magazine\/lit-a-badaquin-commemorant-la-bataille-de-valmy\/","og_site_name":"Le Magazine de Proantic","article_publisher":"https:\/\/www.facebook.com\/pages\/Proantic\/\/259180871793","article_published_time":"2021-09-29T06:31:13+00:00","article_modified_time":"2024-04-22T09:52:18+00:00","og_image":[{"width":1200,"height":900,"url":"https:\/\/www.proantic.com\/magazine\/wp-content\/uploads\/2021\/09\/828256-614739efb53db.jpg","type":"image\/jpeg"}],"author":"C\u00e9line Autant","twitter_misc":{"\u00c9crit par":"C\u00e9line Autant","Dur\u00e9e de lecture estim\u00e9e":"2 minutes"},"schema":{"@context":"https:\/\/schema.org","@graph":[{"@type":"Article","@id":"https:\/\/www.proantic.com\/magazine\/lit-a-badaquin-commemorant-la-bataille-de-valmy\/#article","isPartOf":{"@id":"https:\/\/www.proantic.com\/magazine\/lit-a-badaquin-commemorant-la-bataille-de-valmy\/"},"author":{"name":"C\u00e9line Autant","@id":"https:\/\/www.proantic.com\/magazine\/#\/schema\/person\/63707e8f4e7d0172de7ddde897688be0"},"headline":"Lit \u00e0 badaquin comm\u00e9morant la bataille de Valmy","datePublished":"2021-09-29T06:31:13+00:00","dateModified":"2024-04-22T09:52:18+00:00","mainEntityOfPage":{"@id":"https:\/\/www.proantic.com\/magazine\/lit-a-badaquin-commemorant-la-bataille-de-valmy\/"},"wordCount":356,"image":{"@id":"https:\/\/www.proantic.com\/magazine\/lit-a-badaquin-commemorant-la-bataille-de-valmy\/#primaryimage"},"thumbnailUrl":"https:\/\/i0.wp.com\/www.proantic.com\/magazine\/wp-content\/uploads\/2021\/09\/828256-614739efb53db.jpg?fit=1200%2C900&ssl=1","articleSection":["Arts d\u00e9coratifs sur Proantic"],"inLanguage":"fr-FR"},{"@type":"WebPage","@id":"https:\/\/www.proantic.com\/magazine\/lit-a-badaquin-commemorant-la-bataille-de-valmy\/","url":"https:\/\/www.proantic.com\/magazine\/lit-a-badaquin-commemorant-la-bataille-de-valmy\/","name":"Lit \u00e0 badaquin comm\u00e9morant la bataille de Valmy Le Magazine de Proantic","isPartOf":{"@id":"https:\/\/www.proantic.com\/magazine\/#website"},"primaryImageOfPage":{"@id":"https:\/\/www.proantic.com\/magazine\/lit-a-badaquin-commemorant-la-bataille-de-valmy\/#primaryimage"},"image":{"@id":"https:\/\/www.proantic.com\/magazine\/lit-a-badaquin-commemorant-la-bataille-de-valmy\/#primaryimage"},"thumbnailUrl":"https:\/\/i0.wp.com\/www.proantic.com\/magazine\/wp-content\/uploads\/2021\/09\/828256-614739efb53db.jpg?fit=1200%2C900&ssl=1","datePublished":"2021-09-29T06:31:13+00:00","dateModified":"2024-04-22T09:52:18+00:00","author":{"@id":"https:\/\/www.proantic.com\/magazine\/#\/schema\/person\/63707e8f4e7d0172de7ddde897688be0"},"description":"Unique exemplaire d'une \u0153uvre de commande parvenue jusqu'\u00e0 nous. Ce lit comm\u00e9more la c\u00e9l\u00e8bre bataille de Valmy qui eut lieu le 20 septembre 1792, marqu\u00e9e","breadcrumb":{"@id":"https:\/\/www.proantic.com\/magazine\/lit-a-badaquin-commemorant-la-bataille-de-valmy\/#breadcrumb"},"inLanguage":"fr-FR","potentialAction":[{"@type":"ReadAction","target":["https:\/\/www.proantic.com\/magazine\/lit-a-badaquin-commemorant-la-bataille-de-valmy\/"]}]},{"@type":"ImageObject","inLanguage":"fr-FR","@id":"https:\/\/www.proantic.com\/magazine\/lit-a-badaquin-commemorant-la-bataille-de-valmy\/#primaryimage","url":"https:\/\/i0.wp.com\/www.proantic.com\/magazine\/wp-content\/uploads\/2021\/09\/828256-614739efb53db.jpg?fit=1200%2C900&ssl=1","contentUrl":"https:\/\/i0.wp.com\/www.proantic.com\/magazine\/wp-content\/uploads\/2021\/09\/828256-614739efb53db.jpg?fit=1200%2C900&ssl=1","width":1200,"height":900},{"@type":"BreadcrumbList","@id":"https:\/\/www.proantic.com\/magazine\/lit-a-badaquin-commemorant-la-bataille-de-valmy\/#breadcrumb","itemListElement":[{"@type":"ListItem","position":1,"name":"Accueil","item":"https:\/\/www.proantic.com\/magazine\/"},{"@type":"ListItem","position":2,"name":"Lit \u00e0 badaquin comm\u00e9morant la bataille de Valmy"}]},{"@type":"WebSite","@id":"https:\/\/www.proantic.com\/magazine\/#website","url":"https:\/\/www.proantic.com\/magazine\/","name":"Le Magazine de Proantic","description":"Magazine d&#039;art et expositions","potentialAction":[{"@type":"SearchAction","target":{"@type":"EntryPoint","urlTemplate":"https:\/\/www.proantic.com\/magazine\/?s={search_term_string}"},"query-input":{"@type":"PropertyValueSpecification","valueRequired":true,"valueName":"search_term_string"}}],"inLanguage":"fr-FR"},{"@type":"Person","@id":"https:\/\/www.proantic.com\/magazine\/#\/schema\/person\/63707e8f4e7d0172de7ddde897688be0","name":"C\u00e9line Autant"}]}},"jetpack_publicize_connections":[],"jetpack_featured_media_url":"https:\/\/i0.wp.com\/www.proantic.com\/magazine\/wp-content\/uploads\/2021\/09\/828256-614739efb53db.jpg?fit=1200%2C900&ssl=1","jetpack_shortlink":"https:\/\/wp.me\/p7EkP3-3CE","jetpack_sharing_enabled":true,"_links":{"self":[{"href":"https:\/\/www.proantic.com\/magazine\/wp-json\/wp\/v2\/posts\/13928","targetHints":{"allow":["GET"]}}],"collection":[{"href":"https:\/\/www.proantic.com\/magazine\/wp-json\/wp\/v2\/posts"}],"about":[{"href":"https:\/\/www.proantic.com\/magazine\/wp-json\/wp\/v2\/types\/post"}],"author":[{"embeddable":true,"href":"https:\/\/www.proantic.com\/magazine\/wp-json\/wp\/v2\/users\/6"}],"replies":[{"embeddable":true,"href":"https:\/\/www.proantic.com\/magazine\/wp-json\/wp\/v2\/comments?post=13928"}],"version-history":[{"count":5,"href":"https:\/\/www.proantic.com\/magazine\/wp-json\/wp\/v2\/posts\/13928\/revisions"}],"predecessor-version":[{"id":13956,"href":"https:\/\/www.proantic.com\/magazine\/wp-json\/wp\/v2\/posts\/13928\/revisions\/13956"}],"wp:featuredmedia":[{"embeddable":true,"href":"https:\/\/www.proantic.com\/magazine\/wp-json\/wp\/v2\/media\/13943"}],"wp:attachment":[{"href":"https:\/\/www.proantic.com\/magazine\/wp-json\/wp\/v2\/media?parent=13928"}],"wp:term":[{"taxonomy":"category","embeddable":true,"href":"https:\/\/www.proantic.com\/magazine\/wp-json\/wp\/v2\/categories?post=13928"},{"taxonomy":"post_tag","embeddable":true,"href":"https:\/\/www.proantic.com\/magazine\/wp-json\/wp\/v2\/tags?post=13928"}],"curies":[{"name":"wp","href":"https:\/\/api.w.org\/{rel}","templated":true}]}}