{"id":13791,"date":"2021-08-17T08:16:19","date_gmt":"2021-08-17T07:16:19","guid":{"rendered":"https:\/\/www.proantic.com\/magazine\/?p=13791"},"modified":"2024-04-22T10:52:41","modified_gmt":"2024-04-22T09:52:41","slug":"porcelaine-de-bordeaux-verneuilh-et-vanier-xviiieme-siecle","status":"publish","type":"post","link":"https:\/\/www.proantic.com\/magazine\/porcelaine-de-bordeaux-verneuilh-et-vanier-xviiieme-siecle\/","title":{"rendered":"Porcelaine De Bordeaux: Verneuilh et Vanier XVIII\u00e8me si\u00e8cle"},"content":{"rendered":"\n<p><strong>Ensemble comprenant un pot \u00e0 eau chaude et un bassin en porcelaine de Bordeaux de la fin du XVIII\u00e8me si\u00e8cle.<\/strong><br>&#8211; Pot \u00e0 eau de forme piriforme sur pi\u00e9douche, bec verseur en forme de culot et anse arrondie. Couvercle bomb\u00e9 \u00e0 charni\u00e8re en bronze dor\u00e9 avec un appui-pouce en coquille. D\u00e9cors de grisaille et dor\u00e9s sur l&rsquo;ensemble. Sous le bec serveur un m\u00e9daillon ovale, cern\u00e9 d&rsquo;un semis de branchages dor\u00e9s pr\u00e9sente une sc\u00e8ne galante. <br>&#8211; Le bassin est de forme oblongue \u00e0 bord mouvement\u00e9 sur un petit talon droit. Au centre du bassin un m\u00e9daillon ovale cern\u00e9 de branchages pr\u00e9sente l&rsquo;h\u00f4tel de l&rsquo;amour. <br>Signature en \u00ab\u00a0VV\u00a0\u00bb dor\u00e9 sous le pot \u00e0 eau et rouge sous le bassin: Verneuilh et Vanier (1787-1790). <\/p>\n\n\n\n<figure class=\"wp-block-image size-large\"><img data-recalc-dims=\"1\" loading=\"lazy\" decoding=\"async\" width=\"665\" height=\"585\" data-attachment-id=\"13807\" data-permalink=\"https:\/\/www.proantic.com\/magazine\/porcelaine-de-bordeaux-verneuilh-et-vanier-xviiieme-siecle\/801675-main-60e85dd2d713c\/\" data-orig-file=\"https:\/\/i0.wp.com\/www.proantic.com\/magazine\/wp-content\/uploads\/2021\/08\/801675-main-60e85dd2d713c.jpg?fit=1200%2C1056&amp;ssl=1\" data-orig-size=\"1200,1056\" data-comments-opened=\"1\" data-image-meta=\"{&quot;aperture&quot;:&quot;0&quot;,&quot;credit&quot;:&quot;&quot;,&quot;camera&quot;:&quot;&quot;,&quot;caption&quot;:&quot;&quot;,&quot;created_timestamp&quot;:&quot;0&quot;,&quot;copyright&quot;:&quot;&quot;,&quot;focal_length&quot;:&quot;0&quot;,&quot;iso&quot;:&quot;0&quot;,&quot;shutter_speed&quot;:&quot;0&quot;,&quot;title&quot;:&quot;&quot;,&quot;orientation&quot;:&quot;0&quot;}\" data-image-title=\"Porcelaine De Bordeaux: Verneuilh et Vanier (c)  L\u2019Ile du Temps, Proantic\" data-image-description=\"\" data-image-caption=\"&lt;p&gt;Porcelaine De Bordeaux: Verneuilh et Vanier (c)  L\u2019Ile du Temps, Proantic&lt;\/p&gt;\n\" data-medium-file=\"https:\/\/i0.wp.com\/www.proantic.com\/magazine\/wp-content\/uploads\/2021\/08\/801675-main-60e85dd2d713c.jpg?fit=300%2C264&amp;ssl=1\" data-large-file=\"https:\/\/i0.wp.com\/www.proantic.com\/magazine\/wp-content\/uploads\/2021\/08\/801675-main-60e85dd2d713c.jpg?fit=665%2C585&amp;ssl=1\" src=\"https:\/\/i0.wp.com\/www.proantic.com\/magazine\/wp-content\/uploads\/2021\/08\/801675-main-60e85dd2d713c.jpg?resize=665%2C585&#038;ssl=1\" alt=\"\" class=\"wp-image-13807\" srcset=\"https:\/\/i0.wp.com\/www.proantic.com\/magazine\/wp-content\/uploads\/2021\/08\/801675-main-60e85dd2d713c.jpg?resize=1024%2C901&amp;ssl=1 1024w, https:\/\/i0.wp.com\/www.proantic.com\/magazine\/wp-content\/uploads\/2021\/08\/801675-main-60e85dd2d713c.jpg?resize=300%2C264&amp;ssl=1 300w, https:\/\/i0.wp.com\/www.proantic.com\/magazine\/wp-content\/uploads\/2021\/08\/801675-main-60e85dd2d713c.jpg?resize=768%2C676&amp;ssl=1 768w, https:\/\/i0.wp.com\/www.proantic.com\/magazine\/wp-content\/uploads\/2021\/08\/801675-main-60e85dd2d713c.jpg?resize=180%2C158&amp;ssl=1 180w, https:\/\/i0.wp.com\/www.proantic.com\/magazine\/wp-content\/uploads\/2021\/08\/801675-main-60e85dd2d713c.jpg?w=1200&amp;ssl=1 1200w\" sizes=\"auto, (max-width: 665px) 100vw, 665px\" \/><figcaption>Porcelaine De Bordeaux: Verneuilh et Vanier <a href=\"https:\/\/www.proantic.com\/galerie\/l-ile-du-temps\/\">(c)  L\u2019Ile du Temps, Proantic<\/a><\/figcaption><\/figure>\n\n\n\n<p>La\u00a0<strong>porcelaine de Bordeaux<\/strong>\u00a0fut une production c\u00e9ramique \u00e9ph\u00e9m\u00e8re issue d&rsquo;une manufacture active de 1787 \u00e0 1790 \u00e0\u00a0Bordeaux, dans le d\u00e9partement de la\u00a0Gironde.<\/p>\n\n\n\n<p>La cr\u00e9ation de cette manufacture bordelaise s&rsquo;inscrit dans la vogue touchant la France \u00e0 la suite de la d\u00e9couverte du&nbsp;kaolin, \u00e9l\u00e9ment indispensable \u00e0 sa fabrication, \u00e0&nbsp;Saint-Yrieix, et l&rsquo;assouplissement de la l\u00e9gislation qui prot\u00e9geait la&nbsp;Manufacture de S\u00e8vres&nbsp;jusqu&rsquo;en 1784. D\u00e8s lors, les manufactures parisiennes rivalisent d&rsquo;ing\u00e9niosit\u00e9 et leurs productions cr\u00e9ent un engouement qui fait oublier peu \u00e0 peu la porcelaine des Compagnies des Indes.<\/p>\n\n\n\n<div class=\"wp-block-image\"><figure class=\"aligncenter size-large\"><img data-recalc-dims=\"1\" loading=\"lazy\" decoding=\"async\" width=\"450\" height=\"800\" data-attachment-id=\"13808\" data-permalink=\"https:\/\/www.proantic.com\/magazine\/porcelaine-de-bordeaux-verneuilh-et-vanier-xviiieme-siecle\/801675-60e9558388cd2\/\" data-orig-file=\"https:\/\/i0.wp.com\/www.proantic.com\/magazine\/wp-content\/uploads\/2021\/08\/801675-60e9558388cd2.jpg?fit=450%2C800&amp;ssl=1\" data-orig-size=\"450,800\" data-comments-opened=\"1\" data-image-meta=\"{&quot;aperture&quot;:&quot;0&quot;,&quot;credit&quot;:&quot;&quot;,&quot;camera&quot;:&quot;&quot;,&quot;caption&quot;:&quot;&quot;,&quot;created_timestamp&quot;:&quot;0&quot;,&quot;copyright&quot;:&quot;&quot;,&quot;focal_length&quot;:&quot;0&quot;,&quot;iso&quot;:&quot;0&quot;,&quot;shutter_speed&quot;:&quot;0&quot;,&quot;title&quot;:&quot;&quot;,&quot;orientation&quot;:&quot;0&quot;}\" data-image-title=\"Porcelaine De Bordeaux: Verneuilh et Vanier (c)  L\u2019Ile du Temps, Proantic\" data-image-description=\"\" data-image-caption=\"&lt;p&gt;Porcelaine De Bordeaux: Verneuilh et Vanier (c)  L\u2019Ile du Temps, Proantic&lt;\/p&gt;\n\" data-medium-file=\"https:\/\/i0.wp.com\/www.proantic.com\/magazine\/wp-content\/uploads\/2021\/08\/801675-60e9558388cd2.jpg?fit=169%2C300&amp;ssl=1\" data-large-file=\"https:\/\/i0.wp.com\/www.proantic.com\/magazine\/wp-content\/uploads\/2021\/08\/801675-60e9558388cd2.jpg?fit=450%2C800&amp;ssl=1\" src=\"https:\/\/i0.wp.com\/www.proantic.com\/magazine\/wp-content\/uploads\/2021\/08\/801675-60e9558388cd2.jpg?resize=450%2C800&#038;ssl=1\" alt=\"\" class=\"wp-image-13808\" srcset=\"https:\/\/i0.wp.com\/www.proantic.com\/magazine\/wp-content\/uploads\/2021\/08\/801675-60e9558388cd2.jpg?w=450&amp;ssl=1 450w, https:\/\/i0.wp.com\/www.proantic.com\/magazine\/wp-content\/uploads\/2021\/08\/801675-60e9558388cd2.jpg?resize=169%2C300&amp;ssl=1 169w, https:\/\/i0.wp.com\/www.proantic.com\/magazine\/wp-content\/uploads\/2021\/08\/801675-60e9558388cd2.jpg?resize=101%2C180&amp;ssl=1 101w\" sizes=\"auto, (max-width: 450px) 100vw, 450px\" \/><figcaption>Porcelaine De Bordeaux: Verneuilh et Vanier <a href=\"https:\/\/www.proantic.com\/galerie\/l-ile-du-temps\/\">(c)  L\u2019Ile du Temps, Proantic<\/a><\/figcaption><\/figure><\/div>\n\n\n\n<p>Ces derni\u00e8res \u00e9taient particuli\u00e8rement appr\u00e9ci\u00e9es dans les villes portuaires et plus particuli\u00e8rement \u00e0 Bordeaux. C&rsquo;est probablement ce qui poussa Pierre Verneuilh et son neveu Jean, marchands d\u00e9taillistes de la rue des Argentiers, \u00e0 la cr\u00e9ation d&rsquo;une manufacture \u00ab\u00a0en Paludate, au ch\u00e2teau de Bordes, au-dessus de l&rsquo;h\u00f4pital des enfants trouv\u00e9s\u00a0\u00bb.<\/p>\n\n\n\n<figure class=\"wp-block-image size-large\"><img data-recalc-dims=\"1\" loading=\"lazy\" decoding=\"async\" width=\"665\" height=\"532\" data-attachment-id=\"13809\" data-permalink=\"https:\/\/www.proantic.com\/magazine\/porcelaine-de-bordeaux-verneuilh-et-vanier-xviiieme-siecle\/801675-60e85e8a26e36\/\" data-orig-file=\"https:\/\/i0.wp.com\/www.proantic.com\/magazine\/wp-content\/uploads\/2021\/08\/801675-60e85e8a26e36.jpg?fit=800%2C640&amp;ssl=1\" data-orig-size=\"800,640\" data-comments-opened=\"1\" data-image-meta=\"{&quot;aperture&quot;:&quot;0&quot;,&quot;credit&quot;:&quot;&quot;,&quot;camera&quot;:&quot;&quot;,&quot;caption&quot;:&quot;&quot;,&quot;created_timestamp&quot;:&quot;0&quot;,&quot;copyright&quot;:&quot;&quot;,&quot;focal_length&quot;:&quot;0&quot;,&quot;iso&quot;:&quot;0&quot;,&quot;shutter_speed&quot;:&quot;0&quot;,&quot;title&quot;:&quot;&quot;,&quot;orientation&quot;:&quot;0&quot;}\" data-image-title=\"Porcelaine De Bordeaux: Verneuilh et Vanier (c)  L\u2019Ile du Temps, Proantic\" data-image-description=\"\" data-image-caption=\"\" data-medium-file=\"https:\/\/i0.wp.com\/www.proantic.com\/magazine\/wp-content\/uploads\/2021\/08\/801675-60e85e8a26e36.jpg?fit=300%2C240&amp;ssl=1\" data-large-file=\"https:\/\/i0.wp.com\/www.proantic.com\/magazine\/wp-content\/uploads\/2021\/08\/801675-60e85e8a26e36.jpg?fit=665%2C532&amp;ssl=1\" src=\"https:\/\/i0.wp.com\/www.proantic.com\/magazine\/wp-content\/uploads\/2021\/08\/801675-60e85e8a26e36.jpg?resize=665%2C532&#038;ssl=1\" alt=\"\" class=\"wp-image-13809\" srcset=\"https:\/\/i0.wp.com\/www.proantic.com\/magazine\/wp-content\/uploads\/2021\/08\/801675-60e85e8a26e36.jpg?w=800&amp;ssl=1 800w, https:\/\/i0.wp.com\/www.proantic.com\/magazine\/wp-content\/uploads\/2021\/08\/801675-60e85e8a26e36.jpg?resize=300%2C240&amp;ssl=1 300w, https:\/\/i0.wp.com\/www.proantic.com\/magazine\/wp-content\/uploads\/2021\/08\/801675-60e85e8a26e36.jpg?resize=768%2C614&amp;ssl=1 768w, https:\/\/i0.wp.com\/www.proantic.com\/magazine\/wp-content\/uploads\/2021\/08\/801675-60e85e8a26e36.jpg?resize=180%2C144&amp;ssl=1 180w\" sizes=\"auto, (max-width: 665px) 100vw, 665px\" \/><\/figure>\n\n\n\n<p>C&rsquo;est \u00e0 l&rsquo;arriv\u00e9e en 1787 de Michel Vanier, porcelainier aguerri, que se d\u00e9veloppe cette production bordelaise salu\u00e9e pour sa qualit\u00e9 par les historiens de la porcelaine fran\u00e7aise. Elle compte un important personnel sp\u00e9cialis\u00e9 aussi bien masculin que f\u00e9minin. La manufacture connait des difficult\u00e9s plus particuli\u00e8rement \u00e0 la suite du d\u00e9c\u00e8s de Vannier.<\/p>\n\n\n\n<p>Malgr\u00e9 la faible dur\u00e9e de vie de la&nbsp;<em>Manufacture des Terres de Bordes<\/em>, des pi\u00e8ces prestigieuses sortirent des ateliers.<\/p>\n\n\n\n<figure class=\"wp-block-image size-large\"><img data-recalc-dims=\"1\" loading=\"lazy\" decoding=\"async\" width=\"573\" height=\"1024\" data-attachment-id=\"13813\" data-permalink=\"https:\/\/www.proantic.com\/magazine\/porcelaine-de-bordeaux-verneuilh-et-vanier-xviiieme-siecle\/801675-alb-60e85f0d12075\/\" data-orig-file=\"https:\/\/i0.wp.com\/www.proantic.com\/magazine\/wp-content\/uploads\/2021\/08\/801675-alb-60e85f0d12075.jpg?fit=672%2C1200&amp;ssl=1\" data-orig-size=\"672,1200\" data-comments-opened=\"1\" data-image-meta=\"{&quot;aperture&quot;:&quot;0&quot;,&quot;credit&quot;:&quot;&quot;,&quot;camera&quot;:&quot;&quot;,&quot;caption&quot;:&quot;&quot;,&quot;created_timestamp&quot;:&quot;0&quot;,&quot;copyright&quot;:&quot;&quot;,&quot;focal_length&quot;:&quot;0&quot;,&quot;iso&quot;:&quot;0&quot;,&quot;shutter_speed&quot;:&quot;0&quot;,&quot;title&quot;:&quot;&quot;,&quot;orientation&quot;:&quot;0&quot;}\" data-image-title=\"Porcelaine De Bordeaux: Verneuilh et Vanier (c)  L\u2019Ile du Temps, Proantic\" data-image-description=\"\" data-image-caption=\"\" data-medium-file=\"https:\/\/i0.wp.com\/www.proantic.com\/magazine\/wp-content\/uploads\/2021\/08\/801675-alb-60e85f0d12075.jpg?fit=168%2C300&amp;ssl=1\" data-large-file=\"https:\/\/i0.wp.com\/www.proantic.com\/magazine\/wp-content\/uploads\/2021\/08\/801675-alb-60e85f0d12075.jpg?fit=573%2C1024&amp;ssl=1\" src=\"https:\/\/i0.wp.com\/www.proantic.com\/magazine\/wp-content\/uploads\/2021\/08\/801675-alb-60e85f0d12075.jpg?resize=573%2C1024&#038;ssl=1\" alt=\"\" class=\"wp-image-13813\" srcset=\"https:\/\/i0.wp.com\/www.proantic.com\/magazine\/wp-content\/uploads\/2021\/08\/801675-alb-60e85f0d12075.jpg?resize=573%2C1024&amp;ssl=1 573w, https:\/\/i0.wp.com\/www.proantic.com\/magazine\/wp-content\/uploads\/2021\/08\/801675-alb-60e85f0d12075.jpg?resize=168%2C300&amp;ssl=1 168w, https:\/\/i0.wp.com\/www.proantic.com\/magazine\/wp-content\/uploads\/2021\/08\/801675-alb-60e85f0d12075.jpg?resize=101%2C180&amp;ssl=1 101w, https:\/\/i0.wp.com\/www.proantic.com\/magazine\/wp-content\/uploads\/2021\/08\/801675-alb-60e85f0d12075.jpg?w=672&amp;ssl=1 672w\" sizes=\"auto, (max-width: 573px) 100vw, 573px\" \/><\/figure>\n\n\n\n<p><strong>Caract\u00e8res stylistiques<\/strong><\/p>\n\n\n\n<p><em>Les formes<\/em><\/p>\n\n\n\n<p>C&rsquo;est gr\u00e2ce aux comptes-rendus de fourn\u00e9es, et \u00e0 l&rsquo;importante collection conserv\u00e9e au&nbsp;Mus\u00e9e des arts d\u00e9coratifs et du design de Bordeaux&nbsp;que nous pouvons appr\u00e9cier l&rsquo;\u00e9tendue de la production de la Manufacture des Terres de Bordes. L&rsquo;on trouve autant des pi\u00e8ces destin\u00e9es \u00e0 l&rsquo;usage de la table, la d\u00e9coration telles que des vases, que pour la chambre et la toilette. D&rsquo;apr\u00e8s l&rsquo;inventaire dress\u00e9 chez Omont, marchands parisiens et distributeurs de pi\u00e8ces de la manufacture, l&rsquo;on pouvait retrouver autant de la vaisselle courante que des pi\u00e8ces de luxe.<\/p>\n\n\n\n<p><em>Les d\u00e9cors<\/em><\/p>\n\n\n\n<p>Les d\u00e9cors que l&rsquo;on retrouve sur les assiettes, mais aussi sur les pi\u00e8ces de boissons, sont le plus souvent fleuris&nbsp;: d\u00e9cor \u00e0 barbeaux, semis de roses de pens\u00e9es, ou autres fleurs stylis\u00e9es. On trouve \u00e9galement des paysages, essentiellement lacustres, mais aussi des sc\u00e8nes histori\u00e9es ou animali\u00e8res, troph\u00e9es ou attributs de musique, entour\u00e9s de d\u00e9cors festonn\u00e9s et stylis\u00e9s. La polychromie est riche et le plus souvent rehauss\u00e9e d&rsquo;or.<\/p>\n","protected":false},"excerpt":{"rendered":"<p>Ensemble comprenant un pot \u00e0 eau chaude et un bassin en porcelaine de Bordeaux de la fin du XVIII\u00e8me si\u00e8cle.&#8211; Pot \u00e0 eau de forme piriforme sur pi\u00e9douche, bec verseur en forme de culot et anse arrondie. Couvercle bomb\u00e9 \u00e0 charni\u00e8re en bronze dor\u00e9 avec un appui-pouce en coquille. D\u00e9cors de grisaille et dor\u00e9s sur [&hellip;]<\/p>\n","protected":false},"author":6,"featured_media":13806,"comment_status":"closed","ping_status":"open","sticky":false,"template":"","format":"standard","meta":{"jetpack_post_was_ever_published":false,"_jetpack_newsletter_access":"","_jetpack_dont_email_post_to_subs":false,"_jetpack_newsletter_tier_id":0,"_jetpack_memberships_contains_paywalled_content":false,"_jetpack_memberships_contains_paid_content":false,"footnotes":"","jetpack_publicize_message":"","jetpack_publicize_feature_enabled":true,"jetpack_social_post_already_shared":true,"jetpack_social_options":{"image_generator_settings":{"template":"highway","default_image_id":0,"font":"","enabled":false},"version":2}},"categories":[180],"tags":[],"class_list":["post-13791","post","type-post","status-publish","format-standard","has-post-thumbnail","hentry","category-arts-decoratifs-proantic"],"yoast_head":"<!-- This site is optimized with the Yoast SEO plugin v26.9 - https:\/\/yoast.com\/product\/yoast-seo-wordpress\/ -->\n<title>Porcelaine De Bordeaux: Verneuilh et Vanier XVIII\u00e8me si\u00e8cle Le Magazine de Proantic<\/title>\n<meta name=\"description\" content=\"Ensemble comprenant un pot \u00e0 eau chaude et un bassin en porcelaine de Bordeaux de la fin du XVIII\u00e8me si\u00e8cle.- Pot \u00e0 eau de forme piriforme sur pi\u00e9douche,\" \/>\n<meta name=\"robots\" content=\"index, follow, max-snippet:-1, max-image-preview:large, max-video-preview:-1\" \/>\n<link rel=\"canonical\" href=\"https:\/\/www.proantic.com\/magazine\/porcelaine-de-bordeaux-verneuilh-et-vanier-xviiieme-siecle\/\" \/>\n<meta property=\"og:locale\" content=\"fr_FR\" \/>\n<meta property=\"og:type\" content=\"article\" \/>\n<meta property=\"og:title\" content=\"Porcelaine De Bordeaux: Verneuilh et Vanier XVIII\u00e8me si\u00e8cle Le Magazine de Proantic\" \/>\n<meta property=\"og:description\" content=\"Ensemble comprenant un pot \u00e0 eau chaude et un bassin en porcelaine de Bordeaux de la fin du XVIII\u00e8me si\u00e8cle.- Pot \u00e0 eau de forme piriforme sur pi\u00e9douche,\" \/>\n<meta property=\"og:url\" content=\"https:\/\/www.proantic.com\/magazine\/porcelaine-de-bordeaux-verneuilh-et-vanier-xviiieme-siecle\/\" \/>\n<meta property=\"og:site_name\" content=\"Le Magazine de Proantic\" \/>\n<meta property=\"article:publisher\" content=\"https:\/\/www.facebook.com\/pages\/Proantic\/\/259180871793\" \/>\n<meta property=\"article:published_time\" content=\"2021-08-17T07:16:19+00:00\" \/>\n<meta property=\"article:modified_time\" content=\"2024-04-22T09:52:41+00:00\" \/>\n<meta property=\"og:image\" content=\"https:\/\/www.proantic.com\/magazine\/wp-content\/uploads\/2021\/08\/801675-alb-60e860ceeb737.jpg\" \/>\n\t<meta property=\"og:image:width\" content=\"1200\" \/>\n\t<meta property=\"og:image:height\" content=\"839\" \/>\n\t<meta property=\"og:image:type\" content=\"image\/jpeg\" \/>\n<meta name=\"author\" content=\"C\u00e9line Autant\" \/>\n<meta name=\"twitter:label1\" content=\"\u00c9crit par\" \/>\n\t<meta name=\"twitter:data1\" content=\"C\u00e9line Autant\" \/>\n\t<meta name=\"twitter:label2\" content=\"Dur\u00e9e de lecture estim\u00e9e\" \/>\n\t<meta name=\"twitter:data2\" content=\"3 minutes\" \/>\n<script type=\"application\/ld+json\" class=\"yoast-schema-graph\">{\"@context\":\"https:\/\/schema.org\",\"@graph\":[{\"@type\":\"Article\",\"@id\":\"https:\/\/www.proantic.com\/magazine\/porcelaine-de-bordeaux-verneuilh-et-vanier-xviiieme-siecle\/#article\",\"isPartOf\":{\"@id\":\"https:\/\/www.proantic.com\/magazine\/porcelaine-de-bordeaux-verneuilh-et-vanier-xviiieme-siecle\/\"},\"author\":{\"name\":\"C\u00e9line Autant\",\"@id\":\"https:\/\/www.proantic.com\/magazine\/#\/schema\/person\/63707e8f4e7d0172de7ddde897688be0\"},\"headline\":\"Porcelaine De Bordeaux: Verneuilh et Vanier XVIII\u00e8me si\u00e8cle\",\"datePublished\":\"2021-08-17T07:16:19+00:00\",\"dateModified\":\"2024-04-22T09:52:41+00:00\",\"mainEntityOfPage\":{\"@id\":\"https:\/\/www.proantic.com\/magazine\/porcelaine-de-bordeaux-verneuilh-et-vanier-xviiieme-siecle\/\"},\"wordCount\":612,\"image\":{\"@id\":\"https:\/\/www.proantic.com\/magazine\/porcelaine-de-bordeaux-verneuilh-et-vanier-xviiieme-siecle\/#primaryimage\"},\"thumbnailUrl\":\"https:\/\/i0.wp.com\/www.proantic.com\/magazine\/wp-content\/uploads\/2021\/08\/801675-alb-60e860ceeb737.jpg?fit=1200%2C839&ssl=1\",\"articleSection\":[\"Arts d\u00e9coratifs sur Proantic\"],\"inLanguage\":\"fr-FR\"},{\"@type\":\"WebPage\",\"@id\":\"https:\/\/www.proantic.com\/magazine\/porcelaine-de-bordeaux-verneuilh-et-vanier-xviiieme-siecle\/\",\"url\":\"https:\/\/www.proantic.com\/magazine\/porcelaine-de-bordeaux-verneuilh-et-vanier-xviiieme-siecle\/\",\"name\":\"Porcelaine De Bordeaux: Verneuilh et Vanier XVIII\u00e8me si\u00e8cle Le Magazine de Proantic\",\"isPartOf\":{\"@id\":\"https:\/\/www.proantic.com\/magazine\/#website\"},\"primaryImageOfPage\":{\"@id\":\"https:\/\/www.proantic.com\/magazine\/porcelaine-de-bordeaux-verneuilh-et-vanier-xviiieme-siecle\/#primaryimage\"},\"image\":{\"@id\":\"https:\/\/www.proantic.com\/magazine\/porcelaine-de-bordeaux-verneuilh-et-vanier-xviiieme-siecle\/#primaryimage\"},\"thumbnailUrl\":\"https:\/\/i0.wp.com\/www.proantic.com\/magazine\/wp-content\/uploads\/2021\/08\/801675-alb-60e860ceeb737.jpg?fit=1200%2C839&ssl=1\",\"datePublished\":\"2021-08-17T07:16:19+00:00\",\"dateModified\":\"2024-04-22T09:52:41+00:00\",\"author\":{\"@id\":\"https:\/\/www.proantic.com\/magazine\/#\/schema\/person\/63707e8f4e7d0172de7ddde897688be0\"},\"description\":\"Ensemble comprenant un pot \u00e0 eau chaude et un bassin en porcelaine de Bordeaux de la fin du XVIII\u00e8me si\u00e8cle.- Pot \u00e0 eau de forme piriforme sur pi\u00e9douche,\",\"breadcrumb\":{\"@id\":\"https:\/\/www.proantic.com\/magazine\/porcelaine-de-bordeaux-verneuilh-et-vanier-xviiieme-siecle\/#breadcrumb\"},\"inLanguage\":\"fr-FR\",\"potentialAction\":[{\"@type\":\"ReadAction\",\"target\":[\"https:\/\/www.proantic.com\/magazine\/porcelaine-de-bordeaux-verneuilh-et-vanier-xviiieme-siecle\/\"]}]},{\"@type\":\"ImageObject\",\"inLanguage\":\"fr-FR\",\"@id\":\"https:\/\/www.proantic.com\/magazine\/porcelaine-de-bordeaux-verneuilh-et-vanier-xviiieme-siecle\/#primaryimage\",\"url\":\"https:\/\/i0.wp.com\/www.proantic.com\/magazine\/wp-content\/uploads\/2021\/08\/801675-alb-60e860ceeb737.jpg?fit=1200%2C839&ssl=1\",\"contentUrl\":\"https:\/\/i0.wp.com\/www.proantic.com\/magazine\/wp-content\/uploads\/2021\/08\/801675-alb-60e860ceeb737.jpg?fit=1200%2C839&ssl=1\",\"width\":1200,\"height\":839},{\"@type\":\"BreadcrumbList\",\"@id\":\"https:\/\/www.proantic.com\/magazine\/porcelaine-de-bordeaux-verneuilh-et-vanier-xviiieme-siecle\/#breadcrumb\",\"itemListElement\":[{\"@type\":\"ListItem\",\"position\":1,\"name\":\"Accueil\",\"item\":\"https:\/\/www.proantic.com\/magazine\/\"},{\"@type\":\"ListItem\",\"position\":2,\"name\":\"Porcelaine De Bordeaux: Verneuilh et Vanier XVIII\u00e8me si\u00e8cle\"}]},{\"@type\":\"WebSite\",\"@id\":\"https:\/\/www.proantic.com\/magazine\/#website\",\"url\":\"https:\/\/www.proantic.com\/magazine\/\",\"name\":\"Le Magazine de Proantic\",\"description\":\"Magazine d&#039;art et expositions\",\"potentialAction\":[{\"@type\":\"SearchAction\",\"target\":{\"@type\":\"EntryPoint\",\"urlTemplate\":\"https:\/\/www.proantic.com\/magazine\/?s={search_term_string}\"},\"query-input\":{\"@type\":\"PropertyValueSpecification\",\"valueRequired\":true,\"valueName\":\"search_term_string\"}}],\"inLanguage\":\"fr-FR\"},{\"@type\":\"Person\",\"@id\":\"https:\/\/www.proantic.com\/magazine\/#\/schema\/person\/63707e8f4e7d0172de7ddde897688be0\",\"name\":\"C\u00e9line Autant\"}]}<\/script>\n<!-- \/ Yoast SEO plugin. -->","yoast_head_json":{"title":"Porcelaine De Bordeaux: Verneuilh et Vanier XVIII\u00e8me si\u00e8cle Le Magazine de Proantic","description":"Ensemble comprenant un pot \u00e0 eau chaude et un bassin en porcelaine de Bordeaux de la fin du XVIII\u00e8me si\u00e8cle.- Pot \u00e0 eau de forme piriforme sur pi\u00e9douche,","robots":{"index":"index","follow":"follow","max-snippet":"max-snippet:-1","max-image-preview":"max-image-preview:large","max-video-preview":"max-video-preview:-1"},"canonical":"https:\/\/www.proantic.com\/magazine\/porcelaine-de-bordeaux-verneuilh-et-vanier-xviiieme-siecle\/","og_locale":"fr_FR","og_type":"article","og_title":"Porcelaine De Bordeaux: Verneuilh et Vanier XVIII\u00e8me si\u00e8cle Le Magazine de Proantic","og_description":"Ensemble comprenant un pot \u00e0 eau chaude et un bassin en porcelaine de Bordeaux de la fin du XVIII\u00e8me si\u00e8cle.- Pot \u00e0 eau de forme piriforme sur pi\u00e9douche,","og_url":"https:\/\/www.proantic.com\/magazine\/porcelaine-de-bordeaux-verneuilh-et-vanier-xviiieme-siecle\/","og_site_name":"Le Magazine de Proantic","article_publisher":"https:\/\/www.facebook.com\/pages\/Proantic\/\/259180871793","article_published_time":"2021-08-17T07:16:19+00:00","article_modified_time":"2024-04-22T09:52:41+00:00","og_image":[{"width":1200,"height":839,"url":"https:\/\/www.proantic.com\/magazine\/wp-content\/uploads\/2021\/08\/801675-alb-60e860ceeb737.jpg","type":"image\/jpeg"}],"author":"C\u00e9line Autant","twitter_misc":{"\u00c9crit par":"C\u00e9line Autant","Dur\u00e9e de lecture estim\u00e9e":"3 minutes"},"schema":{"@context":"https:\/\/schema.org","@graph":[{"@type":"Article","@id":"https:\/\/www.proantic.com\/magazine\/porcelaine-de-bordeaux-verneuilh-et-vanier-xviiieme-siecle\/#article","isPartOf":{"@id":"https:\/\/www.proantic.com\/magazine\/porcelaine-de-bordeaux-verneuilh-et-vanier-xviiieme-siecle\/"},"author":{"name":"C\u00e9line Autant","@id":"https:\/\/www.proantic.com\/magazine\/#\/schema\/person\/63707e8f4e7d0172de7ddde897688be0"},"headline":"Porcelaine De Bordeaux: Verneuilh et Vanier XVIII\u00e8me si\u00e8cle","datePublished":"2021-08-17T07:16:19+00:00","dateModified":"2024-04-22T09:52:41+00:00","mainEntityOfPage":{"@id":"https:\/\/www.proantic.com\/magazine\/porcelaine-de-bordeaux-verneuilh-et-vanier-xviiieme-siecle\/"},"wordCount":612,"image":{"@id":"https:\/\/www.proantic.com\/magazine\/porcelaine-de-bordeaux-verneuilh-et-vanier-xviiieme-siecle\/#primaryimage"},"thumbnailUrl":"https:\/\/i0.wp.com\/www.proantic.com\/magazine\/wp-content\/uploads\/2021\/08\/801675-alb-60e860ceeb737.jpg?fit=1200%2C839&ssl=1","articleSection":["Arts d\u00e9coratifs sur Proantic"],"inLanguage":"fr-FR"},{"@type":"WebPage","@id":"https:\/\/www.proantic.com\/magazine\/porcelaine-de-bordeaux-verneuilh-et-vanier-xviiieme-siecle\/","url":"https:\/\/www.proantic.com\/magazine\/porcelaine-de-bordeaux-verneuilh-et-vanier-xviiieme-siecle\/","name":"Porcelaine De Bordeaux: Verneuilh et Vanier XVIII\u00e8me si\u00e8cle Le Magazine de Proantic","isPartOf":{"@id":"https:\/\/www.proantic.com\/magazine\/#website"},"primaryImageOfPage":{"@id":"https:\/\/www.proantic.com\/magazine\/porcelaine-de-bordeaux-verneuilh-et-vanier-xviiieme-siecle\/#primaryimage"},"image":{"@id":"https:\/\/www.proantic.com\/magazine\/porcelaine-de-bordeaux-verneuilh-et-vanier-xviiieme-siecle\/#primaryimage"},"thumbnailUrl":"https:\/\/i0.wp.com\/www.proantic.com\/magazine\/wp-content\/uploads\/2021\/08\/801675-alb-60e860ceeb737.jpg?fit=1200%2C839&ssl=1","datePublished":"2021-08-17T07:16:19+00:00","dateModified":"2024-04-22T09:52:41+00:00","author":{"@id":"https:\/\/www.proantic.com\/magazine\/#\/schema\/person\/63707e8f4e7d0172de7ddde897688be0"},"description":"Ensemble comprenant un pot \u00e0 eau chaude et un bassin en porcelaine de Bordeaux de la fin du XVIII\u00e8me si\u00e8cle.- Pot \u00e0 eau de forme piriforme sur pi\u00e9douche,","breadcrumb":{"@id":"https:\/\/www.proantic.com\/magazine\/porcelaine-de-bordeaux-verneuilh-et-vanier-xviiieme-siecle\/#breadcrumb"},"inLanguage":"fr-FR","potentialAction":[{"@type":"ReadAction","target":["https:\/\/www.proantic.com\/magazine\/porcelaine-de-bordeaux-verneuilh-et-vanier-xviiieme-siecle\/"]}]},{"@type":"ImageObject","inLanguage":"fr-FR","@id":"https:\/\/www.proantic.com\/magazine\/porcelaine-de-bordeaux-verneuilh-et-vanier-xviiieme-siecle\/#primaryimage","url":"https:\/\/i0.wp.com\/www.proantic.com\/magazine\/wp-content\/uploads\/2021\/08\/801675-alb-60e860ceeb737.jpg?fit=1200%2C839&ssl=1","contentUrl":"https:\/\/i0.wp.com\/www.proantic.com\/magazine\/wp-content\/uploads\/2021\/08\/801675-alb-60e860ceeb737.jpg?fit=1200%2C839&ssl=1","width":1200,"height":839},{"@type":"BreadcrumbList","@id":"https:\/\/www.proantic.com\/magazine\/porcelaine-de-bordeaux-verneuilh-et-vanier-xviiieme-siecle\/#breadcrumb","itemListElement":[{"@type":"ListItem","position":1,"name":"Accueil","item":"https:\/\/www.proantic.com\/magazine\/"},{"@type":"ListItem","position":2,"name":"Porcelaine De Bordeaux: Verneuilh et Vanier XVIII\u00e8me si\u00e8cle"}]},{"@type":"WebSite","@id":"https:\/\/www.proantic.com\/magazine\/#website","url":"https:\/\/www.proantic.com\/magazine\/","name":"Le Magazine de Proantic","description":"Magazine d&#039;art et expositions","potentialAction":[{"@type":"SearchAction","target":{"@type":"EntryPoint","urlTemplate":"https:\/\/www.proantic.com\/magazine\/?s={search_term_string}"},"query-input":{"@type":"PropertyValueSpecification","valueRequired":true,"valueName":"search_term_string"}}],"inLanguage":"fr-FR"},{"@type":"Person","@id":"https:\/\/www.proantic.com\/magazine\/#\/schema\/person\/63707e8f4e7d0172de7ddde897688be0","name":"C\u00e9line Autant"}]}},"jetpack_publicize_connections":[],"jetpack_featured_media_url":"https:\/\/i0.wp.com\/www.proantic.com\/magazine\/wp-content\/uploads\/2021\/08\/801675-alb-60e860ceeb737.jpg?fit=1200%2C839&ssl=1","jetpack_shortlink":"https:\/\/wp.me\/p7EkP3-3Ar","jetpack_sharing_enabled":true,"_links":{"self":[{"href":"https:\/\/www.proantic.com\/magazine\/wp-json\/wp\/v2\/posts\/13791","targetHints":{"allow":["GET"]}}],"collection":[{"href":"https:\/\/www.proantic.com\/magazine\/wp-json\/wp\/v2\/posts"}],"about":[{"href":"https:\/\/www.proantic.com\/magazine\/wp-json\/wp\/v2\/types\/post"}],"author":[{"embeddable":true,"href":"https:\/\/www.proantic.com\/magazine\/wp-json\/wp\/v2\/users\/6"}],"replies":[{"embeddable":true,"href":"https:\/\/www.proantic.com\/magazine\/wp-json\/wp\/v2\/comments?post=13791"}],"version-history":[{"count":5,"href":"https:\/\/www.proantic.com\/magazine\/wp-json\/wp\/v2\/posts\/13791\/revisions"}],"predecessor-version":[{"id":13814,"href":"https:\/\/www.proantic.com\/magazine\/wp-json\/wp\/v2\/posts\/13791\/revisions\/13814"}],"wp:featuredmedia":[{"embeddable":true,"href":"https:\/\/www.proantic.com\/magazine\/wp-json\/wp\/v2\/media\/13806"}],"wp:attachment":[{"href":"https:\/\/www.proantic.com\/magazine\/wp-json\/wp\/v2\/media?parent=13791"}],"wp:term":[{"taxonomy":"category","embeddable":true,"href":"https:\/\/www.proantic.com\/magazine\/wp-json\/wp\/v2\/categories?post=13791"},{"taxonomy":"post_tag","embeddable":true,"href":"https:\/\/www.proantic.com\/magazine\/wp-json\/wp\/v2\/tags?post=13791"}],"curies":[{"name":"wp","href":"https:\/\/api.w.org\/{rel}","templated":true}]}}