{"id":13759,"date":"2021-08-04T08:03:30","date_gmt":"2021-08-04T07:03:30","guid":{"rendered":"https:\/\/www.proantic.com\/magazine\/?p=13759"},"modified":"2021-08-04T08:04:22","modified_gmt":"2021-08-04T07:04:22","slug":"salle-de-concert-du-palais-de-la-musique-catalane","status":"publish","type":"post","link":"https:\/\/www.proantic.com\/magazine\/salle-de-concert-du-palais-de-la-musique-catalane\/","title":{"rendered":"Salle de concert du Palais de la Musique Catalane"},"content":{"rendered":"\n<p><strong>Le Palais de la musique catalane est une \u0153uvre d\u2019art moderniste m\u00ealant architecture, sculpture, mosa\u00efque, vitrail et fer forg\u00e9 dans une salle de concert qui charme le visiteur.<\/strong> <\/p>\n\n\n\n<p>C&rsquo;est l&rsquo;\u0153uvre de&nbsp;Llu\u00eds Dom\u00e8nech i Montaner, l&rsquo;un des principaux repr\u00e9sentants du modernisme catalan. Les travaux se d\u00e9roulent de&nbsp;1905&nbsp;\u00e0&nbsp;1908&nbsp;et font appel \u00e0 des structures avanc\u00e9es telles que l&rsquo;utilisation de nouveaux&nbsp;profils laminaires&nbsp;: il s&rsquo;agit d&rsquo;une structure m\u00e9tallique centrale stabilis\u00e9e par des contreforts et des vo\u00fbtes d&rsquo;inspiration gothique. L&rsquo;architecte innove par l&rsquo;utilisation de&nbsp;murs-rideaux&nbsp;et fait appel \u00e0 une grande vari\u00e9t\u00e9 de techniques artistiques&nbsp;: sculptures, mosa\u00efques, vitraux et ferronneries.<\/p>\n\n\n\n<figure class=\"wp-block-image size-large\"><img data-recalc-dims=\"1\" loading=\"lazy\" decoding=\"async\" width=\"665\" height=\"377\" data-attachment-id=\"13777\" data-permalink=\"https:\/\/www.proantic.com\/magazine\/salle-de-concert-du-palais-de-la-musique-catalane\/palau-de-la-musica-salle-730x414\/\" data-orig-file=\"https:\/\/i0.wp.com\/www.proantic.com\/magazine\/wp-content\/uploads\/2021\/07\/palau-de-la-musica-salle-730x414-1.jpg?fit=730%2C414&amp;ssl=1\" data-orig-size=\"730,414\" data-comments-opened=\"1\" data-image-meta=\"{&quot;aperture&quot;:&quot;0&quot;,&quot;credit&quot;:&quot;&quot;,&quot;camera&quot;:&quot;&quot;,&quot;caption&quot;:&quot;&quot;,&quot;created_timestamp&quot;:&quot;0&quot;,&quot;copyright&quot;:&quot;&quot;,&quot;focal_length&quot;:&quot;0&quot;,&quot;iso&quot;:&quot;0&quot;,&quot;shutter_speed&quot;:&quot;0&quot;,&quot;title&quot;:&quot;&quot;,&quot;orientation&quot;:&quot;0&quot;}\" data-image-title=\"Salle de concert du Palais de la Musique Catalane\" data-image-description=\"\" data-image-caption=\"&lt;p&gt;Salle de concert du Palais de la Musique Catalane&lt;\/p&gt;\n\" data-medium-file=\"https:\/\/i0.wp.com\/www.proantic.com\/magazine\/wp-content\/uploads\/2021\/07\/palau-de-la-musica-salle-730x414-1.jpg?fit=300%2C170&amp;ssl=1\" data-large-file=\"https:\/\/i0.wp.com\/www.proantic.com\/magazine\/wp-content\/uploads\/2021\/07\/palau-de-la-musica-salle-730x414-1.jpg?fit=665%2C377&amp;ssl=1\" src=\"https:\/\/i0.wp.com\/www.proantic.com\/magazine\/wp-content\/uploads\/2021\/07\/palau-de-la-musica-salle-730x414-1.jpg?resize=665%2C377&#038;ssl=1\" alt=\"\" class=\"wp-image-13777\" srcset=\"https:\/\/i0.wp.com\/www.proantic.com\/magazine\/wp-content\/uploads\/2021\/07\/palau-de-la-musica-salle-730x414-1.jpg?w=730&amp;ssl=1 730w, https:\/\/i0.wp.com\/www.proantic.com\/magazine\/wp-content\/uploads\/2021\/07\/palau-de-la-musica-salle-730x414-1.jpg?resize=300%2C170&amp;ssl=1 300w, https:\/\/i0.wp.com\/www.proantic.com\/magazine\/wp-content\/uploads\/2021\/07\/palau-de-la-musica-salle-730x414-1.jpg?resize=180%2C102&amp;ssl=1 180w\" sizes=\"auto, (max-width: 665px) 100vw, 665px\" \/><figcaption>Salle de concert du Palais de la Musique Catalane<\/figcaption><\/figure>\n\n\n\n<p>L&rsquo;\u00e9difice est une commande de l&rsquo;association \u00ab&nbsp;l&rsquo;Orf\u00e9o Catal\u00e0&nbsp;\u00bb (Orph\u00e9on&nbsp;Catalan) qui d\u00e9sire en faire son si\u00e8ge social. Comme pour la construction du&nbsp;Liceu&nbsp;soixante ans auparavant, les fonds proviennent du m\u00e9c\u00e9nat&nbsp;: industriels, financiers, notables et amateurs de musique financent la construction.<\/p>\n\n\n\n<p>La vocation premi\u00e8re de la salle est de recevoir des concerts de chorale, de la musique symphonique et des r\u00e9citals. Elle est utilis\u00e9e aujourd&rsquo;hui pour tous les types de musiques, du classique \u00e0 la musique moderne.<\/p>\n\n\n\n<figure class=\"wp-block-image size-large\"><img data-recalc-dims=\"1\" loading=\"lazy\" decoding=\"async\" width=\"665\" height=\"442\" data-attachment-id=\"13778\" data-permalink=\"https:\/\/www.proantic.com\/magazine\/salle-de-concert-du-palais-de-la-musique-catalane\/1024px-palau_de_la_musica_-_escenari\/\" data-orig-file=\"https:\/\/i0.wp.com\/www.proantic.com\/magazine\/wp-content\/uploads\/2021\/07\/1024px-Palau_de_la_M%C3%BAsica_-_Escenari.jpg?fit=1024%2C681&amp;ssl=1\" data-orig-size=\"1024,681\" data-comments-opened=\"1\" data-image-meta=\"{&quot;aperture&quot;:&quot;0&quot;,&quot;credit&quot;:&quot;&quot;,&quot;camera&quot;:&quot;&quot;,&quot;caption&quot;:&quot;&quot;,&quot;created_timestamp&quot;:&quot;0&quot;,&quot;copyright&quot;:&quot;&quot;,&quot;focal_length&quot;:&quot;0&quot;,&quot;iso&quot;:&quot;0&quot;,&quot;shutter_speed&quot;:&quot;0&quot;,&quot;title&quot;:&quot;&quot;,&quot;orientation&quot;:&quot;0&quot;}\" data-image-title=\"Salle de concert du Palais de la Musique Catalane\" data-image-description=\"\" data-image-caption=\"&lt;p&gt;Salle de concert du Palais de la Musique Catalane&lt;\/p&gt;\n\" data-medium-file=\"https:\/\/i0.wp.com\/www.proantic.com\/magazine\/wp-content\/uploads\/2021\/07\/1024px-Palau_de_la_M%C3%BAsica_-_Escenari.jpg?fit=300%2C200&amp;ssl=1\" data-large-file=\"https:\/\/i0.wp.com\/www.proantic.com\/magazine\/wp-content\/uploads\/2021\/07\/1024px-Palau_de_la_M%C3%BAsica_-_Escenari.jpg?fit=665%2C442&amp;ssl=1\" src=\"https:\/\/i0.wp.com\/www.proantic.com\/magazine\/wp-content\/uploads\/2021\/07\/1024px-Palau_de_la_M%C3%BAsica_-_Escenari.jpg?resize=665%2C442&#038;ssl=1\" alt=\"\" class=\"wp-image-13778\" srcset=\"https:\/\/i0.wp.com\/www.proantic.com\/magazine\/wp-content\/uploads\/2021\/07\/1024px-Palau_de_la_M%C3%BAsica_-_Escenari.jpg?w=1024&amp;ssl=1 1024w, https:\/\/i0.wp.com\/www.proantic.com\/magazine\/wp-content\/uploads\/2021\/07\/1024px-Palau_de_la_M%C3%BAsica_-_Escenari.jpg?resize=300%2C200&amp;ssl=1 300w, https:\/\/i0.wp.com\/www.proantic.com\/magazine\/wp-content\/uploads\/2021\/07\/1024px-Palau_de_la_M%C3%BAsica_-_Escenari.jpg?resize=768%2C511&amp;ssl=1 768w, https:\/\/i0.wp.com\/www.proantic.com\/magazine\/wp-content\/uploads\/2021\/07\/1024px-Palau_de_la_M%C3%BAsica_-_Escenari.jpg?resize=180%2C120&amp;ssl=1 180w\" sizes=\"auto, (max-width: 665px) 100vw, 665px\" \/><figcaption>Salle de concert du Palais de la Musique Catalane<\/figcaption><\/figure>\n\n\n\n<p>Sans aucun doute, la grande attraction du Palais de la musique catalane est la salle de concert. Ses murs sont pleins de grands vitraux, et au centre du plafond, il y a une grande lucarne, r\u00e9alis\u00e9e par Antoni Rigalt i Blanch.&nbsp;Les fen\u00eatres dor\u00e9es au centre forment un soleil. Sur les bords, des cristaux bleus et verts accompagnent les bustes f\u00e9minins.<\/p>\n\n\n\n<p>La salle de concert est le seul auditorium en Europe \u00e0 n&rsquo;\u00eatre \u00e9clair\u00e9 pendant la journ\u00e9e que par la lumi\u00e8re naturelle.<\/p>\n\n\n\n<div class=\"wp-block-image\"><figure class=\"aligncenter size-large\"><img data-recalc-dims=\"1\" loading=\"lazy\" decoding=\"async\" width=\"310\" height=\"297\" data-attachment-id=\"13779\" data-permalink=\"https:\/\/www.proantic.com\/magazine\/salle-de-concert-du-palais-de-la-musique-catalane\/palau-de-la-musica-_3752176695107460037\/\" data-orig-file=\"https:\/\/i0.wp.com\/www.proantic.com\/magazine\/wp-content\/uploads\/2021\/07\/PALAU-DE-LA-MUSICA-_3752176695107460037.jpg?fit=310%2C297&amp;ssl=1\" data-orig-size=\"310,297\" data-comments-opened=\"1\" data-image-meta=\"{&quot;aperture&quot;:&quot;0&quot;,&quot;credit&quot;:&quot;&quot;,&quot;camera&quot;:&quot;&quot;,&quot;caption&quot;:&quot;&quot;,&quot;created_timestamp&quot;:&quot;0&quot;,&quot;copyright&quot;:&quot;&quot;,&quot;focal_length&quot;:&quot;0&quot;,&quot;iso&quot;:&quot;0&quot;,&quot;shutter_speed&quot;:&quot;0&quot;,&quot;title&quot;:&quot;&quot;,&quot;orientation&quot;:&quot;1&quot;}\" data-image-title=\"Salle de concert du Palais de la Musique Catalane\" data-image-description=\"\" data-image-caption=\"\" data-medium-file=\"https:\/\/i0.wp.com\/www.proantic.com\/magazine\/wp-content\/uploads\/2021\/07\/PALAU-DE-LA-MUSICA-_3752176695107460037.jpg?fit=300%2C287&amp;ssl=1\" data-large-file=\"https:\/\/i0.wp.com\/www.proantic.com\/magazine\/wp-content\/uploads\/2021\/07\/PALAU-DE-LA-MUSICA-_3752176695107460037.jpg?fit=310%2C297&amp;ssl=1\" src=\"https:\/\/i0.wp.com\/www.proantic.com\/magazine\/wp-content\/uploads\/2021\/07\/PALAU-DE-LA-MUSICA-_3752176695107460037.jpg?resize=310%2C297&#038;ssl=1\" alt=\"\" class=\"wp-image-13779\" srcset=\"https:\/\/i0.wp.com\/www.proantic.com\/magazine\/wp-content\/uploads\/2021\/07\/PALAU-DE-LA-MUSICA-_3752176695107460037.jpg?w=310&amp;ssl=1 310w, https:\/\/i0.wp.com\/www.proantic.com\/magazine\/wp-content\/uploads\/2021\/07\/PALAU-DE-LA-MUSICA-_3752176695107460037.jpg?resize=300%2C287&amp;ssl=1 300w, https:\/\/i0.wp.com\/www.proantic.com\/magazine\/wp-content\/uploads\/2021\/07\/PALAU-DE-LA-MUSICA-_3752176695107460037.jpg?resize=180%2C172&amp;ssl=1 180w\" sizes=\"auto, (max-width: 310px) 100vw, 310px\" \/><\/figure><\/div>\n\n\n\n<p>Tout cet ensemble de vitraux tamise la lumi\u00e8re, qui \u00e9claire les&nbsp;colonnes d\u00e9cor\u00e9es de mosa\u00efques de c\u00e9ramique \u00e9maill\u00e9e. Aux intersections des arcs, les ventilateurs s\u2019ouvrent comme des queues de paon. Tous ces effets chromatiques et lumineux apportent une grande th\u00e9\u00e2tralit\u00e9 \u00e0 l\u2019ensemble.<\/p>\n\n\n\n<p>La salle est d\u00e9cor\u00e9e de statues, repr\u00e9sentant notamment les walkyries de Wagner surgissant du plafond&nbsp;: les muses entourant la sc\u00e8ne&nbsp;; les bustes d\u2019Anselm Clav\u00e9 et de Beethoven&nbsp;; ainsi que diff\u00e9rents \u00e9l\u00e9ments naturels tels que fleurs, fruits et palmiers. <\/p>\n\n\n\n<figure class=\"wp-block-image size-large\"><img data-recalc-dims=\"1\" loading=\"lazy\" decoding=\"async\" width=\"575\" height=\"337\" data-attachment-id=\"13784\" data-permalink=\"https:\/\/www.proantic.com\/magazine\/salle-de-concert-du-palais-de-la-musique-catalane\/barcelonapalaumusica-t24-a_o\/\" data-orig-file=\"https:\/\/i0.wp.com\/www.proantic.com\/magazine\/wp-content\/uploads\/2021\/08\/BarcelonaPalauMusica-T24-a_O.jpg?fit=575%2C337&amp;ssl=1\" data-orig-size=\"575,337\" data-comments-opened=\"1\" data-image-meta=\"{&quot;aperture&quot;:&quot;0&quot;,&quot;credit&quot;:&quot;&quot;,&quot;camera&quot;:&quot;&quot;,&quot;caption&quot;:&quot;&quot;,&quot;created_timestamp&quot;:&quot;0&quot;,&quot;copyright&quot;:&quot;&quot;,&quot;focal_length&quot;:&quot;0&quot;,&quot;iso&quot;:&quot;0&quot;,&quot;shutter_speed&quot;:&quot;0&quot;,&quot;title&quot;:&quot;&quot;,&quot;orientation&quot;:&quot;0&quot;}\" data-image-title=\"Salle de concert du Palais de la Musique Catalane\" data-image-description=\"\" data-image-caption=\"\" data-medium-file=\"https:\/\/i0.wp.com\/www.proantic.com\/magazine\/wp-content\/uploads\/2021\/08\/BarcelonaPalauMusica-T24-a_O.jpg?fit=300%2C176&amp;ssl=1\" data-large-file=\"https:\/\/i0.wp.com\/www.proantic.com\/magazine\/wp-content\/uploads\/2021\/08\/BarcelonaPalauMusica-T24-a_O.jpg?fit=575%2C337&amp;ssl=1\" src=\"https:\/\/i0.wp.com\/www.proantic.com\/magazine\/wp-content\/uploads\/2021\/08\/BarcelonaPalauMusica-T24-a_O.jpg?resize=575%2C337&#038;ssl=1\" alt=\"\" class=\"wp-image-13784\" srcset=\"https:\/\/i0.wp.com\/www.proantic.com\/magazine\/wp-content\/uploads\/2021\/08\/BarcelonaPalauMusica-T24-a_O.jpg?w=575&amp;ssl=1 575w, https:\/\/i0.wp.com\/www.proantic.com\/magazine\/wp-content\/uploads\/2021\/08\/BarcelonaPalauMusica-T24-a_O.jpg?resize=300%2C176&amp;ssl=1 300w, https:\/\/i0.wp.com\/www.proantic.com\/magazine\/wp-content\/uploads\/2021\/08\/BarcelonaPalauMusica-T24-a_O.jpg?resize=180%2C105&amp;ssl=1 180w\" sizes=\"auto, (max-width: 575px) 100vw, 575px\" \/><\/figure>\n\n\n\n<p>Dans le demi-cercle de la sc\u00e8ne, dix-huit muses sont repr\u00e9sent\u00e9es, r\u00e9alis\u00e9es en mosa\u00efque et en relief. Ils sont l\u2019\u0153uvre d\u2019Eusebio Arnau, de Mario Maragliano et de Llu\u00eds Bru.&nbsp;Chacun d\u2019entre eux porte un instrument de musique.<\/p>\n\n\n\n<p>Pour sa construction,&nbsp;Dom\u00e8nech i Montaner&nbsp;a fait appel \u00e0 de c\u00e9l\u00e8bres artistes de l\u2019\u00e9poque, comme le mosa\u00efste Llu\u00eds Bru, les c\u00e9ramistes Josep Orriols et Modest Sunyol, et les sculpteurs Miquel Blay, Eusebi Arnau, D\u00eddac Massana et Pablo Gargallo. Les vitraux ont \u00e9t\u00e9 r\u00e9alis\u00e9s par la maison Rigalt i Granell, et le sol hydraulique, par la maison Escofet.<\/p>\n","protected":false},"excerpt":{"rendered":"<p>Le Palais de la musique catalane est une \u0153uvre d\u2019art moderniste m\u00ealant architecture, sculpture, mosa\u00efque, vitrail et fer forg\u00e9 dans une salle de concert qui charme le visiteur. C&rsquo;est l&rsquo;\u0153uvre de&nbsp;Llu\u00eds Dom\u00e8nech i Montaner, l&rsquo;un des principaux repr\u00e9sentants du modernisme catalan. Les travaux se d\u00e9roulent de&nbsp;1905&nbsp;\u00e0&nbsp;1908&nbsp;et font appel \u00e0 des structures avanc\u00e9es telles que l&rsquo;utilisation [&hellip;]<\/p>\n","protected":false},"author":6,"featured_media":13782,"comment_status":"closed","ping_status":"open","sticky":false,"template":"","format":"standard","meta":{"jetpack_post_was_ever_published":false,"_jetpack_newsletter_access":"","_jetpack_dont_email_post_to_subs":false,"_jetpack_newsletter_tier_id":0,"_jetpack_memberships_contains_paywalled_content":false,"_jetpack_memberships_contains_paid_content":false,"footnotes":"","jetpack_publicize_message":"","jetpack_publicize_feature_enabled":true,"jetpack_social_post_already_shared":true,"jetpack_social_options":{"image_generator_settings":{"template":"highway","default_image_id":0,"font":"","enabled":false},"version":2}},"categories":[18],"tags":[],"class_list":["post-13759","post","type-post","status-publish","format-standard","has-post-thumbnail","hentry","category-patrimoine-musee"],"yoast_head":"<!-- This site is optimized with the Yoast SEO plugin v26.9 - https:\/\/yoast.com\/product\/yoast-seo-wordpress\/ -->\n<title>Salle de concert du Palais de la Musique Catalane Le Magazine de Proantic<\/title>\n<meta name=\"description\" content=\"Le Palais de la musique catalane est une \u0153uvre d\u2019art moderniste m\u00ealant architecture, sculpture, mosa\u00efque, vitrail et fer forg\u00e9 dans une salle de concert\" \/>\n<meta name=\"robots\" content=\"index, follow, max-snippet:-1, max-image-preview:large, max-video-preview:-1\" \/>\n<link rel=\"canonical\" href=\"https:\/\/www.proantic.com\/magazine\/salle-de-concert-du-palais-de-la-musique-catalane\/\" \/>\n<meta property=\"og:locale\" content=\"fr_FR\" \/>\n<meta property=\"og:type\" content=\"article\" \/>\n<meta property=\"og:title\" content=\"Salle de concert du Palais de la Musique Catalane Le Magazine de Proantic\" \/>\n<meta property=\"og:description\" content=\"Le Palais de la musique catalane est une \u0153uvre d\u2019art moderniste m\u00ealant architecture, sculpture, mosa\u00efque, vitrail et fer forg\u00e9 dans une salle de concert\" \/>\n<meta property=\"og:url\" content=\"https:\/\/www.proantic.com\/magazine\/salle-de-concert-du-palais-de-la-musique-catalane\/\" \/>\n<meta property=\"og:site_name\" content=\"Le Magazine de Proantic\" \/>\n<meta property=\"article:publisher\" content=\"https:\/\/www.facebook.com\/pages\/Proantic\/\/259180871793\" \/>\n<meta property=\"article:published_time\" content=\"2021-08-04T07:03:30+00:00\" \/>\n<meta property=\"article:modified_time\" content=\"2021-08-04T07:04:22+00:00\" \/>\n<meta property=\"og:image\" content=\"https:\/\/i0.wp.com\/www.proantic.com\/magazine\/wp-content\/uploads\/2021\/08\/sedrt.jpg?fit=801%2C600&ssl=1\" \/>\n\t<meta property=\"og:image:width\" content=\"801\" \/>\n\t<meta property=\"og:image:height\" content=\"600\" \/>\n\t<meta property=\"og:image:type\" content=\"image\/jpeg\" \/>\n<meta name=\"author\" content=\"C\u00e9line Autant\" \/>\n<meta name=\"twitter:label1\" content=\"\u00c9crit par\" \/>\n\t<meta name=\"twitter:data1\" content=\"C\u00e9line Autant\" \/>\n\t<meta name=\"twitter:label2\" content=\"Dur\u00e9e de lecture estim\u00e9e\" \/>\n\t<meta name=\"twitter:data2\" content=\"3 minutes\" \/>\n<script type=\"application\/ld+json\" class=\"yoast-schema-graph\">{\"@context\":\"https:\/\/schema.org\",\"@graph\":[{\"@type\":\"Article\",\"@id\":\"https:\/\/www.proantic.com\/magazine\/salle-de-concert-du-palais-de-la-musique-catalane\/#article\",\"isPartOf\":{\"@id\":\"https:\/\/www.proantic.com\/magazine\/salle-de-concert-du-palais-de-la-musique-catalane\/\"},\"author\":{\"name\":\"C\u00e9line Autant\",\"@id\":\"https:\/\/www.proantic.com\/magazine\/#\/schema\/person\/63707e8f4e7d0172de7ddde897688be0\"},\"headline\":\"Salle de concert du Palais de la Musique Catalane\",\"datePublished\":\"2021-08-04T07:03:30+00:00\",\"dateModified\":\"2021-08-04T07:04:22+00:00\",\"mainEntityOfPage\":{\"@id\":\"https:\/\/www.proantic.com\/magazine\/salle-de-concert-du-palais-de-la-musique-catalane\/\"},\"wordCount\":554,\"image\":{\"@id\":\"https:\/\/www.proantic.com\/magazine\/salle-de-concert-du-palais-de-la-musique-catalane\/#primaryimage\"},\"thumbnailUrl\":\"https:\/\/i0.wp.com\/www.proantic.com\/magazine\/wp-content\/uploads\/2021\/08\/sedrt.jpg?fit=801%2C600&ssl=1\",\"articleSection\":[\"Patrimoine, Mus\u00e9es\"],\"inLanguage\":\"fr-FR\"},{\"@type\":\"WebPage\",\"@id\":\"https:\/\/www.proantic.com\/magazine\/salle-de-concert-du-palais-de-la-musique-catalane\/\",\"url\":\"https:\/\/www.proantic.com\/magazine\/salle-de-concert-du-palais-de-la-musique-catalane\/\",\"name\":\"Salle de concert du Palais de la Musique Catalane Le Magazine de Proantic\",\"isPartOf\":{\"@id\":\"https:\/\/www.proantic.com\/magazine\/#website\"},\"primaryImageOfPage\":{\"@id\":\"https:\/\/www.proantic.com\/magazine\/salle-de-concert-du-palais-de-la-musique-catalane\/#primaryimage\"},\"image\":{\"@id\":\"https:\/\/www.proantic.com\/magazine\/salle-de-concert-du-palais-de-la-musique-catalane\/#primaryimage\"},\"thumbnailUrl\":\"https:\/\/i0.wp.com\/www.proantic.com\/magazine\/wp-content\/uploads\/2021\/08\/sedrt.jpg?fit=801%2C600&ssl=1\",\"datePublished\":\"2021-08-04T07:03:30+00:00\",\"dateModified\":\"2021-08-04T07:04:22+00:00\",\"author\":{\"@id\":\"https:\/\/www.proantic.com\/magazine\/#\/schema\/person\/63707e8f4e7d0172de7ddde897688be0\"},\"description\":\"Le Palais de la musique catalane est une \u0153uvre d\u2019art moderniste m\u00ealant architecture, sculpture, mosa\u00efque, vitrail et fer forg\u00e9 dans une salle de concert\",\"breadcrumb\":{\"@id\":\"https:\/\/www.proantic.com\/magazine\/salle-de-concert-du-palais-de-la-musique-catalane\/#breadcrumb\"},\"inLanguage\":\"fr-FR\",\"potentialAction\":[{\"@type\":\"ReadAction\",\"target\":[\"https:\/\/www.proantic.com\/magazine\/salle-de-concert-du-palais-de-la-musique-catalane\/\"]}]},{\"@type\":\"ImageObject\",\"inLanguage\":\"fr-FR\",\"@id\":\"https:\/\/www.proantic.com\/magazine\/salle-de-concert-du-palais-de-la-musique-catalane\/#primaryimage\",\"url\":\"https:\/\/i0.wp.com\/www.proantic.com\/magazine\/wp-content\/uploads\/2021\/08\/sedrt.jpg?fit=801%2C600&ssl=1\",\"contentUrl\":\"https:\/\/i0.wp.com\/www.proantic.com\/magazine\/wp-content\/uploads\/2021\/08\/sedrt.jpg?fit=801%2C600&ssl=1\",\"width\":801,\"height\":600},{\"@type\":\"BreadcrumbList\",\"@id\":\"https:\/\/www.proantic.com\/magazine\/salle-de-concert-du-palais-de-la-musique-catalane\/#breadcrumb\",\"itemListElement\":[{\"@type\":\"ListItem\",\"position\":1,\"name\":\"Accueil\",\"item\":\"https:\/\/www.proantic.com\/magazine\/\"},{\"@type\":\"ListItem\",\"position\":2,\"name\":\"Salle de concert du Palais de la Musique Catalane\"}]},{\"@type\":\"WebSite\",\"@id\":\"https:\/\/www.proantic.com\/magazine\/#website\",\"url\":\"https:\/\/www.proantic.com\/magazine\/\",\"name\":\"Le Magazine de Proantic\",\"description\":\"Magazine d&#039;art et expositions\",\"potentialAction\":[{\"@type\":\"SearchAction\",\"target\":{\"@type\":\"EntryPoint\",\"urlTemplate\":\"https:\/\/www.proantic.com\/magazine\/?s={search_term_string}\"},\"query-input\":{\"@type\":\"PropertyValueSpecification\",\"valueRequired\":true,\"valueName\":\"search_term_string\"}}],\"inLanguage\":\"fr-FR\"},{\"@type\":\"Person\",\"@id\":\"https:\/\/www.proantic.com\/magazine\/#\/schema\/person\/63707e8f4e7d0172de7ddde897688be0\",\"name\":\"C\u00e9line Autant\"}]}<\/script>\n<!-- \/ Yoast SEO plugin. -->","yoast_head_json":{"title":"Salle de concert du Palais de la Musique Catalane Le Magazine de Proantic","description":"Le Palais de la musique catalane est une \u0153uvre d\u2019art moderniste m\u00ealant architecture, sculpture, mosa\u00efque, vitrail et fer forg\u00e9 dans une salle de concert","robots":{"index":"index","follow":"follow","max-snippet":"max-snippet:-1","max-image-preview":"max-image-preview:large","max-video-preview":"max-video-preview:-1"},"canonical":"https:\/\/www.proantic.com\/magazine\/salle-de-concert-du-palais-de-la-musique-catalane\/","og_locale":"fr_FR","og_type":"article","og_title":"Salle de concert du Palais de la Musique Catalane Le Magazine de Proantic","og_description":"Le Palais de la musique catalane est une \u0153uvre d\u2019art moderniste m\u00ealant architecture, sculpture, mosa\u00efque, vitrail et fer forg\u00e9 dans une salle de concert","og_url":"https:\/\/www.proantic.com\/magazine\/salle-de-concert-du-palais-de-la-musique-catalane\/","og_site_name":"Le Magazine de Proantic","article_publisher":"https:\/\/www.facebook.com\/pages\/Proantic\/\/259180871793","article_published_time":"2021-08-04T07:03:30+00:00","article_modified_time":"2021-08-04T07:04:22+00:00","og_image":[{"width":801,"height":600,"url":"https:\/\/i0.wp.com\/www.proantic.com\/magazine\/wp-content\/uploads\/2021\/08\/sedrt.jpg?fit=801%2C600&ssl=1","type":"image\/jpeg"}],"author":"C\u00e9line Autant","twitter_misc":{"\u00c9crit par":"C\u00e9line Autant","Dur\u00e9e de lecture estim\u00e9e":"3 minutes"},"schema":{"@context":"https:\/\/schema.org","@graph":[{"@type":"Article","@id":"https:\/\/www.proantic.com\/magazine\/salle-de-concert-du-palais-de-la-musique-catalane\/#article","isPartOf":{"@id":"https:\/\/www.proantic.com\/magazine\/salle-de-concert-du-palais-de-la-musique-catalane\/"},"author":{"name":"C\u00e9line Autant","@id":"https:\/\/www.proantic.com\/magazine\/#\/schema\/person\/63707e8f4e7d0172de7ddde897688be0"},"headline":"Salle de concert du Palais de la Musique Catalane","datePublished":"2021-08-04T07:03:30+00:00","dateModified":"2021-08-04T07:04:22+00:00","mainEntityOfPage":{"@id":"https:\/\/www.proantic.com\/magazine\/salle-de-concert-du-palais-de-la-musique-catalane\/"},"wordCount":554,"image":{"@id":"https:\/\/www.proantic.com\/magazine\/salle-de-concert-du-palais-de-la-musique-catalane\/#primaryimage"},"thumbnailUrl":"https:\/\/i0.wp.com\/www.proantic.com\/magazine\/wp-content\/uploads\/2021\/08\/sedrt.jpg?fit=801%2C600&ssl=1","articleSection":["Patrimoine, Mus\u00e9es"],"inLanguage":"fr-FR"},{"@type":"WebPage","@id":"https:\/\/www.proantic.com\/magazine\/salle-de-concert-du-palais-de-la-musique-catalane\/","url":"https:\/\/www.proantic.com\/magazine\/salle-de-concert-du-palais-de-la-musique-catalane\/","name":"Salle de concert du Palais de la Musique Catalane Le Magazine de Proantic","isPartOf":{"@id":"https:\/\/www.proantic.com\/magazine\/#website"},"primaryImageOfPage":{"@id":"https:\/\/www.proantic.com\/magazine\/salle-de-concert-du-palais-de-la-musique-catalane\/#primaryimage"},"image":{"@id":"https:\/\/www.proantic.com\/magazine\/salle-de-concert-du-palais-de-la-musique-catalane\/#primaryimage"},"thumbnailUrl":"https:\/\/i0.wp.com\/www.proantic.com\/magazine\/wp-content\/uploads\/2021\/08\/sedrt.jpg?fit=801%2C600&ssl=1","datePublished":"2021-08-04T07:03:30+00:00","dateModified":"2021-08-04T07:04:22+00:00","author":{"@id":"https:\/\/www.proantic.com\/magazine\/#\/schema\/person\/63707e8f4e7d0172de7ddde897688be0"},"description":"Le Palais de la musique catalane est une \u0153uvre d\u2019art moderniste m\u00ealant architecture, sculpture, mosa\u00efque, vitrail et fer forg\u00e9 dans une salle de concert","breadcrumb":{"@id":"https:\/\/www.proantic.com\/magazine\/salle-de-concert-du-palais-de-la-musique-catalane\/#breadcrumb"},"inLanguage":"fr-FR","potentialAction":[{"@type":"ReadAction","target":["https:\/\/www.proantic.com\/magazine\/salle-de-concert-du-palais-de-la-musique-catalane\/"]}]},{"@type":"ImageObject","inLanguage":"fr-FR","@id":"https:\/\/www.proantic.com\/magazine\/salle-de-concert-du-palais-de-la-musique-catalane\/#primaryimage","url":"https:\/\/i0.wp.com\/www.proantic.com\/magazine\/wp-content\/uploads\/2021\/08\/sedrt.jpg?fit=801%2C600&ssl=1","contentUrl":"https:\/\/i0.wp.com\/www.proantic.com\/magazine\/wp-content\/uploads\/2021\/08\/sedrt.jpg?fit=801%2C600&ssl=1","width":801,"height":600},{"@type":"BreadcrumbList","@id":"https:\/\/www.proantic.com\/magazine\/salle-de-concert-du-palais-de-la-musique-catalane\/#breadcrumb","itemListElement":[{"@type":"ListItem","position":1,"name":"Accueil","item":"https:\/\/www.proantic.com\/magazine\/"},{"@type":"ListItem","position":2,"name":"Salle de concert du Palais de la Musique Catalane"}]},{"@type":"WebSite","@id":"https:\/\/www.proantic.com\/magazine\/#website","url":"https:\/\/www.proantic.com\/magazine\/","name":"Le Magazine de Proantic","description":"Magazine d&#039;art et expositions","potentialAction":[{"@type":"SearchAction","target":{"@type":"EntryPoint","urlTemplate":"https:\/\/www.proantic.com\/magazine\/?s={search_term_string}"},"query-input":{"@type":"PropertyValueSpecification","valueRequired":true,"valueName":"search_term_string"}}],"inLanguage":"fr-FR"},{"@type":"Person","@id":"https:\/\/www.proantic.com\/magazine\/#\/schema\/person\/63707e8f4e7d0172de7ddde897688be0","name":"C\u00e9line Autant"}]}},"jetpack_publicize_connections":[],"jetpack_featured_media_url":"https:\/\/i0.wp.com\/www.proantic.com\/magazine\/wp-content\/uploads\/2021\/08\/sedrt.jpg?fit=801%2C600&ssl=1","jetpack_shortlink":"https:\/\/wp.me\/p7EkP3-3zV","jetpack_sharing_enabled":true,"_links":{"self":[{"href":"https:\/\/www.proantic.com\/magazine\/wp-json\/wp\/v2\/posts\/13759","targetHints":{"allow":["GET"]}}],"collection":[{"href":"https:\/\/www.proantic.com\/magazine\/wp-json\/wp\/v2\/posts"}],"about":[{"href":"https:\/\/www.proantic.com\/magazine\/wp-json\/wp\/v2\/types\/post"}],"author":[{"embeddable":true,"href":"https:\/\/www.proantic.com\/magazine\/wp-json\/wp\/v2\/users\/6"}],"replies":[{"embeddable":true,"href":"https:\/\/www.proantic.com\/magazine\/wp-json\/wp\/v2\/comments?post=13759"}],"version-history":[{"count":4,"href":"https:\/\/www.proantic.com\/magazine\/wp-json\/wp\/v2\/posts\/13759\/revisions"}],"predecessor-version":[{"id":13785,"href":"https:\/\/www.proantic.com\/magazine\/wp-json\/wp\/v2\/posts\/13759\/revisions\/13785"}],"wp:featuredmedia":[{"embeddable":true,"href":"https:\/\/www.proantic.com\/magazine\/wp-json\/wp\/v2\/media\/13782"}],"wp:attachment":[{"href":"https:\/\/www.proantic.com\/magazine\/wp-json\/wp\/v2\/media?parent=13759"}],"wp:term":[{"taxonomy":"category","embeddable":true,"href":"https:\/\/www.proantic.com\/magazine\/wp-json\/wp\/v2\/categories?post=13759"},{"taxonomy":"post_tag","embeddable":true,"href":"https:\/\/www.proantic.com\/magazine\/wp-json\/wp\/v2\/tags?post=13759"}],"curies":[{"name":"wp","href":"https:\/\/api.w.org\/{rel}","templated":true}]}}