{"id":13705,"date":"2021-07-12T09:14:35","date_gmt":"2021-07-12T08:14:35","guid":{"rendered":"https:\/\/www.proantic.com\/magazine\/?p=13705"},"modified":"2021-07-12T09:16:12","modified_gmt":"2021-07-12T08:16:12","slug":"dessins-pour-versailles-vingt-ans-dacquisitions","status":"publish","type":"post","link":"https:\/\/www.proantic.com\/magazine\/dessins-pour-versailles-vingt-ans-dacquisitions\/","title":{"rendered":"Dessins pour Versailles, vingt ans d&rsquo;acquisitions"},"content":{"rendered":"\n<p><strong>Cette exposition s&rsquo;int\u00e9resse aux acquisitions qui compl\u00e8tent, depuis vingt ans, la collection du cabinet des Arts graphiques du ch\u00e2teau de Versailles. <\/strong>\u00ab\u00a0Dessins pour Versailles, vingt ans d&rsquo;acquisitions\u00a0\u00bb, expos\u00e9 dans les appartements de Madame de Maintenon, mettra en lumi\u00e8re une centaine d&rsquo;oeuvres : pastels, gouaches, aquarelles &#8230; souvent conserv\u00e9es en r\u00e9serves en raison de leur grande fragilit\u00e9.<\/p>\n\n\n\n<div class=\"wp-block-image\"><figure class=\"aligncenter size-large\"><img data-recalc-dims=\"1\" loading=\"lazy\" decoding=\"async\" width=\"394\" height=\"559\" data-attachment-id=\"13724\" data-permalink=\"https:\/\/www.proantic.com\/magazine\/dessins-pour-versailles-vingt-ans-dacquisitions\/ol\/\" data-orig-file=\"https:\/\/i0.wp.com\/www.proantic.com\/magazine\/wp-content\/uploads\/2021\/06\/ol.jpg?fit=394%2C559&amp;ssl=1\" data-orig-size=\"394,559\" data-comments-opened=\"1\" data-image-meta=\"{&quot;aperture&quot;:&quot;0&quot;,&quot;credit&quot;:&quot;celine&quot;,&quot;camera&quot;:&quot;&quot;,&quot;caption&quot;:&quot;&quot;,&quot;created_timestamp&quot;:&quot;1626083655&quot;,&quot;copyright&quot;:&quot;&quot;,&quot;focal_length&quot;:&quot;0&quot;,&quot;iso&quot;:&quot;0&quot;,&quot;shutter_speed&quot;:&quot;0&quot;,&quot;title&quot;:&quot;&quot;,&quot;orientation&quot;:&quot;0&quot;}\" data-image-title=\"Dessins pour Versailles, vingt ans d&amp;rsquo;acquisitions\" data-image-description=\"\" data-image-caption=\"&lt;p&gt;Wallerant Vaillant (1623-1677)&lt;br \/&gt;\n1660&lt;br \/&gt;\nPastel et graphite sur papier bleu&lt;\/p&gt;\n\" data-medium-file=\"https:\/\/i0.wp.com\/www.proantic.com\/magazine\/wp-content\/uploads\/2021\/06\/ol.jpg?fit=211%2C300&amp;ssl=1\" data-large-file=\"https:\/\/i0.wp.com\/www.proantic.com\/magazine\/wp-content\/uploads\/2021\/06\/ol.jpg?fit=394%2C559&amp;ssl=1\" src=\"https:\/\/i0.wp.com\/www.proantic.com\/magazine\/wp-content\/uploads\/2021\/06\/ol.jpg?resize=394%2C559&#038;ssl=1\" alt=\"\" class=\"wp-image-13724\" srcset=\"https:\/\/i0.wp.com\/www.proantic.com\/magazine\/wp-content\/uploads\/2021\/06\/ol.jpg?w=394&amp;ssl=1 394w, https:\/\/i0.wp.com\/www.proantic.com\/magazine\/wp-content\/uploads\/2021\/06\/ol.jpg?resize=211%2C300&amp;ssl=1 211w, https:\/\/i0.wp.com\/www.proantic.com\/magazine\/wp-content\/uploads\/2021\/06\/ol.jpg?resize=127%2C180&amp;ssl=1 127w\" sizes=\"auto, (max-width: 394px) 100vw, 394px\" \/><figcaption>Wallerant Vaillant (1623-1677)\n1660\nPastel et graphite sur papier bleu<\/figcaption><\/figure><\/div>\n\n\n\n<p>Cette exposition pr\u00e9sentera une galerie de portraits et sc\u00e8nes de vie de Cour .. parfois \u00e9tonnants !&nbsp;Louis XIV&nbsp;repr\u00e9sent\u00e9 en empereur romain,&nbsp;Charles Perrault&nbsp;dessin\u00e9 par&nbsp;Charles Le Brun, caricatures ou encore dessins \u00e0 main lev\u00e9e. Elle d\u00e9voilera \u00e9galement des dessins pr\u00e9paratoires aux grands d\u00e9cors peints du ch\u00e2teau de Versailles : des plafonds de la&nbsp;chapelle Royale&nbsp;et du&nbsp;salon d&rsquo;Hercule, en passant par les dessus-de-porte de la&nbsp;chambre du Roi&nbsp;et du&nbsp;salon de Diane. Elle mettra enfin en lumi\u00e8re les vues, plans et projets architecturaux du ch\u00e2teau de Versailles depuis l&rsquo;Ancien R\u00e9gime jusqu&rsquo;au d\u00e9but du XXe si\u00e8cle.<\/p>\n\n\n\n<div class=\"wp-block-image\"><figure class=\"aligncenter size-large\"><img data-recalc-dims=\"1\" loading=\"lazy\" decoding=\"async\" width=\"398\" height=\"560\" data-attachment-id=\"13725\" data-permalink=\"https:\/\/www.proantic.com\/magazine\/dessins-pour-versailles-vingt-ans-dacquisitions\/kloi-11\/\" data-orig-file=\"https:\/\/i0.wp.com\/www.proantic.com\/magazine\/wp-content\/uploads\/2021\/07\/kloi.jpg?fit=398%2C560&amp;ssl=1\" data-orig-size=\"398,560\" data-comments-opened=\"1\" data-image-meta=\"{&quot;aperture&quot;:&quot;0&quot;,&quot;credit&quot;:&quot;celine&quot;,&quot;camera&quot;:&quot;&quot;,&quot;caption&quot;:&quot;&quot;,&quot;created_timestamp&quot;:&quot;1626083798&quot;,&quot;copyright&quot;:&quot;&quot;,&quot;focal_length&quot;:&quot;0&quot;,&quot;iso&quot;:&quot;0&quot;,&quot;shutter_speed&quot;:&quot;0&quot;,&quot;title&quot;:&quot;&quot;,&quot;orientation&quot;:&quot;0&quot;}\" data-image-title=\"Dessins pour Versailles, vingt ans d&amp;rsquo;acquisitions\" data-image-description=\"\" data-image-caption=\"&lt;p&gt;Joseph Werner (1637-vers 1710)&lt;br \/&gt;\nElisabeth-Charlotte de Bavi\u00e8re,&lt;br \/&gt;\nduchesse d&amp;rsquo;Orl\u00e9ans, dite la Palatine&lt;br \/&gt;\nVers 1671&lt;br \/&gt;\nGouache sur parchemin coll\u00e9 sur bois&lt;\/p&gt;\n\" data-medium-file=\"https:\/\/i0.wp.com\/www.proantic.com\/magazine\/wp-content\/uploads\/2021\/07\/kloi.jpg?fit=213%2C300&amp;ssl=1\" data-large-file=\"https:\/\/i0.wp.com\/www.proantic.com\/magazine\/wp-content\/uploads\/2021\/07\/kloi.jpg?fit=398%2C560&amp;ssl=1\" src=\"https:\/\/i0.wp.com\/www.proantic.com\/magazine\/wp-content\/uploads\/2021\/07\/kloi.jpg?resize=398%2C560&#038;ssl=1\" alt=\"\" class=\"wp-image-13725\" srcset=\"https:\/\/i0.wp.com\/www.proantic.com\/magazine\/wp-content\/uploads\/2021\/07\/kloi.jpg?w=398&amp;ssl=1 398w, https:\/\/i0.wp.com\/www.proantic.com\/magazine\/wp-content\/uploads\/2021\/07\/kloi.jpg?resize=213%2C300&amp;ssl=1 213w, https:\/\/i0.wp.com\/www.proantic.com\/magazine\/wp-content\/uploads\/2021\/07\/kloi.jpg?resize=128%2C180&amp;ssl=1 128w\" sizes=\"auto, (max-width: 398px) 100vw, 398px\" \/><figcaption>Joseph Werner (1637-vers 1710)\nElisabeth-Charlotte de Bavi\u00e8re,\nduchesse d&rsquo;Orl\u00e9ans, dite la Palatine\nVers 1671\nGouache sur parchemin coll\u00e9 sur bois<\/figcaption><\/figure><\/div>\n\n\n\n<p>Le visiteur, plong\u00e9 au c\u0153ur de la collection de dessins du ch\u00e2teau de Versailles, traversera quatre si\u00e8cles de cr\u00e9ation graphique et d\u00e9couvrira un Versailles dessin\u00e9 par les plus grands artistes de leur temps : Charles Le Brun,&nbsp;Charles de la Fosse, Fran\u00e7ois Lemoyne, Richard Mique, Jacques Gondoin, ou encore Lucien L\u00e9vy-Dhurmer.<\/p>\n\n\n\n<div class=\"wp-block-image\"><figure class=\"aligncenter size-large\"><img data-recalc-dims=\"1\" loading=\"lazy\" decoding=\"async\" width=\"392\" height=\"561\" data-attachment-id=\"13726\" data-permalink=\"https:\/\/www.proantic.com\/magazine\/dessins-pour-versailles-vingt-ans-dacquisitions\/asze-17\/\" data-orig-file=\"https:\/\/i0.wp.com\/www.proantic.com\/magazine\/wp-content\/uploads\/2021\/07\/asze.jpg?fit=392%2C561&amp;ssl=1\" data-orig-size=\"392,561\" data-comments-opened=\"1\" data-image-meta=\"{&quot;aperture&quot;:&quot;0&quot;,&quot;credit&quot;:&quot;celine&quot;,&quot;camera&quot;:&quot;&quot;,&quot;caption&quot;:&quot;&quot;,&quot;created_timestamp&quot;:&quot;1626083889&quot;,&quot;copyright&quot;:&quot;&quot;,&quot;focal_length&quot;:&quot;0&quot;,&quot;iso&quot;:&quot;0&quot;,&quot;shutter_speed&quot;:&quot;0&quot;,&quot;title&quot;:&quot;&quot;,&quot;orientation&quot;:&quot;0&quot;}\" data-image-title=\"Dessins pour Versailles, vingt ans d&amp;rsquo;acquisitions\" data-image-description=\"\" data-image-caption=\"&lt;p&gt;Charles Le Brun (1619-1690)&lt;br \/&gt;\nCharles Perrault&lt;br \/&gt;\n1665&lt;br \/&gt;\nPastel sur papier&lt;\/p&gt;\n\" data-medium-file=\"https:\/\/i0.wp.com\/www.proantic.com\/magazine\/wp-content\/uploads\/2021\/07\/asze.jpg?fit=210%2C300&amp;ssl=1\" data-large-file=\"https:\/\/i0.wp.com\/www.proantic.com\/magazine\/wp-content\/uploads\/2021\/07\/asze.jpg?fit=392%2C561&amp;ssl=1\" src=\"https:\/\/i0.wp.com\/www.proantic.com\/magazine\/wp-content\/uploads\/2021\/07\/asze.jpg?resize=392%2C561&#038;ssl=1\" alt=\"\" class=\"wp-image-13726\" srcset=\"https:\/\/i0.wp.com\/www.proantic.com\/magazine\/wp-content\/uploads\/2021\/07\/asze.jpg?w=392&amp;ssl=1 392w, https:\/\/i0.wp.com\/www.proantic.com\/magazine\/wp-content\/uploads\/2021\/07\/asze.jpg?resize=210%2C300&amp;ssl=1 210w, https:\/\/i0.wp.com\/www.proantic.com\/magazine\/wp-content\/uploads\/2021\/07\/asze.jpg?resize=126%2C180&amp;ssl=1 126w\" sizes=\"auto, (max-width: 392px) 100vw, 392px\" \/><figcaption>Charles Le Brun (1619-1690)\nCharles Perrault\n1665\nPastel sur papier<\/figcaption><\/figure><\/div>\n\n\n\n<h2 class=\"wp-block-heading\" id=\"le-cabinet-des-arts-graphiques\">le cabinet des arts graphiques<\/h2>\n\n\n\n<p>Plus de 30 000 \u0153uvres du XVIe&nbsp;au XXe&nbsp;si\u00e8cle&nbsp;composent&nbsp;la collection : 28 000 estampes, environ 1 500 dessins,&nbsp;350 manuscrits et une centaine de pastels. Consid\u00e9r\u00e9e comme une source pr\u00e9cieuse pour la recherche et la connaissance de l&rsquo;histoire du palais et de ses collections, elle s\u2019articule autour de trois axes majeurs :&nbsp;les repr\u00e9sentations du ch\u00e2teau ; les dessins pr\u00e9paratoires aux d\u00e9cors, architecturaux ou peints ; le portrait et l\u2019all\u00e9gorie.<\/p>\n\n\n\n<div class=\"wp-block-image\"><figure class=\"aligncenter size-large\"><img data-recalc-dims=\"1\" loading=\"lazy\" decoding=\"async\" width=\"396\" height=\"560\" data-attachment-id=\"13727\" data-permalink=\"https:\/\/www.proantic.com\/magazine\/dessins-pour-versailles-vingt-ans-dacquisitions\/hyu-2\/\" data-orig-file=\"https:\/\/i0.wp.com\/www.proantic.com\/magazine\/wp-content\/uploads\/2021\/07\/hyu.jpg?fit=396%2C560&amp;ssl=1\" data-orig-size=\"396,560\" data-comments-opened=\"1\" data-image-meta=\"{&quot;aperture&quot;:&quot;0&quot;,&quot;credit&quot;:&quot;celine&quot;,&quot;camera&quot;:&quot;&quot;,&quot;caption&quot;:&quot;&quot;,&quot;created_timestamp&quot;:&quot;1626084045&quot;,&quot;copyright&quot;:&quot;&quot;,&quot;focal_length&quot;:&quot;0&quot;,&quot;iso&quot;:&quot;0&quot;,&quot;shutter_speed&quot;:&quot;0&quot;,&quot;title&quot;:&quot;&quot;,&quot;orientation&quot;:&quot;0&quot;}\" data-image-title=\"Dessins pour Versailles, vingt ans d&amp;rsquo;acquisitions\" data-image-description=\"\" data-image-caption=\"&lt;p&gt;Charles Monnet (1732-vers 1816)&lt;br \/&gt;\nLe Dauphin, fils de Louis XV, donnant&lt;br \/&gt;\nla le\u00e7on \u00e0 ses trois enfants&lt;br \/&gt;\n1765-1770&lt;br \/&gt;\nPierre noire, encre et lavis brun sur papier, avec&lt;br \/&gt;\nmise au carrea&lt;\/p&gt;\n\" data-medium-file=\"https:\/\/i0.wp.com\/www.proantic.com\/magazine\/wp-content\/uploads\/2021\/07\/hyu.jpg?fit=212%2C300&amp;ssl=1\" data-large-file=\"https:\/\/i0.wp.com\/www.proantic.com\/magazine\/wp-content\/uploads\/2021\/07\/hyu.jpg?fit=396%2C560&amp;ssl=1\" src=\"https:\/\/i0.wp.com\/www.proantic.com\/magazine\/wp-content\/uploads\/2021\/07\/hyu.jpg?resize=396%2C560&#038;ssl=1\" alt=\"\" class=\"wp-image-13727\" srcset=\"https:\/\/i0.wp.com\/www.proantic.com\/magazine\/wp-content\/uploads\/2021\/07\/hyu.jpg?w=396&amp;ssl=1 396w, https:\/\/i0.wp.com\/www.proantic.com\/magazine\/wp-content\/uploads\/2021\/07\/hyu.jpg?resize=212%2C300&amp;ssl=1 212w, https:\/\/i0.wp.com\/www.proantic.com\/magazine\/wp-content\/uploads\/2021\/07\/hyu.jpg?resize=127%2C180&amp;ssl=1 127w\" sizes=\"auto, (max-width: 396px) 100vw, 396px\" \/><figcaption>Charles Monnet (1732-vers 1816)\nLe Dauphin, fils de Louis XV, donnant\nla le\u00e7on \u00e0 ses trois enfants\n1765-1770\nPierre noire, encre et lavis brun sur papier, avec\nmise au carrea<\/figcaption><\/figure><\/div>\n\n\n\n<p>Dans les ann\u00e9es 1930, sous l\u2019impulsion de Gaston Bri\u00e8re, appara\u00eet la volont\u00e9 de cr\u00e9er une v\u00e9ritable collection de portraits ou de \u00ab gravures documentaires \u00bb. Charles Mauricheau-Beaupr\u00e9 poursuit le projet d\u2019un Mus\u00e9e de l\u2019iconographie fran\u00e7aise afin de \u00ab\u00a0constituer avec le fonds de portraits peints et sculpt\u00e9s de Versailles une iconographie enti\u00e8re fran\u00e7aise, dont les in\u00e9vitables lacunes seraient combl\u00e9es avec des dessins, gravures, et m\u00eame photographies, et ainsi cr\u00e9er un office de renseignement pour les chercheurs\u00a0\u00bb.\u00a0<\/p>\n\n\n\n<div class=\"wp-block-image\"><figure class=\"aligncenter size-large\"><img data-recalc-dims=\"1\" loading=\"lazy\" decoding=\"async\" width=\"399\" height=\"563\" data-attachment-id=\"13728\" data-permalink=\"https:\/\/www.proantic.com\/magazine\/dessins-pour-versailles-vingt-ans-dacquisitions\/jrt-2\/\" data-orig-file=\"https:\/\/i0.wp.com\/www.proantic.com\/magazine\/wp-content\/uploads\/2021\/07\/jrt.jpg?fit=399%2C563&amp;ssl=1\" data-orig-size=\"399,563\" data-comments-opened=\"1\" data-image-meta=\"{&quot;aperture&quot;:&quot;0&quot;,&quot;credit&quot;:&quot;celine&quot;,&quot;camera&quot;:&quot;&quot;,&quot;caption&quot;:&quot;&quot;,&quot;created_timestamp&quot;:&quot;1626084167&quot;,&quot;copyright&quot;:&quot;&quot;,&quot;focal_length&quot;:&quot;0&quot;,&quot;iso&quot;:&quot;0&quot;,&quot;shutter_speed&quot;:&quot;0&quot;,&quot;title&quot;:&quot;&quot;,&quot;orientation&quot;:&quot;0&quot;}\" data-image-title=\"Dessins pour Versailles, vingt ans d&amp;rsquo;acquisitions\" data-image-description=\"\" data-image-caption=\"&lt;p&gt;Fran\u00e7ois Lemoyne (1688-1737)&lt;br \/&gt;\n\u00e9tude de t\u00eate pour l\u2019Amour de la&lt;br \/&gt;\nVertu dans l\u2019Apoth\u00e9ose d\u2019Hercule&lt;br \/&gt;\nVers 1732&lt;br \/&gt;\nPierre noire et craie blanche sur papier bleu&lt;\/p&gt;\n\" data-medium-file=\"https:\/\/i0.wp.com\/www.proantic.com\/magazine\/wp-content\/uploads\/2021\/07\/jrt.jpg?fit=213%2C300&amp;ssl=1\" data-large-file=\"https:\/\/i0.wp.com\/www.proantic.com\/magazine\/wp-content\/uploads\/2021\/07\/jrt.jpg?fit=399%2C563&amp;ssl=1\" src=\"https:\/\/i0.wp.com\/www.proantic.com\/magazine\/wp-content\/uploads\/2021\/07\/jrt.jpg?resize=399%2C563&#038;ssl=1\" alt=\"\" class=\"wp-image-13728\" srcset=\"https:\/\/i0.wp.com\/www.proantic.com\/magazine\/wp-content\/uploads\/2021\/07\/jrt.jpg?w=399&amp;ssl=1 399w, https:\/\/i0.wp.com\/www.proantic.com\/magazine\/wp-content\/uploads\/2021\/07\/jrt.jpg?resize=213%2C300&amp;ssl=1 213w, https:\/\/i0.wp.com\/www.proantic.com\/magazine\/wp-content\/uploads\/2021\/07\/jrt.jpg?resize=128%2C180&amp;ssl=1 128w\" sizes=\"auto, (max-width: 399px) 100vw, 399px\" \/><figcaption>Fran\u00e7ois Lemoyne (1688-1737)\n\u00e9tude de t\u00eate pour l\u2019Amour de la\nVertu dans l\u2019Apoth\u00e9ose d\u2019Hercule\nVers 1732\nPierre noire et craie blanche sur papier bleu<\/figcaption><\/figure><\/div>\n\n\n\n<p>\u00a0Les collections sont principalement iconographiques, centr\u00e9es autour de Versailles, r\u00e9sidence royale et\u00a0<a rel=\"noreferrer noopener\" href=\"https:\/\/www.chateauversailles.fr\/decouvrir\/domaine\/chateau\/galeries-historiques\" target=\"_blank\">Mus\u00e9e de l\u2019histoire de France<\/a>, du XVIIe\u00a0au XXe\u00a0si\u00e8cle\u00a0: architecture, d\u00e9cors et jardins du ch\u00e2teau, portraits ou all\u00e9gories du pouvoir monarchique, vie de cour, sc\u00e8nes de l\u2019histoire de France du Moyen-\u00e2ge au Second Empire.<\/p>\n\n\n\n<figure class=\"wp-block-image size-large\"><img data-recalc-dims=\"1\" loading=\"lazy\" decoding=\"async\" width=\"665\" height=\"291\" data-attachment-id=\"13729\" data-permalink=\"https:\/\/www.proantic.com\/magazine\/dessins-pour-versailles-vingt-ans-dacquisitions\/hyui-2\/\" data-orig-file=\"https:\/\/i0.wp.com\/www.proantic.com\/magazine\/wp-content\/uploads\/2021\/07\/hyui.jpg?fit=803%2C351&amp;ssl=1\" data-orig-size=\"803,351\" data-comments-opened=\"1\" data-image-meta=\"{&quot;aperture&quot;:&quot;0&quot;,&quot;credit&quot;:&quot;celine&quot;,&quot;camera&quot;:&quot;&quot;,&quot;caption&quot;:&quot;&quot;,&quot;created_timestamp&quot;:&quot;1626084360&quot;,&quot;copyright&quot;:&quot;&quot;,&quot;focal_length&quot;:&quot;0&quot;,&quot;iso&quot;:&quot;0&quot;,&quot;shutter_speed&quot;:&quot;0&quot;,&quot;title&quot;:&quot;&quot;,&quot;orientation&quot;:&quot;0&quot;}\" data-image-title=\"Dessins pour Versailles, vingt ans d&amp;rsquo;acquisitions\" data-image-description=\"\" data-image-caption=\"&lt;p&gt;Horace Vernet, \u00c9tude d\u2019ensemble pour la Bataille d\u2019Isly, 14 ao\u00fbt 1844,&lt;br \/&gt;\nCraie noire, plume et encre brune, avec rehauts de gouache blanche et color\u00e9e,sur papier brun. Mise au carreau au crayon&lt;br \/&gt;\n\u00a9 Ch\u00e2teau de Versailles, Dist. RMN \u00a9 Christophe Fouin&lt;\/p&gt;\n\" data-medium-file=\"https:\/\/i0.wp.com\/www.proantic.com\/magazine\/wp-content\/uploads\/2021\/07\/hyui.jpg?fit=300%2C131&amp;ssl=1\" data-large-file=\"https:\/\/i0.wp.com\/www.proantic.com\/magazine\/wp-content\/uploads\/2021\/07\/hyui.jpg?fit=665%2C291&amp;ssl=1\" src=\"https:\/\/i0.wp.com\/www.proantic.com\/magazine\/wp-content\/uploads\/2021\/07\/hyui.jpg?resize=665%2C291&#038;ssl=1\" alt=\"\" class=\"wp-image-13729\" srcset=\"https:\/\/i0.wp.com\/www.proantic.com\/magazine\/wp-content\/uploads\/2021\/07\/hyui.jpg?w=803&amp;ssl=1 803w, https:\/\/i0.wp.com\/www.proantic.com\/magazine\/wp-content\/uploads\/2021\/07\/hyui.jpg?resize=300%2C131&amp;ssl=1 300w, https:\/\/i0.wp.com\/www.proantic.com\/magazine\/wp-content\/uploads\/2021\/07\/hyui.jpg?resize=768%2C336&amp;ssl=1 768w, https:\/\/i0.wp.com\/www.proantic.com\/magazine\/wp-content\/uploads\/2021\/07\/hyui.jpg?resize=180%2C79&amp;ssl=1 180w\" sizes=\"auto, (max-width: 665px) 100vw, 665px\" \/><figcaption>Horace Vernet, \u00c9tude d\u2019ensemble pour la Bataille d\u2019Isly, 14 ao\u00fbt 1844,\nCraie noire, plume et encre brune, avec rehauts de gouache blanche et color\u00e9e,sur papier brun. Mise au carreau au crayon\n\u00a9 Ch\u00e2teau de Versailles, Dist. RMN \u00a9 Christophe Fouin<\/figcaption><\/figure>\n\n\n\n<p>Les ann\u00e9es 2000 marquent une nouvelle \u00e9tape dans le d\u00e9veloppement du cabinet des Arts graphiques gr\u00e2ce \u00e0 la nomination d&rsquo;un conservateur en charge sp\u00e9cifiquement de cette collection. Ces vingt derni\u00e8res ann\u00e9es, plusieurs pi\u00e8ces remarquables sont venues enrichir cette collection mise \u00e0 l&rsquo;honneur dans l&rsquo;exposition.<\/p>\n\n\n\n<figure class=\"wp-block-image size-large\"><img data-recalc-dims=\"1\" loading=\"lazy\" decoding=\"async\" width=\"662\" height=\"646\" data-attachment-id=\"13730\" data-permalink=\"https:\/\/www.proantic.com\/magazine\/dessins-pour-versailles-vingt-ans-dacquisitions\/jkui-3\/\" data-orig-file=\"https:\/\/i0.wp.com\/www.proantic.com\/magazine\/wp-content\/uploads\/2021\/07\/jkui.jpg?fit=662%2C646&amp;ssl=1\" data-orig-size=\"662,646\" data-comments-opened=\"1\" data-image-meta=\"{&quot;aperture&quot;:&quot;0&quot;,&quot;credit&quot;:&quot;celine&quot;,&quot;camera&quot;:&quot;&quot;,&quot;caption&quot;:&quot;&quot;,&quot;created_timestamp&quot;:&quot;1626084482&quot;,&quot;copyright&quot;:&quot;&quot;,&quot;focal_length&quot;:&quot;0&quot;,&quot;iso&quot;:&quot;0&quot;,&quot;shutter_speed&quot;:&quot;0&quot;,&quot;title&quot;:&quot;&quot;,&quot;orientation&quot;:&quot;0&quot;}\" data-image-title=\"Dessins pour Versailles, vingt ans d&amp;rsquo;acquisitions\" data-image-description=\"\" data-image-caption=\"&lt;p&gt;Richard Mique (1728-1794) [agence de] et Claude Louis Ch\u00e2telet (1753-1794)&lt;br \/&gt;\nAlbum des plans et vues du Petit Trianon, 1781&lt;br \/&gt;\n\u00a9 RMN-GP (Ch\u00e2teau de Versailles) \u00a9 Franck Raux&lt;\/p&gt;\n\" data-medium-file=\"https:\/\/i0.wp.com\/www.proantic.com\/magazine\/wp-content\/uploads\/2021\/07\/jkui.jpg?fit=300%2C293&amp;ssl=1\" data-large-file=\"https:\/\/i0.wp.com\/www.proantic.com\/magazine\/wp-content\/uploads\/2021\/07\/jkui.jpg?fit=662%2C646&amp;ssl=1\" src=\"https:\/\/i0.wp.com\/www.proantic.com\/magazine\/wp-content\/uploads\/2021\/07\/jkui.jpg?resize=662%2C646&#038;ssl=1\" alt=\"\" class=\"wp-image-13730\" srcset=\"https:\/\/i0.wp.com\/www.proantic.com\/magazine\/wp-content\/uploads\/2021\/07\/jkui.jpg?w=662&amp;ssl=1 662w, https:\/\/i0.wp.com\/www.proantic.com\/magazine\/wp-content\/uploads\/2021\/07\/jkui.jpg?resize=300%2C293&amp;ssl=1 300w, https:\/\/i0.wp.com\/www.proantic.com\/magazine\/wp-content\/uploads\/2021\/07\/jkui.jpg?resize=180%2C176&amp;ssl=1 180w\" sizes=\"auto, (max-width: 662px) 100vw, 662px\" \/><figcaption>Richard Mique (1728-1794) [agence de] et Claude Louis Ch\u00e2telet (1753-1794)\nAlbum des plans et vues du Petit Trianon, 1781\n\u00a9 RMN-GP (Ch\u00e2teau de Versailles) \u00a9 Franck Raux<\/figcaption><\/figure>\n\n\n\n<figure class=\"wp-block-image size-large\"><img data-recalc-dims=\"1\" loading=\"lazy\" decoding=\"async\" width=\"665\" height=\"332\" data-attachment-id=\"13731\" data-permalink=\"https:\/\/www.proantic.com\/magazine\/dessins-pour-versailles-vingt-ans-dacquisitions\/cio\/\" data-orig-file=\"https:\/\/i0.wp.com\/www.proantic.com\/magazine\/wp-content\/uploads\/2021\/07\/Cio.jpg?fit=715%2C357&amp;ssl=1\" data-orig-size=\"715,357\" data-comments-opened=\"1\" data-image-meta=\"{&quot;aperture&quot;:&quot;0&quot;,&quot;credit&quot;:&quot;celine&quot;,&quot;camera&quot;:&quot;&quot;,&quot;caption&quot;:&quot;&quot;,&quot;created_timestamp&quot;:&quot;1626084641&quot;,&quot;copyright&quot;:&quot;&quot;,&quot;focal_length&quot;:&quot;0&quot;,&quot;iso&quot;:&quot;0&quot;,&quot;shutter_speed&quot;:&quot;0&quot;,&quot;title&quot;:&quot;&quot;,&quot;orientation&quot;:&quot;0&quot;}\" data-image-title=\"Dessins pour Versailles, vingt ans d&amp;rsquo;acquisitions\" data-image-description=\"\" data-image-caption=\"&lt;p&gt;Jacques Gondoin (1737-1818), Projet de d\u00e9cor des appartements de l\u2019Empereur et de l\u2019Imp\u00e9ratrice au ch\u00e2teau de Versailles, vers 1807 \u00a9 RMN-GP (Ch\u00e2teau de Versailles) \u00a9 Franck Raux&lt;\/p&gt;\n\" data-medium-file=\"https:\/\/i0.wp.com\/www.proantic.com\/magazine\/wp-content\/uploads\/2021\/07\/Cio.jpg?fit=300%2C150&amp;ssl=1\" data-large-file=\"https:\/\/i0.wp.com\/www.proantic.com\/magazine\/wp-content\/uploads\/2021\/07\/Cio.jpg?fit=665%2C332&amp;ssl=1\" src=\"https:\/\/i0.wp.com\/www.proantic.com\/magazine\/wp-content\/uploads\/2021\/07\/Cio.jpg?resize=665%2C332&#038;ssl=1\" alt=\"\" class=\"wp-image-13731\" srcset=\"https:\/\/i0.wp.com\/www.proantic.com\/magazine\/wp-content\/uploads\/2021\/07\/Cio.jpg?w=715&amp;ssl=1 715w, https:\/\/i0.wp.com\/www.proantic.com\/magazine\/wp-content\/uploads\/2021\/07\/Cio.jpg?resize=300%2C150&amp;ssl=1 300w, https:\/\/i0.wp.com\/www.proantic.com\/magazine\/wp-content\/uploads\/2021\/07\/Cio.jpg?resize=180%2C90&amp;ssl=1 180w\" sizes=\"auto, (max-width: 665px) 100vw, 665px\" \/><figcaption>Jacques Gondoin (1737-1818), Projet de d\u00e9cor des appartements de l\u2019Empereur et de l\u2019Imp\u00e9ratrice au ch\u00e2teau de Versailles, vers 1807 \u00a9 RMN-GP (Ch\u00e2teau de Versailles) \u00a9 Franck Raux<\/figcaption><\/figure>\n\n\n\n<p class=\"has-text-color has-vivid-red-color\">En savoir plus:<\/p>\n\n\n\n<p><a href=\"https:\/\/www.chateauversailles.fr\/\">Ch\u00e2teau de Versailles<\/a><\/p>\n","protected":false},"excerpt":{"rendered":"<p>Cette exposition s&rsquo;int\u00e9resse aux acquisitions qui compl\u00e8tent, depuis vingt ans, la collection du cabinet des Arts graphiques du ch\u00e2teau de Versailles. \u00ab\u00a0Dessins pour Versailles, vingt ans d&rsquo;acquisitions\u00a0\u00bb, expos\u00e9 dans les appartements de Madame de Maintenon, mettra en lumi\u00e8re une centaine d&rsquo;oeuvres : pastels, gouaches, aquarelles &#8230; souvent conserv\u00e9es en r\u00e9serves en raison de leur grande [&hellip;]<\/p>\n","protected":false},"author":6,"featured_media":13732,"comment_status":"closed","ping_status":"open","sticky":false,"template":"","format":"standard","meta":{"jetpack_post_was_ever_published":false,"_jetpack_newsletter_access":"","_jetpack_dont_email_post_to_subs":false,"_jetpack_newsletter_tier_id":0,"_jetpack_memberships_contains_paywalled_content":false,"_jetpack_memberships_contains_paid_content":false,"footnotes":"","jetpack_publicize_message":"","jetpack_publicize_feature_enabled":true,"jetpack_social_post_already_shared":true,"jetpack_social_options":{"image_generator_settings":{"template":"highway","default_image_id":0,"font":"","enabled":false},"version":2}},"categories":[12],"tags":[],"class_list":["post-13705","post","type-post","status-publish","format-standard","has-post-thumbnail","hentry","category-expositions"],"yoast_head":"<!-- This site is optimized with the Yoast SEO plugin v26.9 - https:\/\/yoast.com\/product\/yoast-seo-wordpress\/ -->\n<title>Dessins pour Versailles, vingt ans d&#039;acquisitions Le Magazine de Proantic<\/title>\n<meta name=\"description\" content=\"Cette exposition s&#039;int\u00e9resse aux acquisitions qui compl\u00e8tent, depuis vingt ans, la collection du cabinet des Arts graphiques du ch\u00e2teau de Versailles.\" \/>\n<meta name=\"robots\" content=\"index, follow, max-snippet:-1, max-image-preview:large, max-video-preview:-1\" \/>\n<link rel=\"canonical\" href=\"https:\/\/www.proantic.com\/magazine\/dessins-pour-versailles-vingt-ans-dacquisitions\/\" \/>\n<meta property=\"og:locale\" content=\"fr_FR\" \/>\n<meta property=\"og:type\" content=\"article\" \/>\n<meta property=\"og:title\" content=\"Dessins pour Versailles, vingt ans d&#039;acquisitions Le Magazine de Proantic\" \/>\n<meta property=\"og:description\" content=\"Cette exposition s&#039;int\u00e9resse aux acquisitions qui compl\u00e8tent, depuis vingt ans, la collection du cabinet des Arts graphiques du ch\u00e2teau de Versailles.\" \/>\n<meta property=\"og:url\" content=\"https:\/\/www.proantic.com\/magazine\/dessins-pour-versailles-vingt-ans-dacquisitions\/\" \/>\n<meta property=\"og:site_name\" content=\"Le Magazine de Proantic\" \/>\n<meta property=\"article:publisher\" content=\"https:\/\/www.facebook.com\/pages\/Proantic\/\/259180871793\" \/>\n<meta property=\"article:published_time\" content=\"2021-07-12T08:14:35+00:00\" \/>\n<meta property=\"article:modified_time\" content=\"2021-07-12T08:16:12+00:00\" \/>\n<meta property=\"og:image\" content=\"https:\/\/i0.wp.com\/www.proantic.com\/magazine\/wp-content\/uploads\/2021\/07\/jki.jpg?fit=696%2C532&ssl=1\" \/>\n\t<meta property=\"og:image:width\" content=\"696\" \/>\n\t<meta property=\"og:image:height\" content=\"532\" \/>\n\t<meta property=\"og:image:type\" content=\"image\/jpeg\" \/>\n<meta name=\"author\" content=\"C\u00e9line Autant\" \/>\n<meta name=\"twitter:label1\" content=\"\u00c9crit par\" \/>\n\t<meta name=\"twitter:data1\" content=\"C\u00e9line Autant\" \/>\n\t<meta name=\"twitter:label2\" content=\"Dur\u00e9e de lecture estim\u00e9e\" \/>\n\t<meta name=\"twitter:data2\" content=\"4 minutes\" \/>\n<script type=\"application\/ld+json\" class=\"yoast-schema-graph\">{\"@context\":\"https:\/\/schema.org\",\"@graph\":[{\"@type\":\"Article\",\"@id\":\"https:\/\/www.proantic.com\/magazine\/dessins-pour-versailles-vingt-ans-dacquisitions\/#article\",\"isPartOf\":{\"@id\":\"https:\/\/www.proantic.com\/magazine\/dessins-pour-versailles-vingt-ans-dacquisitions\/\"},\"author\":{\"name\":\"C\u00e9line Autant\",\"@id\":\"https:\/\/www.proantic.com\/magazine\/#\/schema\/person\/63707e8f4e7d0172de7ddde897688be0\"},\"headline\":\"Dessins pour Versailles, vingt ans d&rsquo;acquisitions\",\"datePublished\":\"2021-07-12T08:14:35+00:00\",\"dateModified\":\"2021-07-12T08:16:12+00:00\",\"mainEntityOfPage\":{\"@id\":\"https:\/\/www.proantic.com\/magazine\/dessins-pour-versailles-vingt-ans-dacquisitions\/\"},\"wordCount\":736,\"image\":{\"@id\":\"https:\/\/www.proantic.com\/magazine\/dessins-pour-versailles-vingt-ans-dacquisitions\/#primaryimage\"},\"thumbnailUrl\":\"https:\/\/i0.wp.com\/www.proantic.com\/magazine\/wp-content\/uploads\/2021\/07\/jki.jpg?fit=696%2C532&ssl=1\",\"articleSection\":[\"Expositions\"],\"inLanguage\":\"fr-FR\"},{\"@type\":\"WebPage\",\"@id\":\"https:\/\/www.proantic.com\/magazine\/dessins-pour-versailles-vingt-ans-dacquisitions\/\",\"url\":\"https:\/\/www.proantic.com\/magazine\/dessins-pour-versailles-vingt-ans-dacquisitions\/\",\"name\":\"Dessins pour Versailles, vingt ans d'acquisitions Le Magazine de Proantic\",\"isPartOf\":{\"@id\":\"https:\/\/www.proantic.com\/magazine\/#website\"},\"primaryImageOfPage\":{\"@id\":\"https:\/\/www.proantic.com\/magazine\/dessins-pour-versailles-vingt-ans-dacquisitions\/#primaryimage\"},\"image\":{\"@id\":\"https:\/\/www.proantic.com\/magazine\/dessins-pour-versailles-vingt-ans-dacquisitions\/#primaryimage\"},\"thumbnailUrl\":\"https:\/\/i0.wp.com\/www.proantic.com\/magazine\/wp-content\/uploads\/2021\/07\/jki.jpg?fit=696%2C532&ssl=1\",\"datePublished\":\"2021-07-12T08:14:35+00:00\",\"dateModified\":\"2021-07-12T08:16:12+00:00\",\"author\":{\"@id\":\"https:\/\/www.proantic.com\/magazine\/#\/schema\/person\/63707e8f4e7d0172de7ddde897688be0\"},\"description\":\"Cette exposition s'int\u00e9resse aux acquisitions qui compl\u00e8tent, depuis vingt ans, la collection du cabinet des Arts graphiques du ch\u00e2teau de Versailles.\",\"breadcrumb\":{\"@id\":\"https:\/\/www.proantic.com\/magazine\/dessins-pour-versailles-vingt-ans-dacquisitions\/#breadcrumb\"},\"inLanguage\":\"fr-FR\",\"potentialAction\":[{\"@type\":\"ReadAction\",\"target\":[\"https:\/\/www.proantic.com\/magazine\/dessins-pour-versailles-vingt-ans-dacquisitions\/\"]}]},{\"@type\":\"ImageObject\",\"inLanguage\":\"fr-FR\",\"@id\":\"https:\/\/www.proantic.com\/magazine\/dessins-pour-versailles-vingt-ans-dacquisitions\/#primaryimage\",\"url\":\"https:\/\/i0.wp.com\/www.proantic.com\/magazine\/wp-content\/uploads\/2021\/07\/jki.jpg?fit=696%2C532&ssl=1\",\"contentUrl\":\"https:\/\/i0.wp.com\/www.proantic.com\/magazine\/wp-content\/uploads\/2021\/07\/jki.jpg?fit=696%2C532&ssl=1\",\"width\":696,\"height\":532},{\"@type\":\"BreadcrumbList\",\"@id\":\"https:\/\/www.proantic.com\/magazine\/dessins-pour-versailles-vingt-ans-dacquisitions\/#breadcrumb\",\"itemListElement\":[{\"@type\":\"ListItem\",\"position\":1,\"name\":\"Accueil\",\"item\":\"https:\/\/www.proantic.com\/magazine\/\"},{\"@type\":\"ListItem\",\"position\":2,\"name\":\"Dessins pour Versailles, vingt ans d&rsquo;acquisitions\"}]},{\"@type\":\"WebSite\",\"@id\":\"https:\/\/www.proantic.com\/magazine\/#website\",\"url\":\"https:\/\/www.proantic.com\/magazine\/\",\"name\":\"Le Magazine de Proantic\",\"description\":\"Magazine d&#039;art et expositions\",\"potentialAction\":[{\"@type\":\"SearchAction\",\"target\":{\"@type\":\"EntryPoint\",\"urlTemplate\":\"https:\/\/www.proantic.com\/magazine\/?s={search_term_string}\"},\"query-input\":{\"@type\":\"PropertyValueSpecification\",\"valueRequired\":true,\"valueName\":\"search_term_string\"}}],\"inLanguage\":\"fr-FR\"},{\"@type\":\"Person\",\"@id\":\"https:\/\/www.proantic.com\/magazine\/#\/schema\/person\/63707e8f4e7d0172de7ddde897688be0\",\"name\":\"C\u00e9line Autant\"}]}<\/script>\n<!-- \/ Yoast SEO plugin. -->","yoast_head_json":{"title":"Dessins pour Versailles, vingt ans d'acquisitions Le Magazine de Proantic","description":"Cette exposition s'int\u00e9resse aux acquisitions qui compl\u00e8tent, depuis vingt ans, la collection du cabinet des Arts graphiques du ch\u00e2teau de Versailles.","robots":{"index":"index","follow":"follow","max-snippet":"max-snippet:-1","max-image-preview":"max-image-preview:large","max-video-preview":"max-video-preview:-1"},"canonical":"https:\/\/www.proantic.com\/magazine\/dessins-pour-versailles-vingt-ans-dacquisitions\/","og_locale":"fr_FR","og_type":"article","og_title":"Dessins pour Versailles, vingt ans d'acquisitions Le Magazine de Proantic","og_description":"Cette exposition s'int\u00e9resse aux acquisitions qui compl\u00e8tent, depuis vingt ans, la collection du cabinet des Arts graphiques du ch\u00e2teau de Versailles.","og_url":"https:\/\/www.proantic.com\/magazine\/dessins-pour-versailles-vingt-ans-dacquisitions\/","og_site_name":"Le Magazine de Proantic","article_publisher":"https:\/\/www.facebook.com\/pages\/Proantic\/\/259180871793","article_published_time":"2021-07-12T08:14:35+00:00","article_modified_time":"2021-07-12T08:16:12+00:00","og_image":[{"width":696,"height":532,"url":"https:\/\/i0.wp.com\/www.proantic.com\/magazine\/wp-content\/uploads\/2021\/07\/jki.jpg?fit=696%2C532&ssl=1","type":"image\/jpeg"}],"author":"C\u00e9line Autant","twitter_misc":{"\u00c9crit par":"C\u00e9line Autant","Dur\u00e9e de lecture estim\u00e9e":"4 minutes"},"schema":{"@context":"https:\/\/schema.org","@graph":[{"@type":"Article","@id":"https:\/\/www.proantic.com\/magazine\/dessins-pour-versailles-vingt-ans-dacquisitions\/#article","isPartOf":{"@id":"https:\/\/www.proantic.com\/magazine\/dessins-pour-versailles-vingt-ans-dacquisitions\/"},"author":{"name":"C\u00e9line Autant","@id":"https:\/\/www.proantic.com\/magazine\/#\/schema\/person\/63707e8f4e7d0172de7ddde897688be0"},"headline":"Dessins pour Versailles, vingt ans d&rsquo;acquisitions","datePublished":"2021-07-12T08:14:35+00:00","dateModified":"2021-07-12T08:16:12+00:00","mainEntityOfPage":{"@id":"https:\/\/www.proantic.com\/magazine\/dessins-pour-versailles-vingt-ans-dacquisitions\/"},"wordCount":736,"image":{"@id":"https:\/\/www.proantic.com\/magazine\/dessins-pour-versailles-vingt-ans-dacquisitions\/#primaryimage"},"thumbnailUrl":"https:\/\/i0.wp.com\/www.proantic.com\/magazine\/wp-content\/uploads\/2021\/07\/jki.jpg?fit=696%2C532&ssl=1","articleSection":["Expositions"],"inLanguage":"fr-FR"},{"@type":"WebPage","@id":"https:\/\/www.proantic.com\/magazine\/dessins-pour-versailles-vingt-ans-dacquisitions\/","url":"https:\/\/www.proantic.com\/magazine\/dessins-pour-versailles-vingt-ans-dacquisitions\/","name":"Dessins pour Versailles, vingt ans d'acquisitions Le Magazine de Proantic","isPartOf":{"@id":"https:\/\/www.proantic.com\/magazine\/#website"},"primaryImageOfPage":{"@id":"https:\/\/www.proantic.com\/magazine\/dessins-pour-versailles-vingt-ans-dacquisitions\/#primaryimage"},"image":{"@id":"https:\/\/www.proantic.com\/magazine\/dessins-pour-versailles-vingt-ans-dacquisitions\/#primaryimage"},"thumbnailUrl":"https:\/\/i0.wp.com\/www.proantic.com\/magazine\/wp-content\/uploads\/2021\/07\/jki.jpg?fit=696%2C532&ssl=1","datePublished":"2021-07-12T08:14:35+00:00","dateModified":"2021-07-12T08:16:12+00:00","author":{"@id":"https:\/\/www.proantic.com\/magazine\/#\/schema\/person\/63707e8f4e7d0172de7ddde897688be0"},"description":"Cette exposition s'int\u00e9resse aux acquisitions qui compl\u00e8tent, depuis vingt ans, la collection du cabinet des Arts graphiques du ch\u00e2teau de Versailles.","breadcrumb":{"@id":"https:\/\/www.proantic.com\/magazine\/dessins-pour-versailles-vingt-ans-dacquisitions\/#breadcrumb"},"inLanguage":"fr-FR","potentialAction":[{"@type":"ReadAction","target":["https:\/\/www.proantic.com\/magazine\/dessins-pour-versailles-vingt-ans-dacquisitions\/"]}]},{"@type":"ImageObject","inLanguage":"fr-FR","@id":"https:\/\/www.proantic.com\/magazine\/dessins-pour-versailles-vingt-ans-dacquisitions\/#primaryimage","url":"https:\/\/i0.wp.com\/www.proantic.com\/magazine\/wp-content\/uploads\/2021\/07\/jki.jpg?fit=696%2C532&ssl=1","contentUrl":"https:\/\/i0.wp.com\/www.proantic.com\/magazine\/wp-content\/uploads\/2021\/07\/jki.jpg?fit=696%2C532&ssl=1","width":696,"height":532},{"@type":"BreadcrumbList","@id":"https:\/\/www.proantic.com\/magazine\/dessins-pour-versailles-vingt-ans-dacquisitions\/#breadcrumb","itemListElement":[{"@type":"ListItem","position":1,"name":"Accueil","item":"https:\/\/www.proantic.com\/magazine\/"},{"@type":"ListItem","position":2,"name":"Dessins pour Versailles, vingt ans d&rsquo;acquisitions"}]},{"@type":"WebSite","@id":"https:\/\/www.proantic.com\/magazine\/#website","url":"https:\/\/www.proantic.com\/magazine\/","name":"Le Magazine de Proantic","description":"Magazine d&#039;art et expositions","potentialAction":[{"@type":"SearchAction","target":{"@type":"EntryPoint","urlTemplate":"https:\/\/www.proantic.com\/magazine\/?s={search_term_string}"},"query-input":{"@type":"PropertyValueSpecification","valueRequired":true,"valueName":"search_term_string"}}],"inLanguage":"fr-FR"},{"@type":"Person","@id":"https:\/\/www.proantic.com\/magazine\/#\/schema\/person\/63707e8f4e7d0172de7ddde897688be0","name":"C\u00e9line Autant"}]}},"jetpack_publicize_connections":[],"jetpack_featured_media_url":"https:\/\/i0.wp.com\/www.proantic.com\/magazine\/wp-content\/uploads\/2021\/07\/jki.jpg?fit=696%2C532&ssl=1","jetpack_shortlink":"https:\/\/wp.me\/p7EkP3-3z3","jetpack_sharing_enabled":true,"_links":{"self":[{"href":"https:\/\/www.proantic.com\/magazine\/wp-json\/wp\/v2\/posts\/13705","targetHints":{"allow":["GET"]}}],"collection":[{"href":"https:\/\/www.proantic.com\/magazine\/wp-json\/wp\/v2\/posts"}],"about":[{"href":"https:\/\/www.proantic.com\/magazine\/wp-json\/wp\/v2\/types\/post"}],"author":[{"embeddable":true,"href":"https:\/\/www.proantic.com\/magazine\/wp-json\/wp\/v2\/users\/6"}],"replies":[{"embeddable":true,"href":"https:\/\/www.proantic.com\/magazine\/wp-json\/wp\/v2\/comments?post=13705"}],"version-history":[{"count":4,"href":"https:\/\/www.proantic.com\/magazine\/wp-json\/wp\/v2\/posts\/13705\/revisions"}],"predecessor-version":[{"id":13733,"href":"https:\/\/www.proantic.com\/magazine\/wp-json\/wp\/v2\/posts\/13705\/revisions\/13733"}],"wp:featuredmedia":[{"embeddable":true,"href":"https:\/\/www.proantic.com\/magazine\/wp-json\/wp\/v2\/media\/13732"}],"wp:attachment":[{"href":"https:\/\/www.proantic.com\/magazine\/wp-json\/wp\/v2\/media?parent=13705"}],"wp:term":[{"taxonomy":"category","embeddable":true,"href":"https:\/\/www.proantic.com\/magazine\/wp-json\/wp\/v2\/categories?post=13705"},{"taxonomy":"post_tag","embeddable":true,"href":"https:\/\/www.proantic.com\/magazine\/wp-json\/wp\/v2\/tags?post=13705"}],"curies":[{"name":"wp","href":"https:\/\/api.w.org\/{rel}","templated":true}]}}