{"id":13400,"date":"2021-03-03T15:00:06","date_gmt":"2021-03-03T14:00:06","guid":{"rendered":"https:\/\/www.proantic.com\/magazine\/?p=13400"},"modified":"2024-04-22T10:23:15","modified_gmt":"2024-04-22T09:23:15","slug":"commode-estampillee-leonard-boudin-xviiie-siecle","status":"publish","type":"post","link":"https:\/\/www.proantic.com\/magazine\/commode-estampillee-leonard-boudin-xviiie-siecle\/","title":{"rendered":"Commode estampill\u00e9e L\u00e9onard BOUDIN , XVIIIe Si\u00e8cle"},"content":{"rendered":"\n<p><strong><br>Eb\u00e9niste \u00e0 Paris , re\u00e7u Ma\u00eetre Le 4 Mars 1761. Il tenait un Magasin d&rsquo;\u00e9b\u00e9nisterie et faisait des envois en Province et \u00e0 l&rsquo;\u00e9tranger &#8230;<\/strong><\/p>\n\n\n\n<p>Simple ouvrier, L\u00e9onard Boudin gagnait pauvrement sa vie lorsque l&rsquo;\u00e9b\u00e9niste MIGEON lui demanda, pour l&rsquo;un de ses clients, d&rsquo;ex\u00e9cuter des meubles en marqueterie fleurie et en vernis de go\u00fbt chinois.<br>Ayant ainsi amass\u00e9 un peu d&rsquo;argent, il passe et obtient sa ma\u00eetrise en 1761 et installe son atelier rue Traversi\u00e9re.<\/p>\n\n\n\n<figure class=\"wp-block-image size-large\"><img data-recalc-dims=\"1\" loading=\"lazy\" decoding=\"async\" width=\"600\" height=\"800\" data-attachment-id=\"13406\" data-permalink=\"https:\/\/www.proantic.com\/magazine\/commode-estampillee-leonard-boudin-xviiie-siecle\/733583-603809cc7aa5e\/\" data-orig-file=\"https:\/\/i0.wp.com\/www.proantic.com\/magazine\/wp-content\/uploads\/2021\/03\/733583-603809cc7aa5e.jpg?fit=600%2C800&amp;ssl=1\" data-orig-size=\"600,800\" data-comments-opened=\"1\" data-image-meta=\"{&quot;aperture&quot;:&quot;0&quot;,&quot;credit&quot;:&quot;&quot;,&quot;camera&quot;:&quot;&quot;,&quot;caption&quot;:&quot;&quot;,&quot;created_timestamp&quot;:&quot;0&quot;,&quot;copyright&quot;:&quot;&quot;,&quot;focal_length&quot;:&quot;0&quot;,&quot;iso&quot;:&quot;0&quot;,&quot;shutter_speed&quot;:&quot;0&quot;,&quot;title&quot;:&quot;&quot;,&quot;orientation&quot;:&quot;0&quot;}\" data-image-title=\"Commode Tombeau De Chateau .. Estampill\u00e9e L\u00e9onard BOUDIN , Epoque XVIIIe Si\u00e8cle .\" data-image-description=\"\" data-image-caption=\"&lt;p&gt;Commode Tombeau De Chateau .. Estampill\u00e9e L\u00e9onard BOUDIN , Epoque XVIIIe Si\u00e8cle .&lt;br \/&gt;\n(c) Galerie Leroy, Proantic&lt;\/p&gt;\n\" data-medium-file=\"https:\/\/i0.wp.com\/www.proantic.com\/magazine\/wp-content\/uploads\/2021\/03\/733583-603809cc7aa5e.jpg?fit=225%2C300&amp;ssl=1\" data-large-file=\"https:\/\/i0.wp.com\/www.proantic.com\/magazine\/wp-content\/uploads\/2021\/03\/733583-603809cc7aa5e.jpg?fit=600%2C800&amp;ssl=1\" src=\"https:\/\/i0.wp.com\/www.proantic.com\/magazine\/wp-content\/uploads\/2021\/03\/733583-603809cc7aa5e.jpg?resize=600%2C800&#038;ssl=1\" alt=\"\" class=\"wp-image-13406\" srcset=\"https:\/\/i0.wp.com\/www.proantic.com\/magazine\/wp-content\/uploads\/2021\/03\/733583-603809cc7aa5e.jpg?w=600&amp;ssl=1 600w, https:\/\/i0.wp.com\/www.proantic.com\/magazine\/wp-content\/uploads\/2021\/03\/733583-603809cc7aa5e.jpg?resize=225%2C300&amp;ssl=1 225w, https:\/\/i0.wp.com\/www.proantic.com\/magazine\/wp-content\/uploads\/2021\/03\/733583-603809cc7aa5e.jpg?resize=135%2C180&amp;ssl=1 135w\" sizes=\"auto, (max-width: 600px) 100vw, 600px\" \/><figcaption>Commode Tombeau de Ch\u00e2teau  \u00e9stampill\u00e9e L\u00e9onard BOUDIN , Epoque XVIIIe Si\u00e8cle .            (c) Galerie Leroy, <a href=\"https:\/\/www.proantic.com\/galerie\/leroynadia\/\">https:\/\/www.proantic.com\/galerie\/leroynadia\/<\/a>, Proantic<\/figcaption><\/figure>\n\n\n\n<p>D\u00e8s 1770, il re\u00e7oit des commandes de nombreux marchands de renom, comme Louis Moreau et Gerard Peridiez et acquiert vite une grande r\u00e9putation.<\/p>\n\n\n\n<figure class=\"wp-block-image size-large\"><a href=\"https:\/\/www.proantic.com\/galerie\/leroynadia\/\"><img data-recalc-dims=\"1\" loading=\"lazy\" decoding=\"async\" width=\"665\" height=\"887\" data-attachment-id=\"13407\" data-permalink=\"https:\/\/www.proantic.com\/magazine\/commode-estampillee-leonard-boudin-xviiie-siecle\/733583-60380a02e453e\/\" data-orig-file=\"https:\/\/i0.wp.com\/www.proantic.com\/magazine\/wp-content\/uploads\/2021\/03\/733583-60380a02e453e.jpg?fit=900%2C1200&amp;ssl=1\" data-orig-size=\"900,1200\" data-comments-opened=\"1\" data-image-meta=\"{&quot;aperture&quot;:&quot;0&quot;,&quot;credit&quot;:&quot;&quot;,&quot;camera&quot;:&quot;&quot;,&quot;caption&quot;:&quot;&quot;,&quot;created_timestamp&quot;:&quot;0&quot;,&quot;copyright&quot;:&quot;&quot;,&quot;focal_length&quot;:&quot;0&quot;,&quot;iso&quot;:&quot;0&quot;,&quot;shutter_speed&quot;:&quot;0&quot;,&quot;title&quot;:&quot;&quot;,&quot;orientation&quot;:&quot;0&quot;}\" data-image-title=\"Commode estampill\u00e9e L\u00e9onard BOUDIN , XVIIIe Si\u00e8cle (c) Galerie Leroy\" data-image-description=\"\" data-image-caption=\"&lt;p&gt;Commode estampill\u00e9e L\u00e9onard BOUDIN , XVIIIe Si\u00e8cle (c) Galerie Leroy&lt;\/p&gt;\n\" data-medium-file=\"https:\/\/i0.wp.com\/www.proantic.com\/magazine\/wp-content\/uploads\/2021\/03\/733583-60380a02e453e.jpg?fit=225%2C300&amp;ssl=1\" data-large-file=\"https:\/\/i0.wp.com\/www.proantic.com\/magazine\/wp-content\/uploads\/2021\/03\/733583-60380a02e453e.jpg?fit=665%2C887&amp;ssl=1\" src=\"https:\/\/i0.wp.com\/www.proantic.com\/magazine\/wp-content\/uploads\/2021\/03\/733583-60380a02e453e.jpg?resize=665%2C887&#038;ssl=1\" alt=\"\" class=\"wp-image-13407\" srcset=\"https:\/\/i0.wp.com\/www.proantic.com\/magazine\/wp-content\/uploads\/2021\/03\/733583-60380a02e453e.jpg?resize=768%2C1024&amp;ssl=1 768w, https:\/\/i0.wp.com\/www.proantic.com\/magazine\/wp-content\/uploads\/2021\/03\/733583-60380a02e453e.jpg?resize=225%2C300&amp;ssl=1 225w, https:\/\/i0.wp.com\/www.proantic.com\/magazine\/wp-content\/uploads\/2021\/03\/733583-60380a02e453e.jpg?resize=135%2C180&amp;ssl=1 135w, https:\/\/i0.wp.com\/www.proantic.com\/magazine\/wp-content\/uploads\/2021\/03\/733583-60380a02e453e.jpg?w=900&amp;ssl=1 900w\" sizes=\"auto, (max-width: 665px) 100vw, 665px\" \/><\/a><figcaption>Commode estampill\u00e9e L\u00e9onard BOUDIN , XVIIIe Si\u00e8cle (c) <a href=\"https:\/\/www.proantic.com\/galerie\/leroynadia\/\">Galerie Leroy<\/a>, Proantic<\/figcaption><\/figure>\n\n\n\n<p>Il se fait surtout conna\u00eetre par ses marqueteries tr\u00e8s vari\u00e9es, travaill\u00e9es tout en finesse et avec perfection. <br>En 1772, en gardant toutefois son atelier, il ouvre un magasin de ventes rue Fromenteau qu&rsquo;il transf\u00e8re en 1777, dans le clo\u00eetre Saint-germain-l&rsquo;Auxerrois.<\/p>\n\n\n\n<figure class=\"wp-block-image size-large\"><img data-recalc-dims=\"1\" loading=\"lazy\" decoding=\"async\" width=\"665\" height=\"887\" data-attachment-id=\"13408\" data-permalink=\"https:\/\/www.proantic.com\/magazine\/commode-estampillee-leonard-boudin-xviiie-siecle\/733583-alb-60380abb14bd4\/\" data-orig-file=\"https:\/\/i0.wp.com\/www.proantic.com\/magazine\/wp-content\/uploads\/2021\/03\/733583-alb-60380abb14bd4.jpg?fit=900%2C1200&amp;ssl=1\" data-orig-size=\"900,1200\" data-comments-opened=\"1\" data-image-meta=\"{&quot;aperture&quot;:&quot;0&quot;,&quot;credit&quot;:&quot;&quot;,&quot;camera&quot;:&quot;&quot;,&quot;caption&quot;:&quot;&quot;,&quot;created_timestamp&quot;:&quot;0&quot;,&quot;copyright&quot;:&quot;&quot;,&quot;focal_length&quot;:&quot;0&quot;,&quot;iso&quot;:&quot;0&quot;,&quot;shutter_speed&quot;:&quot;0&quot;,&quot;title&quot;:&quot;&quot;,&quot;orientation&quot;:&quot;0&quot;}\" data-image-title=\"733583-alb-60380abb14bd4\" data-image-description=\"\" data-image-caption=\"\" data-medium-file=\"https:\/\/i0.wp.com\/www.proantic.com\/magazine\/wp-content\/uploads\/2021\/03\/733583-alb-60380abb14bd4.jpg?fit=225%2C300&amp;ssl=1\" data-large-file=\"https:\/\/i0.wp.com\/www.proantic.com\/magazine\/wp-content\/uploads\/2021\/03\/733583-alb-60380abb14bd4.jpg?fit=665%2C887&amp;ssl=1\" src=\"https:\/\/i0.wp.com\/www.proantic.com\/magazine\/wp-content\/uploads\/2021\/03\/733583-alb-60380abb14bd4.jpg?resize=665%2C887&#038;ssl=1\" alt=\"\" class=\"wp-image-13408\" srcset=\"https:\/\/i0.wp.com\/www.proantic.com\/magazine\/wp-content\/uploads\/2021\/03\/733583-alb-60380abb14bd4.jpg?resize=768%2C1024&amp;ssl=1 768w, https:\/\/i0.wp.com\/www.proantic.com\/magazine\/wp-content\/uploads\/2021\/03\/733583-alb-60380abb14bd4.jpg?resize=225%2C300&amp;ssl=1 225w, https:\/\/i0.wp.com\/www.proantic.com\/magazine\/wp-content\/uploads\/2021\/03\/733583-alb-60380abb14bd4.jpg?resize=135%2C180&amp;ssl=1 135w, https:\/\/i0.wp.com\/www.proantic.com\/magazine\/wp-content\/uploads\/2021\/03\/733583-alb-60380abb14bd4.jpg?w=900&amp;ssl=1 900w\" sizes=\"auto, (max-width: 665px) 100vw, 665px\" \/><\/figure>\n\n\n\n<p>Devant l&rsquo;afflux des commandes, il se fait aider \u00e0 son tour par d&rsquo;autres \u00e9b\u00e9nistes et devient l&rsquo;un des principaux n\u00e9gociants de Paris.<br>Peu \u00e0 peu, Boudin d\u00e9laisse ses propres fabrications pour ne proposer \u00e0 ses clients que les oeuvres de ses confr\u00e8res, d&rsquo;o\u00f9 la double estampille trouv\u00e9e sur de nombreux ouvrages.<\/p>\n\n\n\n<figure class=\"wp-block-image size-large\"><img data-recalc-dims=\"1\" loading=\"lazy\" decoding=\"async\" width=\"665\" height=\"499\" data-attachment-id=\"13409\" data-permalink=\"https:\/\/www.proantic.com\/magazine\/commode-estampillee-leonard-boudin-xviiie-siecle\/733583-alb-60380bbc9ff90\/\" data-orig-file=\"https:\/\/i0.wp.com\/www.proantic.com\/magazine\/wp-content\/uploads\/2021\/03\/733583-alb-60380bbc9ff90.jpg?fit=800%2C600&amp;ssl=1\" data-orig-size=\"800,600\" data-comments-opened=\"1\" data-image-meta=\"{&quot;aperture&quot;:&quot;0&quot;,&quot;credit&quot;:&quot;&quot;,&quot;camera&quot;:&quot;&quot;,&quot;caption&quot;:&quot;&quot;,&quot;created_timestamp&quot;:&quot;0&quot;,&quot;copyright&quot;:&quot;&quot;,&quot;focal_length&quot;:&quot;0&quot;,&quot;iso&quot;:&quot;0&quot;,&quot;shutter_speed&quot;:&quot;0&quot;,&quot;title&quot;:&quot;&quot;,&quot;orientation&quot;:&quot;0&quot;}\" data-image-title=\"Commode estampill\u00e9e L\u00e9onard BOUDIN , XVIIIe Si\u00e8cle (c) Galerie Leroy\" data-image-description=\"\" data-image-caption=\"\" data-medium-file=\"https:\/\/i0.wp.com\/www.proantic.com\/magazine\/wp-content\/uploads\/2021\/03\/733583-alb-60380bbc9ff90.jpg?fit=300%2C225&amp;ssl=1\" data-large-file=\"https:\/\/i0.wp.com\/www.proantic.com\/magazine\/wp-content\/uploads\/2021\/03\/733583-alb-60380bbc9ff90.jpg?fit=665%2C499&amp;ssl=1\" src=\"https:\/\/i0.wp.com\/www.proantic.com\/magazine\/wp-content\/uploads\/2021\/03\/733583-alb-60380bbc9ff90.jpg?resize=665%2C499&#038;ssl=1\" alt=\"\" class=\"wp-image-13409\" srcset=\"https:\/\/i0.wp.com\/www.proantic.com\/magazine\/wp-content\/uploads\/2021\/03\/733583-alb-60380bbc9ff90.jpg?w=800&amp;ssl=1 800w, https:\/\/i0.wp.com\/www.proantic.com\/magazine\/wp-content\/uploads\/2021\/03\/733583-alb-60380bbc9ff90.jpg?resize=300%2C225&amp;ssl=1 300w, https:\/\/i0.wp.com\/www.proantic.com\/magazine\/wp-content\/uploads\/2021\/03\/733583-alb-60380bbc9ff90.jpg?resize=768%2C576&amp;ssl=1 768w, https:\/\/i0.wp.com\/www.proantic.com\/magazine\/wp-content\/uploads\/2021\/03\/733583-alb-60380bbc9ff90.jpg?resize=180%2C135&amp;ssl=1 180w\" sizes=\"auto, (max-width: 665px) 100vw, 665px\" \/><\/figure>\n\n\n\n<p>Boudin a laiss\u00e9 des meubles de style Louis XV, transition et Louis XVI toujours d&rsquo;excellente fabrication et qui d\u00e9finissent par leurs placages et leurs marqueteries des signes particuliers et caract\u00e9ristiques \u00ab\u00a0\u00e0 la mani\u00e8re Boudin\u00a0\u00bb.<br><\/p>\n","protected":false},"excerpt":{"rendered":"<p>Eb\u00e9niste \u00e0 Paris , re\u00e7u Ma\u00eetre Le 4 Mars 1761. Il tenait un Magasin d&rsquo;\u00e9b\u00e9nisterie et faisait des envois en Province et \u00e0 l&rsquo;\u00e9tranger &#8230; Simple ouvrier, L\u00e9onard Boudin gagnait pauvrement sa vie lorsque l&rsquo;\u00e9b\u00e9niste MIGEON lui demanda, pour l&rsquo;un de ses clients, d&rsquo;ex\u00e9cuter des meubles en marqueterie fleurie et en vernis de go\u00fbt chinois.Ayant [&hellip;]<\/p>\n","protected":false},"author":6,"featured_media":13410,"comment_status":"closed","ping_status":"open","sticky":false,"template":"","format":"standard","meta":{"jetpack_post_was_ever_published":false,"_jetpack_newsletter_access":"","_jetpack_dont_email_post_to_subs":false,"_jetpack_newsletter_tier_id":0,"_jetpack_memberships_contains_paywalled_content":false,"_jetpack_memberships_contains_paid_content":false,"footnotes":"","jetpack_publicize_message":"","jetpack_publicize_feature_enabled":true,"jetpack_social_post_already_shared":true,"jetpack_social_options":{"image_generator_settings":{"template":"highway","default_image_id":0,"font":"","enabled":false},"version":2}},"categories":[180],"tags":[],"class_list":["post-13400","post","type-post","status-publish","format-standard","has-post-thumbnail","hentry","category-arts-decoratifs-proantic"],"yoast_head":"<!-- This site is optimized with the Yoast SEO plugin v26.9 - https:\/\/yoast.com\/product\/yoast-seo-wordpress\/ -->\n<title>Commode estampill\u00e9e L\u00e9onard BOUDIN , XVIIIe Si\u00e8cle Le Magazine de Proantic<\/title>\n<meta name=\"description\" content=\"Eb\u00e9niste \u00e0 Paris , re\u00e7u Ma\u00eetre Le 4 Mars 1761. Il tenait un Magasin d&#039;\u00e9b\u00e9nisterie et faisait des envois en Province et \u00e0 l&#039;\u00e9tranger ... Simple ouvrier,\" \/>\n<meta name=\"robots\" content=\"index, follow, max-snippet:-1, max-image-preview:large, max-video-preview:-1\" \/>\n<link rel=\"canonical\" href=\"https:\/\/www.proantic.com\/magazine\/commode-estampillee-leonard-boudin-xviiie-siecle\/\" \/>\n<meta property=\"og:locale\" content=\"fr_FR\" \/>\n<meta property=\"og:type\" content=\"article\" \/>\n<meta property=\"og:title\" content=\"Commode estampill\u00e9e L\u00e9onard BOUDIN , XVIIIe Si\u00e8cle Le Magazine de Proantic\" \/>\n<meta property=\"og:description\" content=\"Eb\u00e9niste \u00e0 Paris , re\u00e7u Ma\u00eetre Le 4 Mars 1761. Il tenait un Magasin d&#039;\u00e9b\u00e9nisterie et faisait des envois en Province et \u00e0 l&#039;\u00e9tranger ... Simple ouvrier,\" \/>\n<meta property=\"og:url\" content=\"https:\/\/www.proantic.com\/magazine\/commode-estampillee-leonard-boudin-xviiie-siecle\/\" \/>\n<meta property=\"og:site_name\" content=\"Le Magazine de Proantic\" \/>\n<meta property=\"article:publisher\" content=\"https:\/\/www.facebook.com\/pages\/Proantic\/\/259180871793\" \/>\n<meta property=\"article:published_time\" content=\"2021-03-03T14:00:06+00:00\" \/>\n<meta property=\"article:modified_time\" content=\"2024-04-22T09:23:15+00:00\" \/>\n<meta property=\"og:image\" content=\"https:\/\/www.proantic.com\/magazine\/wp-content\/uploads\/2021\/03\/733583-main-603809aa9a9e9-1.jpg\" \/>\n\t<meta property=\"og:image:width\" content=\"1200\" \/>\n\t<meta property=\"og:image:height\" content=\"900\" \/>\n\t<meta property=\"og:image:type\" content=\"image\/jpeg\" \/>\n<meta name=\"author\" content=\"C\u00e9line Autant\" \/>\n<meta name=\"twitter:label1\" content=\"\u00c9crit par\" \/>\n\t<meta name=\"twitter:data1\" content=\"C\u00e9line Autant\" \/>\n\t<meta name=\"twitter:label2\" content=\"Dur\u00e9e de lecture estim\u00e9e\" \/>\n\t<meta name=\"twitter:data2\" content=\"1 minute\" \/>\n<script type=\"application\/ld+json\" class=\"yoast-schema-graph\">{\"@context\":\"https:\/\/schema.org\",\"@graph\":[{\"@type\":\"Article\",\"@id\":\"https:\/\/www.proantic.com\/magazine\/commode-estampillee-leonard-boudin-xviiie-siecle\/#article\",\"isPartOf\":{\"@id\":\"https:\/\/www.proantic.com\/magazine\/commode-estampillee-leonard-boudin-xviiie-siecle\/\"},\"author\":{\"name\":\"C\u00e9line Autant\",\"@id\":\"https:\/\/www.proantic.com\/magazine\/#\/schema\/person\/63707e8f4e7d0172de7ddde897688be0\"},\"headline\":\"Commode estampill\u00e9e L\u00e9onard BOUDIN , XVIIIe Si\u00e8cle\",\"datePublished\":\"2021-03-03T14:00:06+00:00\",\"dateModified\":\"2024-04-22T09:23:15+00:00\",\"mainEntityOfPage\":{\"@id\":\"https:\/\/www.proantic.com\/magazine\/commode-estampillee-leonard-boudin-xviiie-siecle\/\"},\"wordCount\":295,\"image\":{\"@id\":\"https:\/\/www.proantic.com\/magazine\/commode-estampillee-leonard-boudin-xviiie-siecle\/#primaryimage\"},\"thumbnailUrl\":\"https:\/\/i0.wp.com\/www.proantic.com\/magazine\/wp-content\/uploads\/2021\/03\/733583-main-603809aa9a9e9-1.jpg?fit=1200%2C900&ssl=1\",\"articleSection\":[\"Arts d\u00e9coratifs sur Proantic\"],\"inLanguage\":\"fr-FR\"},{\"@type\":\"WebPage\",\"@id\":\"https:\/\/www.proantic.com\/magazine\/commode-estampillee-leonard-boudin-xviiie-siecle\/\",\"url\":\"https:\/\/www.proantic.com\/magazine\/commode-estampillee-leonard-boudin-xviiie-siecle\/\",\"name\":\"Commode estampill\u00e9e L\u00e9onard BOUDIN , XVIIIe Si\u00e8cle Le Magazine de Proantic\",\"isPartOf\":{\"@id\":\"https:\/\/www.proantic.com\/magazine\/#website\"},\"primaryImageOfPage\":{\"@id\":\"https:\/\/www.proantic.com\/magazine\/commode-estampillee-leonard-boudin-xviiie-siecle\/#primaryimage\"},\"image\":{\"@id\":\"https:\/\/www.proantic.com\/magazine\/commode-estampillee-leonard-boudin-xviiie-siecle\/#primaryimage\"},\"thumbnailUrl\":\"https:\/\/i0.wp.com\/www.proantic.com\/magazine\/wp-content\/uploads\/2021\/03\/733583-main-603809aa9a9e9-1.jpg?fit=1200%2C900&ssl=1\",\"datePublished\":\"2021-03-03T14:00:06+00:00\",\"dateModified\":\"2024-04-22T09:23:15+00:00\",\"author\":{\"@id\":\"https:\/\/www.proantic.com\/magazine\/#\/schema\/person\/63707e8f4e7d0172de7ddde897688be0\"},\"description\":\"Eb\u00e9niste \u00e0 Paris , re\u00e7u Ma\u00eetre Le 4 Mars 1761. Il tenait un Magasin d'\u00e9b\u00e9nisterie et faisait des envois en Province et \u00e0 l'\u00e9tranger ... Simple ouvrier,\",\"breadcrumb\":{\"@id\":\"https:\/\/www.proantic.com\/magazine\/commode-estampillee-leonard-boudin-xviiie-siecle\/#breadcrumb\"},\"inLanguage\":\"fr-FR\",\"potentialAction\":[{\"@type\":\"ReadAction\",\"target\":[\"https:\/\/www.proantic.com\/magazine\/commode-estampillee-leonard-boudin-xviiie-siecle\/\"]}]},{\"@type\":\"ImageObject\",\"inLanguage\":\"fr-FR\",\"@id\":\"https:\/\/www.proantic.com\/magazine\/commode-estampillee-leonard-boudin-xviiie-siecle\/#primaryimage\",\"url\":\"https:\/\/i0.wp.com\/www.proantic.com\/magazine\/wp-content\/uploads\/2021\/03\/733583-main-603809aa9a9e9-1.jpg?fit=1200%2C900&ssl=1\",\"contentUrl\":\"https:\/\/i0.wp.com\/www.proantic.com\/magazine\/wp-content\/uploads\/2021\/03\/733583-main-603809aa9a9e9-1.jpg?fit=1200%2C900&ssl=1\",\"width\":1200,\"height\":900},{\"@type\":\"BreadcrumbList\",\"@id\":\"https:\/\/www.proantic.com\/magazine\/commode-estampillee-leonard-boudin-xviiie-siecle\/#breadcrumb\",\"itemListElement\":[{\"@type\":\"ListItem\",\"position\":1,\"name\":\"Accueil\",\"item\":\"https:\/\/www.proantic.com\/magazine\/\"},{\"@type\":\"ListItem\",\"position\":2,\"name\":\"Commode estampill\u00e9e L\u00e9onard BOUDIN , XVIIIe Si\u00e8cle\"}]},{\"@type\":\"WebSite\",\"@id\":\"https:\/\/www.proantic.com\/magazine\/#website\",\"url\":\"https:\/\/www.proantic.com\/magazine\/\",\"name\":\"Le Magazine de Proantic\",\"description\":\"Magazine d&#039;art et expositions\",\"potentialAction\":[{\"@type\":\"SearchAction\",\"target\":{\"@type\":\"EntryPoint\",\"urlTemplate\":\"https:\/\/www.proantic.com\/magazine\/?s={search_term_string}\"},\"query-input\":{\"@type\":\"PropertyValueSpecification\",\"valueRequired\":true,\"valueName\":\"search_term_string\"}}],\"inLanguage\":\"fr-FR\"},{\"@type\":\"Person\",\"@id\":\"https:\/\/www.proantic.com\/magazine\/#\/schema\/person\/63707e8f4e7d0172de7ddde897688be0\",\"name\":\"C\u00e9line Autant\"}]}<\/script>\n<!-- \/ Yoast SEO plugin. -->","yoast_head_json":{"title":"Commode estampill\u00e9e L\u00e9onard BOUDIN , XVIIIe Si\u00e8cle Le Magazine de Proantic","description":"Eb\u00e9niste \u00e0 Paris , re\u00e7u Ma\u00eetre Le 4 Mars 1761. Il tenait un Magasin d'\u00e9b\u00e9nisterie et faisait des envois en Province et \u00e0 l'\u00e9tranger ... Simple ouvrier,","robots":{"index":"index","follow":"follow","max-snippet":"max-snippet:-1","max-image-preview":"max-image-preview:large","max-video-preview":"max-video-preview:-1"},"canonical":"https:\/\/www.proantic.com\/magazine\/commode-estampillee-leonard-boudin-xviiie-siecle\/","og_locale":"fr_FR","og_type":"article","og_title":"Commode estampill\u00e9e L\u00e9onard BOUDIN , XVIIIe Si\u00e8cle Le Magazine de Proantic","og_description":"Eb\u00e9niste \u00e0 Paris , re\u00e7u Ma\u00eetre Le 4 Mars 1761. Il tenait un Magasin d'\u00e9b\u00e9nisterie et faisait des envois en Province et \u00e0 l'\u00e9tranger ... Simple ouvrier,","og_url":"https:\/\/www.proantic.com\/magazine\/commode-estampillee-leonard-boudin-xviiie-siecle\/","og_site_name":"Le Magazine de Proantic","article_publisher":"https:\/\/www.facebook.com\/pages\/Proantic\/\/259180871793","article_published_time":"2021-03-03T14:00:06+00:00","article_modified_time":"2024-04-22T09:23:15+00:00","og_image":[{"width":1200,"height":900,"url":"https:\/\/www.proantic.com\/magazine\/wp-content\/uploads\/2021\/03\/733583-main-603809aa9a9e9-1.jpg","type":"image\/jpeg"}],"author":"C\u00e9line Autant","twitter_misc":{"\u00c9crit par":"C\u00e9line Autant","Dur\u00e9e de lecture estim\u00e9e":"1 minute"},"schema":{"@context":"https:\/\/schema.org","@graph":[{"@type":"Article","@id":"https:\/\/www.proantic.com\/magazine\/commode-estampillee-leonard-boudin-xviiie-siecle\/#article","isPartOf":{"@id":"https:\/\/www.proantic.com\/magazine\/commode-estampillee-leonard-boudin-xviiie-siecle\/"},"author":{"name":"C\u00e9line Autant","@id":"https:\/\/www.proantic.com\/magazine\/#\/schema\/person\/63707e8f4e7d0172de7ddde897688be0"},"headline":"Commode estampill\u00e9e L\u00e9onard BOUDIN , XVIIIe Si\u00e8cle","datePublished":"2021-03-03T14:00:06+00:00","dateModified":"2024-04-22T09:23:15+00:00","mainEntityOfPage":{"@id":"https:\/\/www.proantic.com\/magazine\/commode-estampillee-leonard-boudin-xviiie-siecle\/"},"wordCount":295,"image":{"@id":"https:\/\/www.proantic.com\/magazine\/commode-estampillee-leonard-boudin-xviiie-siecle\/#primaryimage"},"thumbnailUrl":"https:\/\/i0.wp.com\/www.proantic.com\/magazine\/wp-content\/uploads\/2021\/03\/733583-main-603809aa9a9e9-1.jpg?fit=1200%2C900&ssl=1","articleSection":["Arts d\u00e9coratifs sur Proantic"],"inLanguage":"fr-FR"},{"@type":"WebPage","@id":"https:\/\/www.proantic.com\/magazine\/commode-estampillee-leonard-boudin-xviiie-siecle\/","url":"https:\/\/www.proantic.com\/magazine\/commode-estampillee-leonard-boudin-xviiie-siecle\/","name":"Commode estampill\u00e9e L\u00e9onard BOUDIN , XVIIIe Si\u00e8cle Le Magazine de Proantic","isPartOf":{"@id":"https:\/\/www.proantic.com\/magazine\/#website"},"primaryImageOfPage":{"@id":"https:\/\/www.proantic.com\/magazine\/commode-estampillee-leonard-boudin-xviiie-siecle\/#primaryimage"},"image":{"@id":"https:\/\/www.proantic.com\/magazine\/commode-estampillee-leonard-boudin-xviiie-siecle\/#primaryimage"},"thumbnailUrl":"https:\/\/i0.wp.com\/www.proantic.com\/magazine\/wp-content\/uploads\/2021\/03\/733583-main-603809aa9a9e9-1.jpg?fit=1200%2C900&ssl=1","datePublished":"2021-03-03T14:00:06+00:00","dateModified":"2024-04-22T09:23:15+00:00","author":{"@id":"https:\/\/www.proantic.com\/magazine\/#\/schema\/person\/63707e8f4e7d0172de7ddde897688be0"},"description":"Eb\u00e9niste \u00e0 Paris , re\u00e7u Ma\u00eetre Le 4 Mars 1761. Il tenait un Magasin d'\u00e9b\u00e9nisterie et faisait des envois en Province et \u00e0 l'\u00e9tranger ... Simple ouvrier,","breadcrumb":{"@id":"https:\/\/www.proantic.com\/magazine\/commode-estampillee-leonard-boudin-xviiie-siecle\/#breadcrumb"},"inLanguage":"fr-FR","potentialAction":[{"@type":"ReadAction","target":["https:\/\/www.proantic.com\/magazine\/commode-estampillee-leonard-boudin-xviiie-siecle\/"]}]},{"@type":"ImageObject","inLanguage":"fr-FR","@id":"https:\/\/www.proantic.com\/magazine\/commode-estampillee-leonard-boudin-xviiie-siecle\/#primaryimage","url":"https:\/\/i0.wp.com\/www.proantic.com\/magazine\/wp-content\/uploads\/2021\/03\/733583-main-603809aa9a9e9-1.jpg?fit=1200%2C900&ssl=1","contentUrl":"https:\/\/i0.wp.com\/www.proantic.com\/magazine\/wp-content\/uploads\/2021\/03\/733583-main-603809aa9a9e9-1.jpg?fit=1200%2C900&ssl=1","width":1200,"height":900},{"@type":"BreadcrumbList","@id":"https:\/\/www.proantic.com\/magazine\/commode-estampillee-leonard-boudin-xviiie-siecle\/#breadcrumb","itemListElement":[{"@type":"ListItem","position":1,"name":"Accueil","item":"https:\/\/www.proantic.com\/magazine\/"},{"@type":"ListItem","position":2,"name":"Commode estampill\u00e9e L\u00e9onard BOUDIN , XVIIIe Si\u00e8cle"}]},{"@type":"WebSite","@id":"https:\/\/www.proantic.com\/magazine\/#website","url":"https:\/\/www.proantic.com\/magazine\/","name":"Le Magazine de Proantic","description":"Magazine d&#039;art et expositions","potentialAction":[{"@type":"SearchAction","target":{"@type":"EntryPoint","urlTemplate":"https:\/\/www.proantic.com\/magazine\/?s={search_term_string}"},"query-input":{"@type":"PropertyValueSpecification","valueRequired":true,"valueName":"search_term_string"}}],"inLanguage":"fr-FR"},{"@type":"Person","@id":"https:\/\/www.proantic.com\/magazine\/#\/schema\/person\/63707e8f4e7d0172de7ddde897688be0","name":"C\u00e9line Autant"}]}},"jetpack_publicize_connections":[],"jetpack_featured_media_url":"https:\/\/i0.wp.com\/www.proantic.com\/magazine\/wp-content\/uploads\/2021\/03\/733583-main-603809aa9a9e9-1.jpg?fit=1200%2C900&ssl=1","jetpack_shortlink":"https:\/\/wp.me\/p7EkP3-3u8","jetpack_sharing_enabled":true,"_links":{"self":[{"href":"https:\/\/www.proantic.com\/magazine\/wp-json\/wp\/v2\/posts\/13400","targetHints":{"allow":["GET"]}}],"collection":[{"href":"https:\/\/www.proantic.com\/magazine\/wp-json\/wp\/v2\/posts"}],"about":[{"href":"https:\/\/www.proantic.com\/magazine\/wp-json\/wp\/v2\/types\/post"}],"author":[{"embeddable":true,"href":"https:\/\/www.proantic.com\/magazine\/wp-json\/wp\/v2\/users\/6"}],"replies":[{"embeddable":true,"href":"https:\/\/www.proantic.com\/magazine\/wp-json\/wp\/v2\/comments?post=13400"}],"version-history":[{"count":3,"href":"https:\/\/www.proantic.com\/magazine\/wp-json\/wp\/v2\/posts\/13400\/revisions"}],"predecessor-version":[{"id":13412,"href":"https:\/\/www.proantic.com\/magazine\/wp-json\/wp\/v2\/posts\/13400\/revisions\/13412"}],"wp:featuredmedia":[{"embeddable":true,"href":"https:\/\/www.proantic.com\/magazine\/wp-json\/wp\/v2\/media\/13410"}],"wp:attachment":[{"href":"https:\/\/www.proantic.com\/magazine\/wp-json\/wp\/v2\/media?parent=13400"}],"wp:term":[{"taxonomy":"category","embeddable":true,"href":"https:\/\/www.proantic.com\/magazine\/wp-json\/wp\/v2\/categories?post=13400"},{"taxonomy":"post_tag","embeddable":true,"href":"https:\/\/www.proantic.com\/magazine\/wp-json\/wp\/v2\/tags?post=13400"}],"curies":[{"name":"wp","href":"https:\/\/api.w.org\/{rel}","templated":true}]}}