{"id":13398,"date":"2021-03-03T15:15:57","date_gmt":"2021-03-03T14:15:57","guid":{"rendered":"https:\/\/www.proantic.com\/magazine\/?p=13398"},"modified":"2024-04-22T10:33:55","modified_gmt":"2024-04-22T09:33:55","slug":"statue-de-minerve-france-vers-1600","status":"publish","type":"post","link":"https:\/\/www.proantic.com\/magazine\/statue-de-minerve-france-vers-1600\/","title":{"rendered":"Statue de Minerve, France, vers 1600"},"content":{"rendered":"\n<p><em>Statue repr\u00e9sente la d\u00e9esse Minerve ou Bellone. Dans une attitude de contrapposto, la d\u00e9esse est repr\u00e9sent\u00e9e avec un harnais \u00aballa antica\u00bb r\u00e9pr\u00e9sentatif de son statut, soient un plastron orn\u00e9 d\u2019une t\u00eate de satyre, un bouclier \u00e0 la t\u00eate de M\u00e9duse, casque dit bourguignotte avec plumet, lani\u00e8res de cuirs ou pteruges prot\u00e9geant \u00e9paules et hauts de cuisse, de son bras gauche manquant, elle tenait probablement une lance \u2026<\/em><\/p>\n\n\n\n<figure class=\"wp-block-image size-large\"><img data-recalc-dims=\"1\" loading=\"lazy\" decoding=\"async\" width=\"665\" height=\"933\" data-attachment-id=\"13413\" data-permalink=\"https:\/\/www.proantic.com\/magazine\/statue-de-minerve-france-vers-1600\/732773-main-60365686b0e3f\/\" data-orig-file=\"https:\/\/i0.wp.com\/www.proantic.com\/magazine\/wp-content\/uploads\/2021\/03\/732773-main-60365686b0e3f.jpg?fit=855%2C1200&amp;ssl=1\" data-orig-size=\"855,1200\" data-comments-opened=\"1\" data-image-meta=\"{&quot;aperture&quot;:&quot;0&quot;,&quot;credit&quot;:&quot;&quot;,&quot;camera&quot;:&quot;&quot;,&quot;caption&quot;:&quot;&quot;,&quot;created_timestamp&quot;:&quot;0&quot;,&quot;copyright&quot;:&quot;&quot;,&quot;focal_length&quot;:&quot;0&quot;,&quot;iso&quot;:&quot;0&quot;,&quot;shutter_speed&quot;:&quot;0&quot;,&quot;title&quot;:&quot;&quot;,&quot;orientation&quot;:&quot;0&quot;}\" data-image-title=\"Statue de Minerve (c) Galerie Verrier, Proantic\" data-image-description=\"\" data-image-caption=\"&lt;p&gt;Statue de Minerve (c) Galerie Verrier, Proantic&lt;\/p&gt;\n\" data-medium-file=\"https:\/\/i0.wp.com\/www.proantic.com\/magazine\/wp-content\/uploads\/2021\/03\/732773-main-60365686b0e3f.jpg?fit=214%2C300&amp;ssl=1\" data-large-file=\"https:\/\/i0.wp.com\/www.proantic.com\/magazine\/wp-content\/uploads\/2021\/03\/732773-main-60365686b0e3f.jpg?fit=665%2C933&amp;ssl=1\" src=\"https:\/\/i0.wp.com\/www.proantic.com\/magazine\/wp-content\/uploads\/2021\/03\/732773-main-60365686b0e3f.jpg?resize=665%2C933&#038;ssl=1\" alt=\"\" class=\"wp-image-13413\" srcset=\"https:\/\/i0.wp.com\/www.proantic.com\/magazine\/wp-content\/uploads\/2021\/03\/732773-main-60365686b0e3f.jpg?resize=730%2C1024&amp;ssl=1 730w, https:\/\/i0.wp.com\/www.proantic.com\/magazine\/wp-content\/uploads\/2021\/03\/732773-main-60365686b0e3f.jpg?resize=214%2C300&amp;ssl=1 214w, https:\/\/i0.wp.com\/www.proantic.com\/magazine\/wp-content\/uploads\/2021\/03\/732773-main-60365686b0e3f.jpg?resize=768%2C1078&amp;ssl=1 768w, https:\/\/i0.wp.com\/www.proantic.com\/magazine\/wp-content\/uploads\/2021\/03\/732773-main-60365686b0e3f.jpg?resize=128%2C180&amp;ssl=1 128w, https:\/\/i0.wp.com\/www.proantic.com\/magazine\/wp-content\/uploads\/2021\/03\/732773-main-60365686b0e3f.jpg?w=855&amp;ssl=1 855w\" sizes=\"auto, (max-width: 665px) 100vw, 665px\" \/><figcaption>Statue de Minerve (c) <a href=\"https:\/\/www.proantic.com\/galerie\/galerie-verrier\/\">Galerie Verrier<\/a>, Proantic<\/figcaption><\/figure>\n\n\n\n<p>L\u2019artiste s\u2019oriente vers une traduction plastique, toute ornementale et abstraite de la figure humaine : un corps allong\u00e9 aux proportions exag\u00e9r\u00e9es empruntant de l\u00e9g\u00e8res flexions lat\u00e9rales et dissym\u00e9triques, de part et d&rsquo;autre de l&rsquo;axe du corps.<\/p>\n\n\n\n<figure class=\"wp-block-image size-large\"><img data-recalc-dims=\"1\" loading=\"lazy\" decoding=\"async\" width=\"665\" height=\"879\" data-attachment-id=\"13415\" data-permalink=\"https:\/\/www.proantic.com\/magazine\/statue-de-minerve-france-vers-1600\/732773-603656c8dbafb\/\" data-orig-file=\"https:\/\/i0.wp.com\/www.proantic.com\/magazine\/wp-content\/uploads\/2021\/03\/732773-603656c8dbafb.jpg?fit=908%2C1200&amp;ssl=1\" data-orig-size=\"908,1200\" data-comments-opened=\"1\" data-image-meta=\"{&quot;aperture&quot;:&quot;0&quot;,&quot;credit&quot;:&quot;&quot;,&quot;camera&quot;:&quot;&quot;,&quot;caption&quot;:&quot;&quot;,&quot;created_timestamp&quot;:&quot;0&quot;,&quot;copyright&quot;:&quot;&quot;,&quot;focal_length&quot;:&quot;0&quot;,&quot;iso&quot;:&quot;0&quot;,&quot;shutter_speed&quot;:&quot;0&quot;,&quot;title&quot;:&quot;&quot;,&quot;orientation&quot;:&quot;0&quot;}\" data-image-title=\"Statue de Minerve (c) Galerie Verrier, Proantic\" data-image-description=\"\" data-image-caption=\"\" data-medium-file=\"https:\/\/i0.wp.com\/www.proantic.com\/magazine\/wp-content\/uploads\/2021\/03\/732773-603656c8dbafb.jpg?fit=227%2C300&amp;ssl=1\" data-large-file=\"https:\/\/i0.wp.com\/www.proantic.com\/magazine\/wp-content\/uploads\/2021\/03\/732773-603656c8dbafb.jpg?fit=665%2C879&amp;ssl=1\" src=\"https:\/\/i0.wp.com\/www.proantic.com\/magazine\/wp-content\/uploads\/2021\/03\/732773-603656c8dbafb.jpg?resize=665%2C879&#038;ssl=1\" alt=\"\" class=\"wp-image-13415\" srcset=\"https:\/\/i0.wp.com\/www.proantic.com\/magazine\/wp-content\/uploads\/2021\/03\/732773-603656c8dbafb.jpg?resize=775%2C1024&amp;ssl=1 775w, https:\/\/i0.wp.com\/www.proantic.com\/magazine\/wp-content\/uploads\/2021\/03\/732773-603656c8dbafb.jpg?resize=227%2C300&amp;ssl=1 227w, https:\/\/i0.wp.com\/www.proantic.com\/magazine\/wp-content\/uploads\/2021\/03\/732773-603656c8dbafb.jpg?resize=768%2C1015&amp;ssl=1 768w, https:\/\/i0.wp.com\/www.proantic.com\/magazine\/wp-content\/uploads\/2021\/03\/732773-603656c8dbafb.jpg?resize=136%2C180&amp;ssl=1 136w, https:\/\/i0.wp.com\/www.proantic.com\/magazine\/wp-content\/uploads\/2021\/03\/732773-603656c8dbafb.jpg?w=908&amp;ssl=1 908w\" sizes=\"auto, (max-width: 665px) 100vw, 665px\" \/><\/figure>\n\n\n\n<p> Cette statue, est \u00e0 mettre en rapport avec les r\u00e9alisations des ateliers de huchiers et d\u2019imagiers de la seconde Renaissance fran\u00e7aise du quatri\u00e8me quart du XVI<sup>e<\/sup>\u00a0si\u00e8cle. <\/p>\n\n\n\n<figure class=\"wp-block-image size-large\"><img data-recalc-dims=\"1\" loading=\"lazy\" decoding=\"async\" width=\"665\" height=\"886\" data-attachment-id=\"13414\" data-permalink=\"https:\/\/www.proantic.com\/magazine\/statue-de-minerve-france-vers-1600\/732773-603656c916594\/\" data-orig-file=\"https:\/\/i0.wp.com\/www.proantic.com\/magazine\/wp-content\/uploads\/2021\/03\/732773-603656c916594.jpg?fit=901%2C1200&amp;ssl=1\" data-orig-size=\"901,1200\" data-comments-opened=\"1\" data-image-meta=\"{&quot;aperture&quot;:&quot;0&quot;,&quot;credit&quot;:&quot;&quot;,&quot;camera&quot;:&quot;&quot;,&quot;caption&quot;:&quot;&quot;,&quot;created_timestamp&quot;:&quot;0&quot;,&quot;copyright&quot;:&quot;&quot;,&quot;focal_length&quot;:&quot;0&quot;,&quot;iso&quot;:&quot;0&quot;,&quot;shutter_speed&quot;:&quot;0&quot;,&quot;title&quot;:&quot;&quot;,&quot;orientation&quot;:&quot;0&quot;}\" data-image-title=\"Statue de Minerve (c) Galerie Verrier, Proantic\" data-image-description=\"\" data-image-caption=\"&lt;p&gt;Statue de Minerve (c) Galerie Verrier, Proantic&lt;\/p&gt;\n\" data-medium-file=\"https:\/\/i0.wp.com\/www.proantic.com\/magazine\/wp-content\/uploads\/2021\/03\/732773-603656c916594.jpg?fit=225%2C300&amp;ssl=1\" data-large-file=\"https:\/\/i0.wp.com\/www.proantic.com\/magazine\/wp-content\/uploads\/2021\/03\/732773-603656c916594.jpg?fit=665%2C886&amp;ssl=1\" src=\"https:\/\/i0.wp.com\/www.proantic.com\/magazine\/wp-content\/uploads\/2021\/03\/732773-603656c916594.jpg?resize=665%2C886&#038;ssl=1\" alt=\"\" class=\"wp-image-13414\" srcset=\"https:\/\/i0.wp.com\/www.proantic.com\/magazine\/wp-content\/uploads\/2021\/03\/732773-603656c916594.jpg?resize=769%2C1024&amp;ssl=1 769w, https:\/\/i0.wp.com\/www.proantic.com\/magazine\/wp-content\/uploads\/2021\/03\/732773-603656c916594.jpg?resize=225%2C300&amp;ssl=1 225w, https:\/\/i0.wp.com\/www.proantic.com\/magazine\/wp-content\/uploads\/2021\/03\/732773-603656c916594.jpg?resize=768%2C1023&amp;ssl=1 768w, https:\/\/i0.wp.com\/www.proantic.com\/magazine\/wp-content\/uploads\/2021\/03\/732773-603656c916594.jpg?resize=135%2C180&amp;ssl=1 135w, https:\/\/i0.wp.com\/www.proantic.com\/magazine\/wp-content\/uploads\/2021\/03\/732773-603656c916594.jpg?w=901&amp;ssl=1 901w\" sizes=\"auto, (max-width: 665px) 100vw, 665px\" \/><figcaption>Statue de Minerve (c)<a href=\"https:\/\/www.proantic.com\/galerie\/galerie-verrier\/\"> Galerie Verrier<\/a>, Proantic<\/figcaption><\/figure>\n\n\n\n<p>Elle s\u2019inspire grandement des estampes publi\u00e9es apr\u00e8s 1560 par les burinistes fran\u00e7ais, tels que Jacques Androuet du Cerceau ou Etienne Delaune dans le prolongement des apports italiens du Rosso et de ses estampes ou encore d\u2019un Tempesta, traduction contemporaine des canons de la statuaire antique.<\/p>\n\n\n\n<figure class=\"wp-block-image size-large\"><img data-recalc-dims=\"1\" loading=\"lazy\" decoding=\"async\" width=\"665\" height=\"996\" data-attachment-id=\"13416\" data-permalink=\"https:\/\/www.proantic.com\/magazine\/statue-de-minerve-france-vers-1600\/732773-603656c949136\/\" data-orig-file=\"https:\/\/i0.wp.com\/www.proantic.com\/magazine\/wp-content\/uploads\/2021\/03\/732773-603656c949136.jpg?fit=801%2C1200&amp;ssl=1\" data-orig-size=\"801,1200\" data-comments-opened=\"1\" data-image-meta=\"{&quot;aperture&quot;:&quot;0&quot;,&quot;credit&quot;:&quot;&quot;,&quot;camera&quot;:&quot;&quot;,&quot;caption&quot;:&quot;&quot;,&quot;created_timestamp&quot;:&quot;0&quot;,&quot;copyright&quot;:&quot;&quot;,&quot;focal_length&quot;:&quot;0&quot;,&quot;iso&quot;:&quot;0&quot;,&quot;shutter_speed&quot;:&quot;0&quot;,&quot;title&quot;:&quot;&quot;,&quot;orientation&quot;:&quot;0&quot;}\" data-image-title=\"Statue de Minerve (c) Galerie Verrier, Proantic\" data-image-description=\"\" data-image-caption=\"\" data-medium-file=\"https:\/\/i0.wp.com\/www.proantic.com\/magazine\/wp-content\/uploads\/2021\/03\/732773-603656c949136.jpg?fit=200%2C300&amp;ssl=1\" data-large-file=\"https:\/\/i0.wp.com\/www.proantic.com\/magazine\/wp-content\/uploads\/2021\/03\/732773-603656c949136.jpg?fit=665%2C996&amp;ssl=1\" src=\"https:\/\/i0.wp.com\/www.proantic.com\/magazine\/wp-content\/uploads\/2021\/03\/732773-603656c949136.jpg?resize=665%2C996&#038;ssl=1\" alt=\"\" class=\"wp-image-13416\" srcset=\"https:\/\/i0.wp.com\/www.proantic.com\/magazine\/wp-content\/uploads\/2021\/03\/732773-603656c949136.jpg?resize=684%2C1024&amp;ssl=1 684w, https:\/\/i0.wp.com\/www.proantic.com\/magazine\/wp-content\/uploads\/2021\/03\/732773-603656c949136.jpg?resize=200%2C300&amp;ssl=1 200w, https:\/\/i0.wp.com\/www.proantic.com\/magazine\/wp-content\/uploads\/2021\/03\/732773-603656c949136.jpg?resize=768%2C1151&amp;ssl=1 768w, https:\/\/i0.wp.com\/www.proantic.com\/magazine\/wp-content\/uploads\/2021\/03\/732773-603656c949136.jpg?resize=120%2C180&amp;ssl=1 120w, https:\/\/i0.wp.com\/www.proantic.com\/magazine\/wp-content\/uploads\/2021\/03\/732773-603656c949136.jpg?w=801&amp;ssl=1 801w\" sizes=\"auto, (max-width: 665px) 100vw, 665px\" \/><\/figure>\n\n\n\n<p> La diffusion de l\u2019image par ce support, qu\u2019est l\u2019estampe, permit une grande utilisation des sujets mythologiques pour l\u2019ornementation du mobilier, des d\u00e9cors int\u00e9rieurs et la statuaire.<\/p>\n\n\n\n<figure class=\"wp-block-image size-large\"><img data-recalc-dims=\"1\" loading=\"lazy\" decoding=\"async\" width=\"665\" height=\"580\" data-attachment-id=\"13417\" data-permalink=\"https:\/\/www.proantic.com\/magazine\/statue-de-minerve-france-vers-1600\/732773-alb-603656fd6f7aa\/\" data-orig-file=\"https:\/\/i0.wp.com\/www.proantic.com\/magazine\/wp-content\/uploads\/2021\/03\/732773-alb-603656fd6f7aa.jpg?fit=800%2C698&amp;ssl=1\" data-orig-size=\"800,698\" data-comments-opened=\"1\" data-image-meta=\"{&quot;aperture&quot;:&quot;0&quot;,&quot;credit&quot;:&quot;&quot;,&quot;camera&quot;:&quot;&quot;,&quot;caption&quot;:&quot;&quot;,&quot;created_timestamp&quot;:&quot;0&quot;,&quot;copyright&quot;:&quot;&quot;,&quot;focal_length&quot;:&quot;0&quot;,&quot;iso&quot;:&quot;0&quot;,&quot;shutter_speed&quot;:&quot;0&quot;,&quot;title&quot;:&quot;&quot;,&quot;orientation&quot;:&quot;0&quot;}\" data-image-title=\"Statue de Minerve (c) Galerie Verrier, Proantic\" data-image-description=\"\" data-image-caption=\"\" data-medium-file=\"https:\/\/i0.wp.com\/www.proantic.com\/magazine\/wp-content\/uploads\/2021\/03\/732773-alb-603656fd6f7aa.jpg?fit=300%2C262&amp;ssl=1\" data-large-file=\"https:\/\/i0.wp.com\/www.proantic.com\/magazine\/wp-content\/uploads\/2021\/03\/732773-alb-603656fd6f7aa.jpg?fit=665%2C580&amp;ssl=1\" src=\"https:\/\/i0.wp.com\/www.proantic.com\/magazine\/wp-content\/uploads\/2021\/03\/732773-alb-603656fd6f7aa.jpg?resize=665%2C580&#038;ssl=1\" alt=\"\" class=\"wp-image-13417\" srcset=\"https:\/\/i0.wp.com\/www.proantic.com\/magazine\/wp-content\/uploads\/2021\/03\/732773-alb-603656fd6f7aa.jpg?w=800&amp;ssl=1 800w, https:\/\/i0.wp.com\/www.proantic.com\/magazine\/wp-content\/uploads\/2021\/03\/732773-alb-603656fd6f7aa.jpg?resize=300%2C262&amp;ssl=1 300w, https:\/\/i0.wp.com\/www.proantic.com\/magazine\/wp-content\/uploads\/2021\/03\/732773-alb-603656fd6f7aa.jpg?resize=768%2C670&amp;ssl=1 768w, https:\/\/i0.wp.com\/www.proantic.com\/magazine\/wp-content\/uploads\/2021\/03\/732773-alb-603656fd6f7aa.jpg?resize=180%2C157&amp;ssl=1 180w\" sizes=\"auto, (max-width: 665px) 100vw, 665px\" \/><\/figure>\n\n\n\n<p> Au-del\u00e0 de l\u2019estampe, nous retrouvons cet \u00e9l\u00e9ment sur la porte d\u2019une armoire conserv\u00e9e dans les collections du Mus\u00e9e du Louvre (Bourgogne, vers 1600)<\/p>\n","protected":false},"excerpt":{"rendered":"<p>Statue repr\u00e9sente la d\u00e9esse Minerve ou Bellone. Dans une attitude de contrapposto, la d\u00e9esse est repr\u00e9sent\u00e9e avec un harnais \u00aballa antica\u00bb r\u00e9pr\u00e9sentatif de son statut, soient un plastron orn\u00e9 d\u2019une t\u00eate de satyre, un bouclier \u00e0 la t\u00eate de M\u00e9duse, casque dit bourguignotte avec plumet, lani\u00e8res de cuirs ou pteruges prot\u00e9geant \u00e9paules et hauts de [&hellip;]<\/p>\n","protected":false},"author":6,"featured_media":13420,"comment_status":"closed","ping_status":"open","sticky":false,"template":"","format":"standard","meta":{"jetpack_post_was_ever_published":false,"_jetpack_newsletter_access":"","_jetpack_dont_email_post_to_subs":false,"_jetpack_newsletter_tier_id":0,"_jetpack_memberships_contains_paywalled_content":false,"_jetpack_memberships_contains_paid_content":false,"footnotes":"","jetpack_publicize_message":"","jetpack_publicize_feature_enabled":true,"jetpack_social_post_already_shared":true,"jetpack_social_options":{"image_generator_settings":{"template":"highway","default_image_id":0,"font":"","enabled":false},"version":2}},"categories":[180],"tags":[],"class_list":["post-13398","post","type-post","status-publish","format-standard","has-post-thumbnail","hentry","category-arts-decoratifs-proantic"],"yoast_head":"<!-- This site is optimized with the Yoast SEO plugin v26.9 - https:\/\/yoast.com\/product\/yoast-seo-wordpress\/ -->\n<title>Statue de Minerve, France, vers 1600 Le Magazine de Proantic<\/title>\n<meta name=\"description\" content=\"Statue repr\u00e9sente la d\u00e9esse Minerve ou Bellone. Dans une attitude de contrapposto, la d\u00e9esse est repr\u00e9sent\u00e9e avec un harnais \u00aballa antica\u00bb r\u00e9pr\u00e9sentatif\" \/>\n<meta name=\"robots\" content=\"index, follow, max-snippet:-1, max-image-preview:large, max-video-preview:-1\" \/>\n<link rel=\"canonical\" href=\"https:\/\/www.proantic.com\/magazine\/statue-de-minerve-france-vers-1600\/\" \/>\n<meta property=\"og:locale\" content=\"fr_FR\" \/>\n<meta property=\"og:type\" content=\"article\" \/>\n<meta property=\"og:title\" content=\"Statue de Minerve, France, vers 1600 Le Magazine de Proantic\" \/>\n<meta property=\"og:description\" content=\"Statue repr\u00e9sente la d\u00e9esse Minerve ou Bellone. Dans une attitude de contrapposto, la d\u00e9esse est repr\u00e9sent\u00e9e avec un harnais \u00aballa antica\u00bb r\u00e9pr\u00e9sentatif\" \/>\n<meta property=\"og:url\" content=\"https:\/\/www.proantic.com\/magazine\/statue-de-minerve-france-vers-1600\/\" \/>\n<meta property=\"og:site_name\" content=\"Le Magazine de Proantic\" \/>\n<meta property=\"article:publisher\" content=\"https:\/\/www.facebook.com\/pages\/Proantic\/\/259180871793\" \/>\n<meta property=\"article:published_time\" content=\"2021-03-03T14:15:57+00:00\" \/>\n<meta property=\"article:modified_time\" content=\"2024-04-22T09:33:55+00:00\" \/>\n<meta property=\"og:image\" content=\"https:\/\/www.proantic.com\/magazine\/wp-content\/uploads\/2021\/03\/njhy.jpg\" \/>\n\t<meta property=\"og:image:width\" content=\"851\" \/>\n\t<meta property=\"og:image:height\" content=\"550\" \/>\n\t<meta property=\"og:image:type\" content=\"image\/jpeg\" \/>\n<meta name=\"author\" content=\"C\u00e9line Autant\" \/>\n<meta name=\"twitter:label1\" content=\"\u00c9crit par\" \/>\n\t<meta name=\"twitter:data1\" content=\"C\u00e9line Autant\" \/>\n\t<meta name=\"twitter:label2\" content=\"Dur\u00e9e de lecture estim\u00e9e\" \/>\n\t<meta name=\"twitter:data2\" content=\"1 minute\" \/>\n<script type=\"application\/ld+json\" class=\"yoast-schema-graph\">{\"@context\":\"https:\/\/schema.org\",\"@graph\":[{\"@type\":\"Article\",\"@id\":\"https:\/\/www.proantic.com\/magazine\/statue-de-minerve-france-vers-1600\/#article\",\"isPartOf\":{\"@id\":\"https:\/\/www.proantic.com\/magazine\/statue-de-minerve-france-vers-1600\/\"},\"author\":{\"name\":\"C\u00e9line Autant\",\"@id\":\"https:\/\/www.proantic.com\/magazine\/#\/schema\/person\/63707e8f4e7d0172de7ddde897688be0\"},\"headline\":\"Statue de Minerve, France, vers 1600\",\"datePublished\":\"2021-03-03T14:15:57+00:00\",\"dateModified\":\"2024-04-22T09:33:55+00:00\",\"mainEntityOfPage\":{\"@id\":\"https:\/\/www.proantic.com\/magazine\/statue-de-minerve-france-vers-1600\/\"},\"wordCount\":281,\"image\":{\"@id\":\"https:\/\/www.proantic.com\/magazine\/statue-de-minerve-france-vers-1600\/#primaryimage\"},\"thumbnailUrl\":\"https:\/\/i0.wp.com\/www.proantic.com\/magazine\/wp-content\/uploads\/2021\/03\/njhy.jpg?fit=851%2C550&ssl=1\",\"articleSection\":[\"Arts d\u00e9coratifs sur Proantic\"],\"inLanguage\":\"fr-FR\"},{\"@type\":\"WebPage\",\"@id\":\"https:\/\/www.proantic.com\/magazine\/statue-de-minerve-france-vers-1600\/\",\"url\":\"https:\/\/www.proantic.com\/magazine\/statue-de-minerve-france-vers-1600\/\",\"name\":\"Statue de Minerve, France, vers 1600 Le Magazine de Proantic\",\"isPartOf\":{\"@id\":\"https:\/\/www.proantic.com\/magazine\/#website\"},\"primaryImageOfPage\":{\"@id\":\"https:\/\/www.proantic.com\/magazine\/statue-de-minerve-france-vers-1600\/#primaryimage\"},\"image\":{\"@id\":\"https:\/\/www.proantic.com\/magazine\/statue-de-minerve-france-vers-1600\/#primaryimage\"},\"thumbnailUrl\":\"https:\/\/i0.wp.com\/www.proantic.com\/magazine\/wp-content\/uploads\/2021\/03\/njhy.jpg?fit=851%2C550&ssl=1\",\"datePublished\":\"2021-03-03T14:15:57+00:00\",\"dateModified\":\"2024-04-22T09:33:55+00:00\",\"author\":{\"@id\":\"https:\/\/www.proantic.com\/magazine\/#\/schema\/person\/63707e8f4e7d0172de7ddde897688be0\"},\"description\":\"Statue repr\u00e9sente la d\u00e9esse Minerve ou Bellone. Dans une attitude de contrapposto, la d\u00e9esse est repr\u00e9sent\u00e9e avec un harnais \u00aballa antica\u00bb r\u00e9pr\u00e9sentatif\",\"breadcrumb\":{\"@id\":\"https:\/\/www.proantic.com\/magazine\/statue-de-minerve-france-vers-1600\/#breadcrumb\"},\"inLanguage\":\"fr-FR\",\"potentialAction\":[{\"@type\":\"ReadAction\",\"target\":[\"https:\/\/www.proantic.com\/magazine\/statue-de-minerve-france-vers-1600\/\"]}]},{\"@type\":\"ImageObject\",\"inLanguage\":\"fr-FR\",\"@id\":\"https:\/\/www.proantic.com\/magazine\/statue-de-minerve-france-vers-1600\/#primaryimage\",\"url\":\"https:\/\/i0.wp.com\/www.proantic.com\/magazine\/wp-content\/uploads\/2021\/03\/njhy.jpg?fit=851%2C550&ssl=1\",\"contentUrl\":\"https:\/\/i0.wp.com\/www.proantic.com\/magazine\/wp-content\/uploads\/2021\/03\/njhy.jpg?fit=851%2C550&ssl=1\",\"width\":851,\"height\":550},{\"@type\":\"BreadcrumbList\",\"@id\":\"https:\/\/www.proantic.com\/magazine\/statue-de-minerve-france-vers-1600\/#breadcrumb\",\"itemListElement\":[{\"@type\":\"ListItem\",\"position\":1,\"name\":\"Accueil\",\"item\":\"https:\/\/www.proantic.com\/magazine\/\"},{\"@type\":\"ListItem\",\"position\":2,\"name\":\"Statue de Minerve, France, vers 1600\"}]},{\"@type\":\"WebSite\",\"@id\":\"https:\/\/www.proantic.com\/magazine\/#website\",\"url\":\"https:\/\/www.proantic.com\/magazine\/\",\"name\":\"Le Magazine de Proantic\",\"description\":\"Magazine d&#039;art et expositions\",\"potentialAction\":[{\"@type\":\"SearchAction\",\"target\":{\"@type\":\"EntryPoint\",\"urlTemplate\":\"https:\/\/www.proantic.com\/magazine\/?s={search_term_string}\"},\"query-input\":{\"@type\":\"PropertyValueSpecification\",\"valueRequired\":true,\"valueName\":\"search_term_string\"}}],\"inLanguage\":\"fr-FR\"},{\"@type\":\"Person\",\"@id\":\"https:\/\/www.proantic.com\/magazine\/#\/schema\/person\/63707e8f4e7d0172de7ddde897688be0\",\"name\":\"C\u00e9line Autant\"}]}<\/script>\n<!-- \/ Yoast SEO plugin. -->","yoast_head_json":{"title":"Statue de Minerve, France, vers 1600 Le Magazine de Proantic","description":"Statue repr\u00e9sente la d\u00e9esse Minerve ou Bellone. Dans une attitude de contrapposto, la d\u00e9esse est repr\u00e9sent\u00e9e avec un harnais \u00aballa antica\u00bb r\u00e9pr\u00e9sentatif","robots":{"index":"index","follow":"follow","max-snippet":"max-snippet:-1","max-image-preview":"max-image-preview:large","max-video-preview":"max-video-preview:-1"},"canonical":"https:\/\/www.proantic.com\/magazine\/statue-de-minerve-france-vers-1600\/","og_locale":"fr_FR","og_type":"article","og_title":"Statue de Minerve, France, vers 1600 Le Magazine de Proantic","og_description":"Statue repr\u00e9sente la d\u00e9esse Minerve ou Bellone. Dans une attitude de contrapposto, la d\u00e9esse est repr\u00e9sent\u00e9e avec un harnais \u00aballa antica\u00bb r\u00e9pr\u00e9sentatif","og_url":"https:\/\/www.proantic.com\/magazine\/statue-de-minerve-france-vers-1600\/","og_site_name":"Le Magazine de Proantic","article_publisher":"https:\/\/www.facebook.com\/pages\/Proantic\/\/259180871793","article_published_time":"2021-03-03T14:15:57+00:00","article_modified_time":"2024-04-22T09:33:55+00:00","og_image":[{"width":851,"height":550,"url":"https:\/\/www.proantic.com\/magazine\/wp-content\/uploads\/2021\/03\/njhy.jpg","type":"image\/jpeg"}],"author":"C\u00e9line Autant","twitter_misc":{"\u00c9crit par":"C\u00e9line Autant","Dur\u00e9e de lecture estim\u00e9e":"1 minute"},"schema":{"@context":"https:\/\/schema.org","@graph":[{"@type":"Article","@id":"https:\/\/www.proantic.com\/magazine\/statue-de-minerve-france-vers-1600\/#article","isPartOf":{"@id":"https:\/\/www.proantic.com\/magazine\/statue-de-minerve-france-vers-1600\/"},"author":{"name":"C\u00e9line Autant","@id":"https:\/\/www.proantic.com\/magazine\/#\/schema\/person\/63707e8f4e7d0172de7ddde897688be0"},"headline":"Statue de Minerve, France, vers 1600","datePublished":"2021-03-03T14:15:57+00:00","dateModified":"2024-04-22T09:33:55+00:00","mainEntityOfPage":{"@id":"https:\/\/www.proantic.com\/magazine\/statue-de-minerve-france-vers-1600\/"},"wordCount":281,"image":{"@id":"https:\/\/www.proantic.com\/magazine\/statue-de-minerve-france-vers-1600\/#primaryimage"},"thumbnailUrl":"https:\/\/i0.wp.com\/www.proantic.com\/magazine\/wp-content\/uploads\/2021\/03\/njhy.jpg?fit=851%2C550&ssl=1","articleSection":["Arts d\u00e9coratifs sur Proantic"],"inLanguage":"fr-FR"},{"@type":"WebPage","@id":"https:\/\/www.proantic.com\/magazine\/statue-de-minerve-france-vers-1600\/","url":"https:\/\/www.proantic.com\/magazine\/statue-de-minerve-france-vers-1600\/","name":"Statue de Minerve, France, vers 1600 Le Magazine de Proantic","isPartOf":{"@id":"https:\/\/www.proantic.com\/magazine\/#website"},"primaryImageOfPage":{"@id":"https:\/\/www.proantic.com\/magazine\/statue-de-minerve-france-vers-1600\/#primaryimage"},"image":{"@id":"https:\/\/www.proantic.com\/magazine\/statue-de-minerve-france-vers-1600\/#primaryimage"},"thumbnailUrl":"https:\/\/i0.wp.com\/www.proantic.com\/magazine\/wp-content\/uploads\/2021\/03\/njhy.jpg?fit=851%2C550&ssl=1","datePublished":"2021-03-03T14:15:57+00:00","dateModified":"2024-04-22T09:33:55+00:00","author":{"@id":"https:\/\/www.proantic.com\/magazine\/#\/schema\/person\/63707e8f4e7d0172de7ddde897688be0"},"description":"Statue repr\u00e9sente la d\u00e9esse Minerve ou Bellone. Dans une attitude de contrapposto, la d\u00e9esse est repr\u00e9sent\u00e9e avec un harnais \u00aballa antica\u00bb r\u00e9pr\u00e9sentatif","breadcrumb":{"@id":"https:\/\/www.proantic.com\/magazine\/statue-de-minerve-france-vers-1600\/#breadcrumb"},"inLanguage":"fr-FR","potentialAction":[{"@type":"ReadAction","target":["https:\/\/www.proantic.com\/magazine\/statue-de-minerve-france-vers-1600\/"]}]},{"@type":"ImageObject","inLanguage":"fr-FR","@id":"https:\/\/www.proantic.com\/magazine\/statue-de-minerve-france-vers-1600\/#primaryimage","url":"https:\/\/i0.wp.com\/www.proantic.com\/magazine\/wp-content\/uploads\/2021\/03\/njhy.jpg?fit=851%2C550&ssl=1","contentUrl":"https:\/\/i0.wp.com\/www.proantic.com\/magazine\/wp-content\/uploads\/2021\/03\/njhy.jpg?fit=851%2C550&ssl=1","width":851,"height":550},{"@type":"BreadcrumbList","@id":"https:\/\/www.proantic.com\/magazine\/statue-de-minerve-france-vers-1600\/#breadcrumb","itemListElement":[{"@type":"ListItem","position":1,"name":"Accueil","item":"https:\/\/www.proantic.com\/magazine\/"},{"@type":"ListItem","position":2,"name":"Statue de Minerve, France, vers 1600"}]},{"@type":"WebSite","@id":"https:\/\/www.proantic.com\/magazine\/#website","url":"https:\/\/www.proantic.com\/magazine\/","name":"Le Magazine de Proantic","description":"Magazine d&#039;art et expositions","potentialAction":[{"@type":"SearchAction","target":{"@type":"EntryPoint","urlTemplate":"https:\/\/www.proantic.com\/magazine\/?s={search_term_string}"},"query-input":{"@type":"PropertyValueSpecification","valueRequired":true,"valueName":"search_term_string"}}],"inLanguage":"fr-FR"},{"@type":"Person","@id":"https:\/\/www.proantic.com\/magazine\/#\/schema\/person\/63707e8f4e7d0172de7ddde897688be0","name":"C\u00e9line Autant"}]}},"jetpack_publicize_connections":[],"jetpack_featured_media_url":"https:\/\/i0.wp.com\/www.proantic.com\/magazine\/wp-content\/uploads\/2021\/03\/njhy.jpg?fit=851%2C550&ssl=1","jetpack_shortlink":"https:\/\/wp.me\/p7EkP3-3u6","jetpack_sharing_enabled":true,"_links":{"self":[{"href":"https:\/\/www.proantic.com\/magazine\/wp-json\/wp\/v2\/posts\/13398","targetHints":{"allow":["GET"]}}],"collection":[{"href":"https:\/\/www.proantic.com\/magazine\/wp-json\/wp\/v2\/posts"}],"about":[{"href":"https:\/\/www.proantic.com\/magazine\/wp-json\/wp\/v2\/types\/post"}],"author":[{"embeddable":true,"href":"https:\/\/www.proantic.com\/magazine\/wp-json\/wp\/v2\/users\/6"}],"replies":[{"embeddable":true,"href":"https:\/\/www.proantic.com\/magazine\/wp-json\/wp\/v2\/comments?post=13398"}],"version-history":[{"count":2,"href":"https:\/\/www.proantic.com\/magazine\/wp-json\/wp\/v2\/posts\/13398\/revisions"}],"predecessor-version":[{"id":13419,"href":"https:\/\/www.proantic.com\/magazine\/wp-json\/wp\/v2\/posts\/13398\/revisions\/13419"}],"wp:featuredmedia":[{"embeddable":true,"href":"https:\/\/www.proantic.com\/magazine\/wp-json\/wp\/v2\/media\/13420"}],"wp:attachment":[{"href":"https:\/\/www.proantic.com\/magazine\/wp-json\/wp\/v2\/media?parent=13398"}],"wp:term":[{"taxonomy":"category","embeddable":true,"href":"https:\/\/www.proantic.com\/magazine\/wp-json\/wp\/v2\/categories?post=13398"},{"taxonomy":"post_tag","embeddable":true,"href":"https:\/\/www.proantic.com\/magazine\/wp-json\/wp\/v2\/tags?post=13398"}],"curies":[{"name":"wp","href":"https:\/\/api.w.org\/{rel}","templated":true}]}}