{"id":13345,"date":"2021-02-21T11:51:17","date_gmt":"2021-02-21T10:51:17","guid":{"rendered":"https:\/\/www.proantic.com\/magazine\/?p=13345"},"modified":"2021-02-21T11:57:20","modified_gmt":"2021-02-21T10:57:20","slug":"florae-le-temps-des-fleurs","status":"publish","type":"post","link":"https:\/\/www.proantic.com\/magazine\/florae-le-temps-des-fleurs\/","title":{"rendered":"Florae, le temps des fleurs"},"content":{"rendered":"\n<p>Illustr\u00e9 de manuscrits et de livres rares issus de la Biblioth\u00e8que nationale de France, de la British Library, de la Biblioth\u00e8que vaticane&#8230; cet ouvrage, con\u00e7u en collaboration avec la maison de haute joaillerie Van Cleef &amp; Arpels<\/p>\n\n\n\n<p>Fragiles, \u00e9ph\u00e9m\u00e8res, ornementales, pr\u00e9cieuses, les fleurs \u00e9merveillent. Depuis les premi\u00e8res observations des philosophes grecs, artistes, savants, explorateurs et collectionneurs les regardent, les c\u00e9l\u00e8brent et tentent d&rsquo;en percer les myst\u00e8res. Quelle est leur vie secr\u00e8te ? Objets d&rsquo;\u00e9tude, les fleurs suscitent d\u00e8s l&rsquo;Antiquit\u00e9 de nombreuses questions sur les origines du vivant et t\u00e9moignent de notre relation \u00e0 la nature.<br><br>Indig\u00e8nes ou venues de lointains horizons, esp\u00e8ces rares ou domestiques, les fleurs ont conquis le monde, se jouant des acclimatations, des m\u00e9tamorphoses et des hybridations. Apprivois\u00e9es dans des jardins de monast\u00e8res ou princiers, les vari\u00e9t\u00e9s voyagent depuis des si\u00e8cles d&rsquo;un continent \u00e0 l&rsquo;autre : la pivoine arrive de Chine, le chrysanth\u00e8me du Japon, la capucine du P\u00e9rou, la tulipe de l&#8217;empire Ottoman&#8230;. <\/p>\n\n\n\n<p>\u00c0 la Renaissance, la d\u00e9couverte de nouvelles terres et civilisations fait affluer, par l&rsquo;interm\u00e9diaire des marins et des explorateurs mandat\u00e9s par les acad\u00e9mies des sciences de toute l&rsquo;Europe, des plants in\u00e9dits. La production d&rsquo;herbiers, d&rsquo;ouvrages de botaniques et la peinture de fleurs comme genre pictural suscitent l&rsquo;\u00e9mulation tant du monde scientifique et qu&rsquo;artistique.<\/p>\n\n\n\n<p><strong>Editeurs: <\/strong>Xavier Barral \/ an Cleef &amp; Arpels&nbsp;<\/p>\n","protected":false},"excerpt":{"rendered":"<p>Illustr\u00e9 de manuscrits et de livres rares issus de la Biblioth\u00e8que nationale de France, de la British Library, de la Biblioth\u00e8que vaticane&#8230; cet ouvrage, con\u00e7u en collaboration avec la maison de haute joaillerie Van Cleef &amp; Arpels Fragiles, \u00e9ph\u00e9m\u00e8res, ornementales, pr\u00e9cieuses, les fleurs \u00e9merveillent. Depuis les premi\u00e8res observations des philosophes grecs, artistes, savants, explorateurs et [&hellip;]<\/p>\n","protected":false},"author":6,"featured_media":13364,"comment_status":"closed","ping_status":"open","sticky":false,"template":"","format":"standard","meta":{"jetpack_post_was_ever_published":false,"_jetpack_newsletter_access":"","_jetpack_dont_email_post_to_subs":false,"_jetpack_newsletter_tier_id":0,"_jetpack_memberships_contains_paywalled_content":false,"_jetpack_memberships_contains_paid_content":false,"footnotes":"","jetpack_publicize_message":"","jetpack_publicize_feature_enabled":true,"jetpack_social_post_already_shared":true,"jetpack_social_options":{"image_generator_settings":{"template":"highway","default_image_id":0,"font":"","enabled":false},"version":2}},"categories":[16],"tags":[],"class_list":["post-13345","post","type-post","status-publish","format-standard","has-post-thumbnail","hentry","category-livres-dart"],"yoast_head":"<!-- This site is optimized with the Yoast SEO plugin v26.9 - https:\/\/yoast.com\/product\/yoast-seo-wordpress\/ -->\n<title>Florae, le temps des fleurs Le Magazine de Proantic<\/title>\n<meta name=\"description\" content=\"Illustr\u00e9 de manuscrits et de livres rares issus de la Biblioth\u00e8que nationale de France, de la British Library, de la Biblioth\u00e8que vaticane... cet ouvrage,\" \/>\n<meta name=\"robots\" content=\"index, follow, max-snippet:-1, max-image-preview:large, max-video-preview:-1\" \/>\n<link rel=\"canonical\" href=\"https:\/\/www.proantic.com\/magazine\/florae-le-temps-des-fleurs\/\" \/>\n<meta property=\"og:locale\" content=\"fr_FR\" \/>\n<meta property=\"og:type\" content=\"article\" \/>\n<meta property=\"og:title\" content=\"Florae, le temps des fleurs Le Magazine de Proantic\" \/>\n<meta property=\"og:description\" content=\"Illustr\u00e9 de manuscrits et de livres rares issus de la Biblioth\u00e8que nationale de France, de la British Library, de la Biblioth\u00e8que vaticane... cet ouvrage,\" \/>\n<meta property=\"og:url\" content=\"https:\/\/www.proantic.com\/magazine\/florae-le-temps-des-fleurs\/\" \/>\n<meta property=\"og:site_name\" content=\"Le Magazine de Proantic\" \/>\n<meta property=\"article:publisher\" content=\"https:\/\/www.facebook.com\/pages\/Proantic\/\/259180871793\" \/>\n<meta property=\"article:published_time\" content=\"2021-02-21T10:51:17+00:00\" \/>\n<meta property=\"article:modified_time\" content=\"2021-02-21T10:57:20+00:00\" \/>\n<meta property=\"og:image\" content=\"https:\/\/i0.wp.com\/www.proantic.com\/magazine\/wp-content\/uploads\/2021\/02\/Nouveau-dossier11.jpg?fit=1200%2C714&ssl=1\" \/>\n\t<meta property=\"og:image:width\" content=\"1200\" \/>\n\t<meta property=\"og:image:height\" content=\"714\" \/>\n\t<meta property=\"og:image:type\" content=\"image\/jpeg\" \/>\n<meta name=\"author\" content=\"C\u00e9line Autant\" \/>\n<meta name=\"twitter:label1\" content=\"\u00c9crit par\" \/>\n\t<meta name=\"twitter:data1\" content=\"C\u00e9line Autant\" \/>\n\t<meta name=\"twitter:label2\" content=\"Dur\u00e9e de lecture estim\u00e9e\" \/>\n\t<meta name=\"twitter:data2\" content=\"1 minute\" \/>\n<script type=\"application\/ld+json\" class=\"yoast-schema-graph\">{\"@context\":\"https:\/\/schema.org\",\"@graph\":[{\"@type\":\"Article\",\"@id\":\"https:\/\/www.proantic.com\/magazine\/florae-le-temps-des-fleurs\/#article\",\"isPartOf\":{\"@id\":\"https:\/\/www.proantic.com\/magazine\/florae-le-temps-des-fleurs\/\"},\"author\":{\"name\":\"C\u00e9line Autant\",\"@id\":\"https:\/\/www.proantic.com\/magazine\/#\/schema\/person\/63707e8f4e7d0172de7ddde897688be0\"},\"headline\":\"Florae, le temps des fleurs\",\"datePublished\":\"2021-02-21T10:51:17+00:00\",\"dateModified\":\"2021-02-21T10:57:20+00:00\",\"mainEntityOfPage\":{\"@id\":\"https:\/\/www.proantic.com\/magazine\/florae-le-temps-des-fleurs\/\"},\"wordCount\":258,\"image\":{\"@id\":\"https:\/\/www.proantic.com\/magazine\/florae-le-temps-des-fleurs\/#primaryimage\"},\"thumbnailUrl\":\"https:\/\/i0.wp.com\/www.proantic.com\/magazine\/wp-content\/uploads\/2021\/02\/Nouveau-dossier11.jpg?fit=1200%2C714&ssl=1\",\"articleSection\":[\"Livres d'art\"],\"inLanguage\":\"fr-FR\"},{\"@type\":\"WebPage\",\"@id\":\"https:\/\/www.proantic.com\/magazine\/florae-le-temps-des-fleurs\/\",\"url\":\"https:\/\/www.proantic.com\/magazine\/florae-le-temps-des-fleurs\/\",\"name\":\"Florae, le temps des fleurs Le Magazine de Proantic\",\"isPartOf\":{\"@id\":\"https:\/\/www.proantic.com\/magazine\/#website\"},\"primaryImageOfPage\":{\"@id\":\"https:\/\/www.proantic.com\/magazine\/florae-le-temps-des-fleurs\/#primaryimage\"},\"image\":{\"@id\":\"https:\/\/www.proantic.com\/magazine\/florae-le-temps-des-fleurs\/#primaryimage\"},\"thumbnailUrl\":\"https:\/\/i0.wp.com\/www.proantic.com\/magazine\/wp-content\/uploads\/2021\/02\/Nouveau-dossier11.jpg?fit=1200%2C714&ssl=1\",\"datePublished\":\"2021-02-21T10:51:17+00:00\",\"dateModified\":\"2021-02-21T10:57:20+00:00\",\"author\":{\"@id\":\"https:\/\/www.proantic.com\/magazine\/#\/schema\/person\/63707e8f4e7d0172de7ddde897688be0\"},\"description\":\"Illustr\u00e9 de manuscrits et de livres rares issus de la Biblioth\u00e8que nationale de France, de la British Library, de la Biblioth\u00e8que vaticane... cet ouvrage,\",\"breadcrumb\":{\"@id\":\"https:\/\/www.proantic.com\/magazine\/florae-le-temps-des-fleurs\/#breadcrumb\"},\"inLanguage\":\"fr-FR\",\"potentialAction\":[{\"@type\":\"ReadAction\",\"target\":[\"https:\/\/www.proantic.com\/magazine\/florae-le-temps-des-fleurs\/\"]}]},{\"@type\":\"ImageObject\",\"inLanguage\":\"fr-FR\",\"@id\":\"https:\/\/www.proantic.com\/magazine\/florae-le-temps-des-fleurs\/#primaryimage\",\"url\":\"https:\/\/i0.wp.com\/www.proantic.com\/magazine\/wp-content\/uploads\/2021\/02\/Nouveau-dossier11.jpg?fit=1200%2C714&ssl=1\",\"contentUrl\":\"https:\/\/i0.wp.com\/www.proantic.com\/magazine\/wp-content\/uploads\/2021\/02\/Nouveau-dossier11.jpg?fit=1200%2C714&ssl=1\",\"width\":1200,\"height\":714},{\"@type\":\"BreadcrumbList\",\"@id\":\"https:\/\/www.proantic.com\/magazine\/florae-le-temps-des-fleurs\/#breadcrumb\",\"itemListElement\":[{\"@type\":\"ListItem\",\"position\":1,\"name\":\"Accueil\",\"item\":\"https:\/\/www.proantic.com\/magazine\/\"},{\"@type\":\"ListItem\",\"position\":2,\"name\":\"Florae, le temps des fleurs\"}]},{\"@type\":\"WebSite\",\"@id\":\"https:\/\/www.proantic.com\/magazine\/#website\",\"url\":\"https:\/\/www.proantic.com\/magazine\/\",\"name\":\"Le Magazine de Proantic\",\"description\":\"Magazine d&#039;art et expositions\",\"potentialAction\":[{\"@type\":\"SearchAction\",\"target\":{\"@type\":\"EntryPoint\",\"urlTemplate\":\"https:\/\/www.proantic.com\/magazine\/?s={search_term_string}\"},\"query-input\":{\"@type\":\"PropertyValueSpecification\",\"valueRequired\":true,\"valueName\":\"search_term_string\"}}],\"inLanguage\":\"fr-FR\"},{\"@type\":\"Person\",\"@id\":\"https:\/\/www.proantic.com\/magazine\/#\/schema\/person\/63707e8f4e7d0172de7ddde897688be0\",\"name\":\"C\u00e9line Autant\"}]}<\/script>\n<!-- \/ Yoast SEO plugin. -->","yoast_head_json":{"title":"Florae, le temps des fleurs Le Magazine de Proantic","description":"Illustr\u00e9 de manuscrits et de livres rares issus de la Biblioth\u00e8que nationale de France, de la British Library, de la Biblioth\u00e8que vaticane... cet ouvrage,","robots":{"index":"index","follow":"follow","max-snippet":"max-snippet:-1","max-image-preview":"max-image-preview:large","max-video-preview":"max-video-preview:-1"},"canonical":"https:\/\/www.proantic.com\/magazine\/florae-le-temps-des-fleurs\/","og_locale":"fr_FR","og_type":"article","og_title":"Florae, le temps des fleurs Le Magazine de Proantic","og_description":"Illustr\u00e9 de manuscrits et de livres rares issus de la Biblioth\u00e8que nationale de France, de la British Library, de la Biblioth\u00e8que vaticane... cet ouvrage,","og_url":"https:\/\/www.proantic.com\/magazine\/florae-le-temps-des-fleurs\/","og_site_name":"Le Magazine de Proantic","article_publisher":"https:\/\/www.facebook.com\/pages\/Proantic\/\/259180871793","article_published_time":"2021-02-21T10:51:17+00:00","article_modified_time":"2021-02-21T10:57:20+00:00","og_image":[{"width":1200,"height":714,"url":"https:\/\/i0.wp.com\/www.proantic.com\/magazine\/wp-content\/uploads\/2021\/02\/Nouveau-dossier11.jpg?fit=1200%2C714&ssl=1","type":"image\/jpeg"}],"author":"C\u00e9line Autant","twitter_misc":{"\u00c9crit par":"C\u00e9line Autant","Dur\u00e9e de lecture estim\u00e9e":"1 minute"},"schema":{"@context":"https:\/\/schema.org","@graph":[{"@type":"Article","@id":"https:\/\/www.proantic.com\/magazine\/florae-le-temps-des-fleurs\/#article","isPartOf":{"@id":"https:\/\/www.proantic.com\/magazine\/florae-le-temps-des-fleurs\/"},"author":{"name":"C\u00e9line Autant","@id":"https:\/\/www.proantic.com\/magazine\/#\/schema\/person\/63707e8f4e7d0172de7ddde897688be0"},"headline":"Florae, le temps des fleurs","datePublished":"2021-02-21T10:51:17+00:00","dateModified":"2021-02-21T10:57:20+00:00","mainEntityOfPage":{"@id":"https:\/\/www.proantic.com\/magazine\/florae-le-temps-des-fleurs\/"},"wordCount":258,"image":{"@id":"https:\/\/www.proantic.com\/magazine\/florae-le-temps-des-fleurs\/#primaryimage"},"thumbnailUrl":"https:\/\/i0.wp.com\/www.proantic.com\/magazine\/wp-content\/uploads\/2021\/02\/Nouveau-dossier11.jpg?fit=1200%2C714&ssl=1","articleSection":["Livres d'art"],"inLanguage":"fr-FR"},{"@type":"WebPage","@id":"https:\/\/www.proantic.com\/magazine\/florae-le-temps-des-fleurs\/","url":"https:\/\/www.proantic.com\/magazine\/florae-le-temps-des-fleurs\/","name":"Florae, le temps des fleurs Le Magazine de Proantic","isPartOf":{"@id":"https:\/\/www.proantic.com\/magazine\/#website"},"primaryImageOfPage":{"@id":"https:\/\/www.proantic.com\/magazine\/florae-le-temps-des-fleurs\/#primaryimage"},"image":{"@id":"https:\/\/www.proantic.com\/magazine\/florae-le-temps-des-fleurs\/#primaryimage"},"thumbnailUrl":"https:\/\/i0.wp.com\/www.proantic.com\/magazine\/wp-content\/uploads\/2021\/02\/Nouveau-dossier11.jpg?fit=1200%2C714&ssl=1","datePublished":"2021-02-21T10:51:17+00:00","dateModified":"2021-02-21T10:57:20+00:00","author":{"@id":"https:\/\/www.proantic.com\/magazine\/#\/schema\/person\/63707e8f4e7d0172de7ddde897688be0"},"description":"Illustr\u00e9 de manuscrits et de livres rares issus de la Biblioth\u00e8que nationale de France, de la British Library, de la Biblioth\u00e8que vaticane... cet ouvrage,","breadcrumb":{"@id":"https:\/\/www.proantic.com\/magazine\/florae-le-temps-des-fleurs\/#breadcrumb"},"inLanguage":"fr-FR","potentialAction":[{"@type":"ReadAction","target":["https:\/\/www.proantic.com\/magazine\/florae-le-temps-des-fleurs\/"]}]},{"@type":"ImageObject","inLanguage":"fr-FR","@id":"https:\/\/www.proantic.com\/magazine\/florae-le-temps-des-fleurs\/#primaryimage","url":"https:\/\/i0.wp.com\/www.proantic.com\/magazine\/wp-content\/uploads\/2021\/02\/Nouveau-dossier11.jpg?fit=1200%2C714&ssl=1","contentUrl":"https:\/\/i0.wp.com\/www.proantic.com\/magazine\/wp-content\/uploads\/2021\/02\/Nouveau-dossier11.jpg?fit=1200%2C714&ssl=1","width":1200,"height":714},{"@type":"BreadcrumbList","@id":"https:\/\/www.proantic.com\/magazine\/florae-le-temps-des-fleurs\/#breadcrumb","itemListElement":[{"@type":"ListItem","position":1,"name":"Accueil","item":"https:\/\/www.proantic.com\/magazine\/"},{"@type":"ListItem","position":2,"name":"Florae, le temps des fleurs"}]},{"@type":"WebSite","@id":"https:\/\/www.proantic.com\/magazine\/#website","url":"https:\/\/www.proantic.com\/magazine\/","name":"Le Magazine de Proantic","description":"Magazine d&#039;art et expositions","potentialAction":[{"@type":"SearchAction","target":{"@type":"EntryPoint","urlTemplate":"https:\/\/www.proantic.com\/magazine\/?s={search_term_string}"},"query-input":{"@type":"PropertyValueSpecification","valueRequired":true,"valueName":"search_term_string"}}],"inLanguage":"fr-FR"},{"@type":"Person","@id":"https:\/\/www.proantic.com\/magazine\/#\/schema\/person\/63707e8f4e7d0172de7ddde897688be0","name":"C\u00e9line Autant"}]}},"jetpack_publicize_connections":[],"jetpack_featured_media_url":"https:\/\/i0.wp.com\/www.proantic.com\/magazine\/wp-content\/uploads\/2021\/02\/Nouveau-dossier11.jpg?fit=1200%2C714&ssl=1","jetpack_shortlink":"https:\/\/wp.me\/p7EkP3-3tf","jetpack_sharing_enabled":true,"_links":{"self":[{"href":"https:\/\/www.proantic.com\/magazine\/wp-json\/wp\/v2\/posts\/13345","targetHints":{"allow":["GET"]}}],"collection":[{"href":"https:\/\/www.proantic.com\/magazine\/wp-json\/wp\/v2\/posts"}],"about":[{"href":"https:\/\/www.proantic.com\/magazine\/wp-json\/wp\/v2\/types\/post"}],"author":[{"embeddable":true,"href":"https:\/\/www.proantic.com\/magazine\/wp-json\/wp\/v2\/users\/6"}],"replies":[{"embeddable":true,"href":"https:\/\/www.proantic.com\/magazine\/wp-json\/wp\/v2\/comments?post=13345"}],"version-history":[{"count":2,"href":"https:\/\/www.proantic.com\/magazine\/wp-json\/wp\/v2\/posts\/13345\/revisions"}],"predecessor-version":[{"id":13351,"href":"https:\/\/www.proantic.com\/magazine\/wp-json\/wp\/v2\/posts\/13345\/revisions\/13351"}],"wp:featuredmedia":[{"embeddable":true,"href":"https:\/\/www.proantic.com\/magazine\/wp-json\/wp\/v2\/media\/13364"}],"wp:attachment":[{"href":"https:\/\/www.proantic.com\/magazine\/wp-json\/wp\/v2\/media?parent=13345"}],"wp:term":[{"taxonomy":"category","embeddable":true,"href":"https:\/\/www.proantic.com\/magazine\/wp-json\/wp\/v2\/categories?post=13345"},{"taxonomy":"post_tag","embeddable":true,"href":"https:\/\/www.proantic.com\/magazine\/wp-json\/wp\/v2\/tags?post=13345"}],"curies":[{"name":"wp","href":"https:\/\/api.w.org\/{rel}","templated":true}]}}