{"id":13317,"date":"2021-02-11T10:58:08","date_gmt":"2021-02-11T09:58:08","guid":{"rendered":"https:\/\/www.proantic.com\/magazine\/?p=13317"},"modified":"2021-02-14T14:49:27","modified_gmt":"2021-02-14T13:49:27","slug":"les-azulejos-du-chateau-de-la-mercerie","status":"publish","type":"post","link":"https:\/\/www.proantic.com\/magazine\/les-azulejos-du-chateau-de-la-mercerie\/","title":{"rendered":"Les Azulejos du Ch\u00e2teau de la Mercerie"},"content":{"rendered":"\n<p><strong>Situ\u00e9 sur la commune de Magnac-Lavalette-Villars en Charente\u00a0au sud-est d&rsquo;Angoul\u00eame, le ch\u00e2teau de la Mercerie est construit sur le flanc du Puy de Magnac, butte-t\u00e9moin sur la ligne de partage des eaux entre Charente et Garonne.<\/strong><\/p>\n\n\n\n<p>A l&rsquo;origine compos\u00e9 d&rsquo;un manoir n\u00e9o-gothique de la fin du XIXe si\u00e8cle, il fut acquis en 1924 par les fr\u00e8res Rh\u00e9tor\u00e9, Raymond et Alphonse.<\/p>\n\n\n\n<figure class=\"wp-block-image size-large\"><img data-recalc-dims=\"1\" loading=\"lazy\" decoding=\"async\" width=\"665\" height=\"416\" data-attachment-id=\"13337\" data-permalink=\"https:\/\/www.proantic.com\/magazine\/les-azulejos-du-chateau-de-la-mercerie\/les-azulejos-et-la-facade\/\" data-orig-file=\"https:\/\/i0.wp.com\/www.proantic.com\/magazine\/wp-content\/uploads\/2021\/02\/les-azulejos-et-la-facade.jpg?fit=1000%2C625&amp;ssl=1\" data-orig-size=\"1000,625\" data-comments-opened=\"1\" data-image-meta=\"{&quot;aperture&quot;:&quot;0&quot;,&quot;credit&quot;:&quot;&quot;,&quot;camera&quot;:&quot;&quot;,&quot;caption&quot;:&quot;&quot;,&quot;created_timestamp&quot;:&quot;0&quot;,&quot;copyright&quot;:&quot;&quot;,&quot;focal_length&quot;:&quot;0&quot;,&quot;iso&quot;:&quot;0&quot;,&quot;shutter_speed&quot;:&quot;0&quot;,&quot;title&quot;:&quot;&quot;,&quot;orientation&quot;:&quot;0&quot;}\" data-image-title=\"Les Azulejos du Ch\u00e2teau de la Mercerie\" data-image-description=\"\" data-image-caption=\"\" data-medium-file=\"https:\/\/i0.wp.com\/www.proantic.com\/magazine\/wp-content\/uploads\/2021\/02\/les-azulejos-et-la-facade.jpg?fit=300%2C188&amp;ssl=1\" data-large-file=\"https:\/\/i0.wp.com\/www.proantic.com\/magazine\/wp-content\/uploads\/2021\/02\/les-azulejos-et-la-facade.jpg?fit=665%2C416&amp;ssl=1\" src=\"https:\/\/i0.wp.com\/www.proantic.com\/magazine\/wp-content\/uploads\/2021\/02\/les-azulejos-et-la-facade.jpg?resize=665%2C416&#038;ssl=1\" alt=\"\" class=\"wp-image-13337\" srcset=\"https:\/\/i0.wp.com\/www.proantic.com\/magazine\/wp-content\/uploads\/2021\/02\/les-azulejos-et-la-facade.jpg?w=1000&amp;ssl=1 1000w, https:\/\/i0.wp.com\/www.proantic.com\/magazine\/wp-content\/uploads\/2021\/02\/les-azulejos-et-la-facade.jpg?resize=300%2C188&amp;ssl=1 300w, https:\/\/i0.wp.com\/www.proantic.com\/magazine\/wp-content\/uploads\/2021\/02\/les-azulejos-et-la-facade.jpg?resize=768%2C480&amp;ssl=1 768w, https:\/\/i0.wp.com\/www.proantic.com\/magazine\/wp-content\/uploads\/2021\/02\/les-azulejos-et-la-facade.jpg?resize=180%2C113&amp;ssl=1 180w\" sizes=\"auto, (max-width: 665px) 100vw, 665px\" \/><\/figure>\n\n\n\n<p>Agrandi au&nbsp;xx<sup>e<\/sup>&nbsp;si\u00e8cle dans un style classique Renaissance italienne par la volont\u00e9 de deux hommes les fr\u00e8res R\u00e9thor\u00e9 mais jamais achev\u00e9, il est surnomm\u00e9 le&nbsp;<em>Versailles charentais<\/em>.<\/p>\n\n\n\n<figure class=\"wp-block-image size-large\"><img data-recalc-dims=\"1\" loading=\"lazy\" decoding=\"async\" width=\"665\" height=\"500\" data-attachment-id=\"13329\" data-permalink=\"https:\/\/www.proantic.com\/magazine\/les-azulejos-du-chateau-de-la-mercerie\/jkjui-6\/\" data-orig-file=\"https:\/\/i0.wp.com\/www.proantic.com\/magazine\/wp-content\/uploads\/2021\/02\/jkjui.jpg?fit=796%2C598&amp;ssl=1\" data-orig-size=\"796,598\" data-comments-opened=\"1\" data-image-meta=\"{&quot;aperture&quot;:&quot;0&quot;,&quot;credit&quot;:&quot;celine&quot;,&quot;camera&quot;:&quot;&quot;,&quot;caption&quot;:&quot;&quot;,&quot;created_timestamp&quot;:&quot;1612875744&quot;,&quot;copyright&quot;:&quot;&quot;,&quot;focal_length&quot;:&quot;0&quot;,&quot;iso&quot;:&quot;0&quot;,&quot;shutter_speed&quot;:&quot;0&quot;,&quot;title&quot;:&quot;&quot;,&quot;orientation&quot;:&quot;0&quot;}\" data-image-title=\"Les Azulejos du Ch\u00e2teau de la Mercerie\" data-image-description=\"\" data-image-caption=\"&lt;p&gt;Les Azulejos du Ch\u00e2teau de la Mercerie&lt;\/p&gt;\n\" data-medium-file=\"https:\/\/i0.wp.com\/www.proantic.com\/magazine\/wp-content\/uploads\/2021\/02\/jkjui.jpg?fit=300%2C225&amp;ssl=1\" data-large-file=\"https:\/\/i0.wp.com\/www.proantic.com\/magazine\/wp-content\/uploads\/2021\/02\/jkjui.jpg?fit=665%2C500&amp;ssl=1\" src=\"https:\/\/i0.wp.com\/www.proantic.com\/magazine\/wp-content\/uploads\/2021\/02\/jkjui.jpg?resize=665%2C500&#038;ssl=1\" alt=\"\" class=\"wp-image-13329\" srcset=\"https:\/\/i0.wp.com\/www.proantic.com\/magazine\/wp-content\/uploads\/2021\/02\/jkjui.jpg?w=796&amp;ssl=1 796w, https:\/\/i0.wp.com\/www.proantic.com\/magazine\/wp-content\/uploads\/2021\/02\/jkjui.jpg?resize=300%2C225&amp;ssl=1 300w, https:\/\/i0.wp.com\/www.proantic.com\/magazine\/wp-content\/uploads\/2021\/02\/jkjui.jpg?resize=768%2C577&amp;ssl=1 768w, https:\/\/i0.wp.com\/www.proantic.com\/magazine\/wp-content\/uploads\/2021\/02\/jkjui.jpg?resize=180%2C135&amp;ssl=1 180w\" sizes=\"auto, (max-width: 665px) 100vw, 665px\" \/><figcaption>Les Azulejos du Ch\u00e2teau de la Mercerie<\/figcaption><\/figure>\n\n\n\n<p>&nbsp;Toutefois, jamais la renomm\u00e9e de la Mercerie n\u2019aurait d\u00e9pass\u00e9 les fronti\u00e8res charentaises si les R\u00e9thor\u00e9 n\u2019avaient b\u00e2ti la plus belle collection de France d\u2019azulejos install\u00e9s dans les ann\u00e9es&nbsp;1960<\/p>\n\n\n\n<div class=\"wp-block-image\"><figure class=\"aligncenter size-large\"><img data-recalc-dims=\"1\" loading=\"lazy\" decoding=\"async\" width=\"550\" height=\"413\" data-attachment-id=\"13336\" data-permalink=\"https:\/\/www.proantic.com\/magazine\/les-azulejos-du-chateau-de-la-mercerie\/la-grande-galerie-dite\/\" data-orig-file=\"https:\/\/i0.wp.com\/www.proantic.com\/magazine\/wp-content\/uploads\/2021\/02\/la-grande-galerie-dite.jpg?fit=550%2C413&amp;ssl=1\" data-orig-size=\"550,413\" data-comments-opened=\"1\" data-image-meta=\"{&quot;aperture&quot;:&quot;0&quot;,&quot;credit&quot;:&quot;&quot;,&quot;camera&quot;:&quot;&quot;,&quot;caption&quot;:&quot;&quot;,&quot;created_timestamp&quot;:&quot;0&quot;,&quot;copyright&quot;:&quot;&quot;,&quot;focal_length&quot;:&quot;0&quot;,&quot;iso&quot;:&quot;0&quot;,&quot;shutter_speed&quot;:&quot;0&quot;,&quot;title&quot;:&quot;&quot;,&quot;orientation&quot;:&quot;0&quot;}\" data-image-title=\"Les Azulejos du Ch\u00e2teau de la Mercerie\" data-image-description=\"\" data-image-caption=\"\" data-medium-file=\"https:\/\/i0.wp.com\/www.proantic.com\/magazine\/wp-content\/uploads\/2021\/02\/la-grande-galerie-dite.jpg?fit=300%2C225&amp;ssl=1\" data-large-file=\"https:\/\/i0.wp.com\/www.proantic.com\/magazine\/wp-content\/uploads\/2021\/02\/la-grande-galerie-dite.jpg?fit=550%2C413&amp;ssl=1\" src=\"https:\/\/i0.wp.com\/www.proantic.com\/magazine\/wp-content\/uploads\/2021\/02\/la-grande-galerie-dite.jpg?resize=550%2C413&#038;ssl=1\" alt=\"\" class=\"wp-image-13336\" srcset=\"https:\/\/i0.wp.com\/www.proantic.com\/magazine\/wp-content\/uploads\/2021\/02\/la-grande-galerie-dite.jpg?w=550&amp;ssl=1 550w, https:\/\/i0.wp.com\/www.proantic.com\/magazine\/wp-content\/uploads\/2021\/02\/la-grande-galerie-dite.jpg?resize=300%2C225&amp;ssl=1 300w, https:\/\/i0.wp.com\/www.proantic.com\/magazine\/wp-content\/uploads\/2021\/02\/la-grande-galerie-dite.jpg?resize=180%2C135&amp;ssl=1 180w\" sizes=\"auto, (max-width: 550px) 100vw, 550px\" \/><\/figure><\/div>\n\n\n\n<p>D\u00e8s l&rsquo;entr\u00e9e, le regard du visiteur se perd dans l&rsquo;immensit\u00e9 bleue de ces fa\u00efenceries venues tout droit du Portugal, une commande sp\u00e9ciale pass\u00e9e par Raymond R\u00e9thor\u00e9 \u00e0 Louren\u00e7o Limas dont la fabrique \u00ab\u00a0Aleluia\u00a0\u00bb se situait \u00e0 Aveiro. <\/p>\n\n\n\n<figure class=\"wp-block-image size-large\"><img data-recalc-dims=\"1\" loading=\"lazy\" decoding=\"async\" width=\"635\" height=\"600\" data-attachment-id=\"13331\" data-permalink=\"https:\/\/www.proantic.com\/magazine\/les-azulejos-du-chateau-de-la-mercerie\/nbgyu\/\" data-orig-file=\"https:\/\/i0.wp.com\/www.proantic.com\/magazine\/wp-content\/uploads\/2021\/02\/nbgyu.jpg?fit=635%2C600&amp;ssl=1\" data-orig-size=\"635,600\" data-comments-opened=\"1\" data-image-meta=\"{&quot;aperture&quot;:&quot;0&quot;,&quot;credit&quot;:&quot;celine&quot;,&quot;camera&quot;:&quot;&quot;,&quot;caption&quot;:&quot;&quot;,&quot;created_timestamp&quot;:&quot;1612875893&quot;,&quot;copyright&quot;:&quot;&quot;,&quot;focal_length&quot;:&quot;0&quot;,&quot;iso&quot;:&quot;0&quot;,&quot;shutter_speed&quot;:&quot;0&quot;,&quot;title&quot;:&quot;&quot;,&quot;orientation&quot;:&quot;0&quot;}\" data-image-title=\"Les Azulejos du Ch\u00e2teau de la Mercerie\" data-image-description=\"\" data-image-caption=\"\" data-medium-file=\"https:\/\/i0.wp.com\/www.proantic.com\/magazine\/wp-content\/uploads\/2021\/02\/nbgyu.jpg?fit=300%2C283&amp;ssl=1\" data-large-file=\"https:\/\/i0.wp.com\/www.proantic.com\/magazine\/wp-content\/uploads\/2021\/02\/nbgyu.jpg?fit=635%2C600&amp;ssl=1\" src=\"https:\/\/i0.wp.com\/www.proantic.com\/magazine\/wp-content\/uploads\/2021\/02\/nbgyu.jpg?resize=635%2C600&#038;ssl=1\" alt=\"\" class=\"wp-image-13331\" srcset=\"https:\/\/i0.wp.com\/www.proantic.com\/magazine\/wp-content\/uploads\/2021\/02\/nbgyu.jpg?w=635&amp;ssl=1 635w, https:\/\/i0.wp.com\/www.proantic.com\/magazine\/wp-content\/uploads\/2021\/02\/nbgyu.jpg?resize=300%2C283&amp;ssl=1 300w, https:\/\/i0.wp.com\/www.proantic.com\/magazine\/wp-content\/uploads\/2021\/02\/nbgyu.jpg?resize=180%2C170&amp;ssl=1 180w\" sizes=\"auto, (max-width: 635px) 100vw, 635px\" \/><\/figure>\n\n\n\n<p>La collection priv\u00e9e du ch\u00e2teau, unique en France, suscite l&rsquo;\u00e9tonnement puis l&rsquo;\u00e9merveillement\u00a0provoqu\u00e9s par \u00a0ces trente-deux panneaux dont la plupart mesurent\u00a0\u00a0 6 m\u00e8tres de haut pour une largeur de 2,60 m\u00e8tres.\u00a0<\/p>\n\n\n\n<div class=\"wp-block-image\"><figure class=\"aligncenter size-large\"><img data-recalc-dims=\"1\" loading=\"lazy\" decoding=\"async\" width=\"512\" height=\"384\" data-attachment-id=\"13332\" data-permalink=\"https:\/\/www.proantic.com\/magazine\/les-azulejos-du-chateau-de-la-mercerie\/unnamed-11\/\" data-orig-file=\"https:\/\/i0.wp.com\/www.proantic.com\/magazine\/wp-content\/uploads\/2021\/02\/unnamed.jpg?fit=512%2C384&amp;ssl=1\" data-orig-size=\"512,384\" data-comments-opened=\"1\" data-image-meta=\"{&quot;aperture&quot;:&quot;0&quot;,&quot;credit&quot;:&quot;&quot;,&quot;camera&quot;:&quot;&quot;,&quot;caption&quot;:&quot;&quot;,&quot;created_timestamp&quot;:&quot;0&quot;,&quot;copyright&quot;:&quot;&quot;,&quot;focal_length&quot;:&quot;0&quot;,&quot;iso&quot;:&quot;0&quot;,&quot;shutter_speed&quot;:&quot;0&quot;,&quot;title&quot;:&quot;&quot;,&quot;orientation&quot;:&quot;0&quot;}\" data-image-title=\"Les Azulejos du Ch\u00e2teau de la Mercerie\" data-image-description=\"\" data-image-caption=\"\" data-medium-file=\"https:\/\/i0.wp.com\/www.proantic.com\/magazine\/wp-content\/uploads\/2021\/02\/unnamed.jpg?fit=300%2C225&amp;ssl=1\" data-large-file=\"https:\/\/i0.wp.com\/www.proantic.com\/magazine\/wp-content\/uploads\/2021\/02\/unnamed.jpg?fit=512%2C384&amp;ssl=1\" src=\"https:\/\/i0.wp.com\/www.proantic.com\/magazine\/wp-content\/uploads\/2021\/02\/unnamed.jpg?resize=512%2C384&#038;ssl=1\" alt=\"\" class=\"wp-image-13332\" srcset=\"https:\/\/i0.wp.com\/www.proantic.com\/magazine\/wp-content\/uploads\/2021\/02\/unnamed.jpg?w=512&amp;ssl=1 512w, https:\/\/i0.wp.com\/www.proantic.com\/magazine\/wp-content\/uploads\/2021\/02\/unnamed.jpg?resize=300%2C225&amp;ssl=1 300w, https:\/\/i0.wp.com\/www.proantic.com\/magazine\/wp-content\/uploads\/2021\/02\/unnamed.jpg?resize=180%2C135&amp;ssl=1 180w\" sizes=\"auto, (max-width: 512px) 100vw, 512px\" \/><\/figure><\/div>\n\n\n\n<p>ils repr\u00e9sentent dans un cama\u00efeu de bleu des paysages et marines Hubert Robert,\u00a0Claude Gell\u00e9e dit \u00ab\u00a0Le Lorrain\u00a0\u00bb, Nicolas Fouche ou Egon Van Der Neer, les \u0153uvres de Joseph Vernet quant \u00e0 elles \u00e9tant les plus nombreuses\u00a0 puisque l&rsquo;on peut en admirer une douzaine\u00a0 dans la salle \u00e9ponyme.<\/p>\n\n\n\n<p>Une autre curiosit\u00e9: l&rsquo;Azulejos polychrome qui repr\u00e9sente \u00ab\u00a0<em>Suzanne et les vieillards\u00a0\u00bb (<\/em>ou\u00a0<em>Suzanne au bain\u00a0\u00bb)\u00a0<\/em>de Peter Paul Rubens que l&rsquo;on peut admirer dans le Vestibule.<\/p>\n\n\n\n<figure class=\"wp-block-image size-large\"><img data-recalc-dims=\"1\" loading=\"lazy\" decoding=\"async\" width=\"665\" height=\"497\" data-attachment-id=\"13334\" data-permalink=\"https:\/\/www.proantic.com\/magazine\/les-azulejos-du-chateau-de-la-mercerie\/jret\/\" data-orig-file=\"https:\/\/i0.wp.com\/www.proantic.com\/magazine\/wp-content\/uploads\/2021\/02\/jret.jpg?fit=794%2C593&amp;ssl=1\" data-orig-size=\"794,593\" data-comments-opened=\"1\" data-image-meta=\"{&quot;aperture&quot;:&quot;0&quot;,&quot;credit&quot;:&quot;celine&quot;,&quot;camera&quot;:&quot;&quot;,&quot;caption&quot;:&quot;&quot;,&quot;created_timestamp&quot;:&quot;1612875790&quot;,&quot;copyright&quot;:&quot;&quot;,&quot;focal_length&quot;:&quot;0&quot;,&quot;iso&quot;:&quot;0&quot;,&quot;shutter_speed&quot;:&quot;0&quot;,&quot;title&quot;:&quot;&quot;,&quot;orientation&quot;:&quot;0&quot;}\" data-image-title=\"Les Azulejos du Ch\u00e2teau de la Mercerie\" data-image-description=\"\" data-image-caption=\"\" data-medium-file=\"https:\/\/i0.wp.com\/www.proantic.com\/magazine\/wp-content\/uploads\/2021\/02\/jret.jpg?fit=300%2C224&amp;ssl=1\" data-large-file=\"https:\/\/i0.wp.com\/www.proantic.com\/magazine\/wp-content\/uploads\/2021\/02\/jret.jpg?fit=665%2C497&amp;ssl=1\" src=\"https:\/\/i0.wp.com\/www.proantic.com\/magazine\/wp-content\/uploads\/2021\/02\/jret.jpg?resize=665%2C497&#038;ssl=1\" alt=\"\" class=\"wp-image-13334\" srcset=\"https:\/\/i0.wp.com\/www.proantic.com\/magazine\/wp-content\/uploads\/2021\/02\/jret.jpg?w=794&amp;ssl=1 794w, https:\/\/i0.wp.com\/www.proantic.com\/magazine\/wp-content\/uploads\/2021\/02\/jret.jpg?resize=300%2C224&amp;ssl=1 300w, https:\/\/i0.wp.com\/www.proantic.com\/magazine\/wp-content\/uploads\/2021\/02\/jret.jpg?resize=768%2C574&amp;ssl=1 768w, https:\/\/i0.wp.com\/www.proantic.com\/magazine\/wp-content\/uploads\/2021\/02\/jret.jpg?resize=180%2C134&amp;ssl=1 180w\" sizes=\"auto, (max-width: 665px) 100vw, 665px\" \/><\/figure>\n\n\n\n<p class=\"has-text-color has-vivid-red-color\">En savoir plus:<\/p>\n\n\n\n<p><a href=\"http:\/\/www.chateaudelamercerie.fr\/\">Le ch\u00e2teau de la Mercerie<\/a><\/p>\n\n\n\n<p><\/p>\n","protected":false},"excerpt":{"rendered":"<p>Situ\u00e9 sur la commune de Magnac-Lavalette-Villars en Charente\u00a0au sud-est d&rsquo;Angoul\u00eame, le ch\u00e2teau de la Mercerie est construit sur le flanc du Puy de Magnac, butte-t\u00e9moin sur la ligne de partage des eaux entre Charente et Garonne. A l&rsquo;origine compos\u00e9 d&rsquo;un manoir n\u00e9o-gothique de la fin du XIXe si\u00e8cle, il fut acquis en 1924 par les [&hellip;]<\/p>\n","protected":false},"author":6,"featured_media":13335,"comment_status":"closed","ping_status":"open","sticky":false,"template":"","format":"standard","meta":{"jetpack_post_was_ever_published":false,"_jetpack_newsletter_access":"","_jetpack_dont_email_post_to_subs":false,"_jetpack_newsletter_tier_id":0,"_jetpack_memberships_contains_paywalled_content":false,"_jetpack_memberships_contains_paid_content":false,"footnotes":"","jetpack_publicize_message":"","jetpack_publicize_feature_enabled":true,"jetpack_social_post_already_shared":true,"jetpack_social_options":{"image_generator_settings":{"template":"highway","default_image_id":0,"font":"","enabled":false},"version":2}},"categories":[18],"tags":[],"class_list":["post-13317","post","type-post","status-publish","format-standard","has-post-thumbnail","hentry","category-patrimoine-musee"],"yoast_head":"<!-- This site is optimized with the Yoast SEO plugin v26.9 - https:\/\/yoast.com\/product\/yoast-seo-wordpress\/ -->\n<title>Les Azulejos du Ch\u00e2teau de la Mercerie Le Magazine de Proantic<\/title>\n<meta name=\"description\" content=\"Situ\u00e9 sur la commune de Magnac-Lavalette-Villars en Charente\u00a0au sud-est d&#039;Angoul\u00eame, le ch\u00e2teau de la Mercerie est construit sur le flanc du Puy de\" \/>\n<meta name=\"robots\" content=\"index, follow, max-snippet:-1, max-image-preview:large, max-video-preview:-1\" \/>\n<link rel=\"canonical\" href=\"https:\/\/www.proantic.com\/magazine\/les-azulejos-du-chateau-de-la-mercerie\/\" \/>\n<meta property=\"og:locale\" content=\"fr_FR\" \/>\n<meta property=\"og:type\" content=\"article\" \/>\n<meta property=\"og:title\" content=\"Les Azulejos du Ch\u00e2teau de la Mercerie Le Magazine de Proantic\" \/>\n<meta property=\"og:description\" content=\"Situ\u00e9 sur la commune de Magnac-Lavalette-Villars en Charente\u00a0au sud-est d&#039;Angoul\u00eame, le ch\u00e2teau de la Mercerie est construit sur le flanc du Puy de\" \/>\n<meta property=\"og:url\" content=\"https:\/\/www.proantic.com\/magazine\/les-azulejos-du-chateau-de-la-mercerie\/\" \/>\n<meta property=\"og:site_name\" content=\"Le Magazine de Proantic\" \/>\n<meta property=\"article:publisher\" content=\"https:\/\/www.facebook.com\/pages\/Proantic\/\/259180871793\" \/>\n<meta property=\"article:published_time\" content=\"2021-02-11T09:58:08+00:00\" \/>\n<meta property=\"article:modified_time\" content=\"2021-02-14T13:49:27+00:00\" \/>\n<meta property=\"og:image\" content=\"https:\/\/i0.wp.com\/www.proantic.com\/magazine\/wp-content\/uploads\/2021\/02\/66226.jpg?fit=1011%2C569&ssl=1\" \/>\n\t<meta property=\"og:image:width\" content=\"1011\" \/>\n\t<meta property=\"og:image:height\" content=\"569\" \/>\n\t<meta property=\"og:image:type\" content=\"image\/jpeg\" \/>\n<meta name=\"author\" content=\"C\u00e9line Autant\" \/>\n<meta name=\"twitter:label1\" content=\"\u00c9crit par\" \/>\n\t<meta name=\"twitter:data1\" content=\"C\u00e9line Autant\" \/>\n\t<meta name=\"twitter:label2\" content=\"Dur\u00e9e de lecture estim\u00e9e\" \/>\n\t<meta name=\"twitter:data2\" content=\"2 minutes\" \/>\n<script type=\"application\/ld+json\" class=\"yoast-schema-graph\">{\"@context\":\"https:\/\/schema.org\",\"@graph\":[{\"@type\":\"Article\",\"@id\":\"https:\/\/www.proantic.com\/magazine\/les-azulejos-du-chateau-de-la-mercerie\/#article\",\"isPartOf\":{\"@id\":\"https:\/\/www.proantic.com\/magazine\/les-azulejos-du-chateau-de-la-mercerie\/\"},\"author\":{\"name\":\"C\u00e9line Autant\",\"@id\":\"https:\/\/www.proantic.com\/magazine\/#\/schema\/person\/63707e8f4e7d0172de7ddde897688be0\"},\"headline\":\"Les Azulejos du Ch\u00e2teau de la Mercerie\",\"datePublished\":\"2021-02-11T09:58:08+00:00\",\"dateModified\":\"2021-02-14T13:49:27+00:00\",\"mainEntityOfPage\":{\"@id\":\"https:\/\/www.proantic.com\/magazine\/les-azulejos-du-chateau-de-la-mercerie\/\"},\"wordCount\":329,\"image\":{\"@id\":\"https:\/\/www.proantic.com\/magazine\/les-azulejos-du-chateau-de-la-mercerie\/#primaryimage\"},\"thumbnailUrl\":\"https:\/\/i0.wp.com\/www.proantic.com\/magazine\/wp-content\/uploads\/2021\/02\/66226.jpg?fit=1011%2C569&ssl=1\",\"articleSection\":[\"Patrimoine, Mus\u00e9es\"],\"inLanguage\":\"fr-FR\"},{\"@type\":\"WebPage\",\"@id\":\"https:\/\/www.proantic.com\/magazine\/les-azulejos-du-chateau-de-la-mercerie\/\",\"url\":\"https:\/\/www.proantic.com\/magazine\/les-azulejos-du-chateau-de-la-mercerie\/\",\"name\":\"Les Azulejos du Ch\u00e2teau de la Mercerie Le Magazine de Proantic\",\"isPartOf\":{\"@id\":\"https:\/\/www.proantic.com\/magazine\/#website\"},\"primaryImageOfPage\":{\"@id\":\"https:\/\/www.proantic.com\/magazine\/les-azulejos-du-chateau-de-la-mercerie\/#primaryimage\"},\"image\":{\"@id\":\"https:\/\/www.proantic.com\/magazine\/les-azulejos-du-chateau-de-la-mercerie\/#primaryimage\"},\"thumbnailUrl\":\"https:\/\/i0.wp.com\/www.proantic.com\/magazine\/wp-content\/uploads\/2021\/02\/66226.jpg?fit=1011%2C569&ssl=1\",\"datePublished\":\"2021-02-11T09:58:08+00:00\",\"dateModified\":\"2021-02-14T13:49:27+00:00\",\"author\":{\"@id\":\"https:\/\/www.proantic.com\/magazine\/#\/schema\/person\/63707e8f4e7d0172de7ddde897688be0\"},\"description\":\"Situ\u00e9 sur la commune de Magnac-Lavalette-Villars en Charente\u00a0au sud-est d'Angoul\u00eame, le ch\u00e2teau de la Mercerie est construit sur le flanc du Puy de\",\"breadcrumb\":{\"@id\":\"https:\/\/www.proantic.com\/magazine\/les-azulejos-du-chateau-de-la-mercerie\/#breadcrumb\"},\"inLanguage\":\"fr-FR\",\"potentialAction\":[{\"@type\":\"ReadAction\",\"target\":[\"https:\/\/www.proantic.com\/magazine\/les-azulejos-du-chateau-de-la-mercerie\/\"]}]},{\"@type\":\"ImageObject\",\"inLanguage\":\"fr-FR\",\"@id\":\"https:\/\/www.proantic.com\/magazine\/les-azulejos-du-chateau-de-la-mercerie\/#primaryimage\",\"url\":\"https:\/\/i0.wp.com\/www.proantic.com\/magazine\/wp-content\/uploads\/2021\/02\/66226.jpg?fit=1011%2C569&ssl=1\",\"contentUrl\":\"https:\/\/i0.wp.com\/www.proantic.com\/magazine\/wp-content\/uploads\/2021\/02\/66226.jpg?fit=1011%2C569&ssl=1\",\"width\":1011,\"height\":569},{\"@type\":\"BreadcrumbList\",\"@id\":\"https:\/\/www.proantic.com\/magazine\/les-azulejos-du-chateau-de-la-mercerie\/#breadcrumb\",\"itemListElement\":[{\"@type\":\"ListItem\",\"position\":1,\"name\":\"Accueil\",\"item\":\"https:\/\/www.proantic.com\/magazine\/\"},{\"@type\":\"ListItem\",\"position\":2,\"name\":\"Les Azulejos du Ch\u00e2teau de la Mercerie\"}]},{\"@type\":\"WebSite\",\"@id\":\"https:\/\/www.proantic.com\/magazine\/#website\",\"url\":\"https:\/\/www.proantic.com\/magazine\/\",\"name\":\"Le Magazine de Proantic\",\"description\":\"Magazine d&#039;art et expositions\",\"potentialAction\":[{\"@type\":\"SearchAction\",\"target\":{\"@type\":\"EntryPoint\",\"urlTemplate\":\"https:\/\/www.proantic.com\/magazine\/?s={search_term_string}\"},\"query-input\":{\"@type\":\"PropertyValueSpecification\",\"valueRequired\":true,\"valueName\":\"search_term_string\"}}],\"inLanguage\":\"fr-FR\"},{\"@type\":\"Person\",\"@id\":\"https:\/\/www.proantic.com\/magazine\/#\/schema\/person\/63707e8f4e7d0172de7ddde897688be0\",\"name\":\"C\u00e9line Autant\"}]}<\/script>\n<!-- \/ Yoast SEO plugin. -->","yoast_head_json":{"title":"Les Azulejos du Ch\u00e2teau de la Mercerie Le Magazine de Proantic","description":"Situ\u00e9 sur la commune de Magnac-Lavalette-Villars en Charente\u00a0au sud-est d'Angoul\u00eame, le ch\u00e2teau de la Mercerie est construit sur le flanc du Puy de","robots":{"index":"index","follow":"follow","max-snippet":"max-snippet:-1","max-image-preview":"max-image-preview:large","max-video-preview":"max-video-preview:-1"},"canonical":"https:\/\/www.proantic.com\/magazine\/les-azulejos-du-chateau-de-la-mercerie\/","og_locale":"fr_FR","og_type":"article","og_title":"Les Azulejos du Ch\u00e2teau de la Mercerie Le Magazine de Proantic","og_description":"Situ\u00e9 sur la commune de Magnac-Lavalette-Villars en Charente\u00a0au sud-est d'Angoul\u00eame, le ch\u00e2teau de la Mercerie est construit sur le flanc du Puy de","og_url":"https:\/\/www.proantic.com\/magazine\/les-azulejos-du-chateau-de-la-mercerie\/","og_site_name":"Le Magazine de Proantic","article_publisher":"https:\/\/www.facebook.com\/pages\/Proantic\/\/259180871793","article_published_time":"2021-02-11T09:58:08+00:00","article_modified_time":"2021-02-14T13:49:27+00:00","og_image":[{"width":1011,"height":569,"url":"https:\/\/i0.wp.com\/www.proantic.com\/magazine\/wp-content\/uploads\/2021\/02\/66226.jpg?fit=1011%2C569&ssl=1","type":"image\/jpeg"}],"author":"C\u00e9line Autant","twitter_misc":{"\u00c9crit par":"C\u00e9line Autant","Dur\u00e9e de lecture estim\u00e9e":"2 minutes"},"schema":{"@context":"https:\/\/schema.org","@graph":[{"@type":"Article","@id":"https:\/\/www.proantic.com\/magazine\/les-azulejos-du-chateau-de-la-mercerie\/#article","isPartOf":{"@id":"https:\/\/www.proantic.com\/magazine\/les-azulejos-du-chateau-de-la-mercerie\/"},"author":{"name":"C\u00e9line Autant","@id":"https:\/\/www.proantic.com\/magazine\/#\/schema\/person\/63707e8f4e7d0172de7ddde897688be0"},"headline":"Les Azulejos du Ch\u00e2teau de la Mercerie","datePublished":"2021-02-11T09:58:08+00:00","dateModified":"2021-02-14T13:49:27+00:00","mainEntityOfPage":{"@id":"https:\/\/www.proantic.com\/magazine\/les-azulejos-du-chateau-de-la-mercerie\/"},"wordCount":329,"image":{"@id":"https:\/\/www.proantic.com\/magazine\/les-azulejos-du-chateau-de-la-mercerie\/#primaryimage"},"thumbnailUrl":"https:\/\/i0.wp.com\/www.proantic.com\/magazine\/wp-content\/uploads\/2021\/02\/66226.jpg?fit=1011%2C569&ssl=1","articleSection":["Patrimoine, Mus\u00e9es"],"inLanguage":"fr-FR"},{"@type":"WebPage","@id":"https:\/\/www.proantic.com\/magazine\/les-azulejos-du-chateau-de-la-mercerie\/","url":"https:\/\/www.proantic.com\/magazine\/les-azulejos-du-chateau-de-la-mercerie\/","name":"Les Azulejos du Ch\u00e2teau de la Mercerie Le Magazine de Proantic","isPartOf":{"@id":"https:\/\/www.proantic.com\/magazine\/#website"},"primaryImageOfPage":{"@id":"https:\/\/www.proantic.com\/magazine\/les-azulejos-du-chateau-de-la-mercerie\/#primaryimage"},"image":{"@id":"https:\/\/www.proantic.com\/magazine\/les-azulejos-du-chateau-de-la-mercerie\/#primaryimage"},"thumbnailUrl":"https:\/\/i0.wp.com\/www.proantic.com\/magazine\/wp-content\/uploads\/2021\/02\/66226.jpg?fit=1011%2C569&ssl=1","datePublished":"2021-02-11T09:58:08+00:00","dateModified":"2021-02-14T13:49:27+00:00","author":{"@id":"https:\/\/www.proantic.com\/magazine\/#\/schema\/person\/63707e8f4e7d0172de7ddde897688be0"},"description":"Situ\u00e9 sur la commune de Magnac-Lavalette-Villars en Charente\u00a0au sud-est d'Angoul\u00eame, le ch\u00e2teau de la Mercerie est construit sur le flanc du Puy de","breadcrumb":{"@id":"https:\/\/www.proantic.com\/magazine\/les-azulejos-du-chateau-de-la-mercerie\/#breadcrumb"},"inLanguage":"fr-FR","potentialAction":[{"@type":"ReadAction","target":["https:\/\/www.proantic.com\/magazine\/les-azulejos-du-chateau-de-la-mercerie\/"]}]},{"@type":"ImageObject","inLanguage":"fr-FR","@id":"https:\/\/www.proantic.com\/magazine\/les-azulejos-du-chateau-de-la-mercerie\/#primaryimage","url":"https:\/\/i0.wp.com\/www.proantic.com\/magazine\/wp-content\/uploads\/2021\/02\/66226.jpg?fit=1011%2C569&ssl=1","contentUrl":"https:\/\/i0.wp.com\/www.proantic.com\/magazine\/wp-content\/uploads\/2021\/02\/66226.jpg?fit=1011%2C569&ssl=1","width":1011,"height":569},{"@type":"BreadcrumbList","@id":"https:\/\/www.proantic.com\/magazine\/les-azulejos-du-chateau-de-la-mercerie\/#breadcrumb","itemListElement":[{"@type":"ListItem","position":1,"name":"Accueil","item":"https:\/\/www.proantic.com\/magazine\/"},{"@type":"ListItem","position":2,"name":"Les Azulejos du Ch\u00e2teau de la Mercerie"}]},{"@type":"WebSite","@id":"https:\/\/www.proantic.com\/magazine\/#website","url":"https:\/\/www.proantic.com\/magazine\/","name":"Le Magazine de Proantic","description":"Magazine d&#039;art et expositions","potentialAction":[{"@type":"SearchAction","target":{"@type":"EntryPoint","urlTemplate":"https:\/\/www.proantic.com\/magazine\/?s={search_term_string}"},"query-input":{"@type":"PropertyValueSpecification","valueRequired":true,"valueName":"search_term_string"}}],"inLanguage":"fr-FR"},{"@type":"Person","@id":"https:\/\/www.proantic.com\/magazine\/#\/schema\/person\/63707e8f4e7d0172de7ddde897688be0","name":"C\u00e9line Autant"}]}},"jetpack_publicize_connections":[],"jetpack_featured_media_url":"https:\/\/i0.wp.com\/www.proantic.com\/magazine\/wp-content\/uploads\/2021\/02\/66226.jpg?fit=1011%2C569&ssl=1","jetpack_shortlink":"https:\/\/wp.me\/p7EkP3-3sN","jetpack_sharing_enabled":true,"_links":{"self":[{"href":"https:\/\/www.proantic.com\/magazine\/wp-json\/wp\/v2\/posts\/13317","targetHints":{"allow":["GET"]}}],"collection":[{"href":"https:\/\/www.proantic.com\/magazine\/wp-json\/wp\/v2\/posts"}],"about":[{"href":"https:\/\/www.proantic.com\/magazine\/wp-json\/wp\/v2\/types\/post"}],"author":[{"embeddable":true,"href":"https:\/\/www.proantic.com\/magazine\/wp-json\/wp\/v2\/users\/6"}],"replies":[{"embeddable":true,"href":"https:\/\/www.proantic.com\/magazine\/wp-json\/wp\/v2\/comments?post=13317"}],"version-history":[{"count":8,"href":"https:\/\/www.proantic.com\/magazine\/wp-json\/wp\/v2\/posts\/13317\/revisions"}],"predecessor-version":[{"id":13343,"href":"https:\/\/www.proantic.com\/magazine\/wp-json\/wp\/v2\/posts\/13317\/revisions\/13343"}],"wp:featuredmedia":[{"embeddable":true,"href":"https:\/\/www.proantic.com\/magazine\/wp-json\/wp\/v2\/media\/13335"}],"wp:attachment":[{"href":"https:\/\/www.proantic.com\/magazine\/wp-json\/wp\/v2\/media?parent=13317"}],"wp:term":[{"taxonomy":"category","embeddable":true,"href":"https:\/\/www.proantic.com\/magazine\/wp-json\/wp\/v2\/categories?post=13317"},{"taxonomy":"post_tag","embeddable":true,"href":"https:\/\/www.proantic.com\/magazine\/wp-json\/wp\/v2\/tags?post=13317"}],"curies":[{"name":"wp","href":"https:\/\/api.w.org\/{rel}","templated":true}]}}