{"id":11291,"date":"2019-09-15T13:51:17","date_gmt":"2019-09-15T12:51:17","guid":{"rendered":"http:\/\/www.proantic.com\/magazine\/?p=11291"},"modified":"2019-09-15T14:49:39","modified_gmt":"2019-09-15T13:49:39","slug":"le-regard-souverain-les-plans-reliefs-dans-les-collections-du-palais-des-beaux-arts-de-lille","status":"publish","type":"post","link":"https:\/\/www.proantic.com\/magazine\/le-regard-souverain-les-plans-reliefs-dans-les-collections-du-palais-des-beaux-arts-de-lille\/","title":{"rendered":"Le regard souverain &#8211; Les plans-reliefs dans les collections du Palais des Beaux-Arts de Lille"},"content":{"rendered":"<p>Apr\u00e8s l&rsquo;atrium en 2017, le Palais des Beaux-Arts de Lille a entrepris la r\u00e9novation compl\u00e8te de la salle des plans-reliefs. Nouvel \u00e9clairage, nouvelle signal\u00e9tique, nouvelle m\u00e9diation, les oeuvres seront r\u00e9v\u00e9l\u00e9es en mars 2019 sous un regard neuf et original. La collection enti\u00e8re a \u00e9t\u00e9 restaur\u00e9e et la salle r\u00e9nov\u00e9e, une premi\u00e8re depuis sa cr\u00e9ation en 1997. L&rsquo;esprit d&rsquo;origine a \u00e9t\u00e9 conserv\u00e9, mais la pr\u00e9sentation est aujourd&rsquo;hui enrichie de nombreux contenus et de points de vue contemporains.<\/p>\n<p>Con\u00e7us d\u00e8s 1668 pour Louis XIV, les plans-reliefs sont des maquettes r\u00e9alis\u00e9es entre le XVIIe et le XIXe si\u00e8cle destin\u00e9es \u00e0 la strat\u00e9gie militaire ; faites de bois, papier aquarell\u00e9, poudres de soie, sable et \u00e0 l&rsquo;\u00e9chelle 1\/600e (1mm = 60 cm), elles restituent avec un exceptionnel sens du d\u00e9tail les villes fortifi\u00e9es et leurs campagnes alentour afin de donner un aper\u00e7u complet du terrain. Fruits de prouesses techniques anciennes, elles demeurent les t\u00e9moins pr\u00e9cieux des mutations urbaines et de l&rsquo;\u00e9volution europ\u00e9enne de notre territoire.<\/p>\n<p>Quatorze plans-reliefs (six villes fran\u00e7aises\u00a0: Aire-sur-la-Lys, Avesnes-sur-Helpe, Bergues, Calais, Gravelines, Lille\u00a0; sept belges\u00a0: Ath, Audenarde, Charleroi, Menin, Namur, Tournai, Ypres ; une n\u00e9erlandaise\u00a0: Maastricht) ont \u00e9t\u00e9 d\u00e9pos\u00e9s au Palais des Beaux-Arts de Lille par l\u2019\u00c9tat au cours des ann\u00e9es 1980, sous l\u2019impulsion de Pierre Mauroy, alors Premier ministre et maire de Lille. \u00c0\u00a0destination du grand public, l\u2019ouvrage fait \u00e9tat des derni\u00e8res recherches sur ces r\u00e9alisations r\u00e9cemment restaur\u00e9es\u00a0; il s\u2019ouvre \u00e9galement \u00e0 une dimension sensible en laissant la parole \u00e0 quatorze \u00e9crivaines et \u00e9crivains qui chacun \u00e0 leur fa\u00e7on s\u2019approprient l\u2019un de ces plans-reliefs, objets du minuscule et du grandiose au potentiel narratif exceptionnel.<\/p>\n<p><strong>Auteurs:<\/strong> collectif<\/p>\n<p><strong>\u00c9diteurs:<\/strong> Editions Invenit \/ Palais des Beaux-Arts de Lille<\/p>\n","protected":false},"excerpt":{"rendered":"<p>Apr\u00e8s l&rsquo;atrium en 2017, le Palais des Beaux-Arts de Lille a entrepris la r\u00e9novation compl\u00e8te de la salle des plans-reliefs. Nouvel \u00e9clairage, nouvelle signal\u00e9tique, nouvelle m\u00e9diation, les oeuvres seront r\u00e9v\u00e9l\u00e9es en mars 2019 sous un regard neuf et original. La collection enti\u00e8re a \u00e9t\u00e9 restaur\u00e9e et la salle r\u00e9nov\u00e9e, une premi\u00e8re depuis sa cr\u00e9ation en [&hellip;]<\/p>\n","protected":false},"author":6,"featured_media":11301,"comment_status":"closed","ping_status":"open","sticky":false,"template":"","format":"standard","meta":{"jetpack_post_was_ever_published":false,"_jetpack_newsletter_access":"","_jetpack_dont_email_post_to_subs":false,"_jetpack_newsletter_tier_id":0,"_jetpack_memberships_contains_paywalled_content":false,"_jetpack_memberships_contains_paid_content":false,"footnotes":"","jetpack_publicize_message":"","jetpack_publicize_feature_enabled":true,"jetpack_social_post_already_shared":true,"jetpack_social_options":{"image_generator_settings":{"template":"highway","default_image_id":0,"font":"","enabled":false},"version":2}},"categories":[575],"tags":[],"class_list":["post-11291","post","type-post","status-publish","format-standard","has-post-thumbnail","hentry","category-catalogue-dexposition"],"yoast_head":"<!-- This site is optimized with the Yoast SEO plugin v26.9 - https:\/\/yoast.com\/product\/yoast-seo-wordpress\/ -->\n<title>Le regard souverain - Les plans-reliefs dans les collections du Palais des Beaux-Arts de Lille Le Magazine de Proantic<\/title>\n<meta name=\"description\" content=\"Apr\u00e8s l&#039;atrium en 2017, le Palais des Beaux-Arts de Lille a entrepris la r\u00e9novation compl\u00e8te de la salle des plans-reliefs. Nouvel \u00e9clairage, nouvelle\" \/>\n<meta name=\"robots\" content=\"index, follow, max-snippet:-1, max-image-preview:large, max-video-preview:-1\" \/>\n<link rel=\"canonical\" href=\"https:\/\/www.proantic.com\/magazine\/le-regard-souverain-les-plans-reliefs-dans-les-collections-du-palais-des-beaux-arts-de-lille\/\" \/>\n<meta property=\"og:locale\" content=\"fr_FR\" \/>\n<meta property=\"og:type\" content=\"article\" \/>\n<meta property=\"og:title\" content=\"Le regard souverain - Les plans-reliefs dans les collections du Palais des Beaux-Arts de Lille Le Magazine de Proantic\" \/>\n<meta property=\"og:description\" content=\"Apr\u00e8s l&#039;atrium en 2017, le Palais des Beaux-Arts de Lille a entrepris la r\u00e9novation compl\u00e8te de la salle des plans-reliefs. Nouvel \u00e9clairage, nouvelle\" \/>\n<meta property=\"og:url\" content=\"https:\/\/www.proantic.com\/magazine\/le-regard-souverain-les-plans-reliefs-dans-les-collections-du-palais-des-beaux-arts-de-lille\/\" \/>\n<meta property=\"og:site_name\" content=\"Le Magazine de Proantic\" \/>\n<meta property=\"article:publisher\" content=\"https:\/\/www.facebook.com\/pages\/Proantic\/\/259180871793\" \/>\n<meta property=\"article:published_time\" content=\"2019-09-15T12:51:17+00:00\" \/>\n<meta property=\"article:modified_time\" content=\"2019-09-15T13:49:39+00:00\" \/>\n<meta property=\"og:image\" content=\"https:\/\/i0.wp.com\/www.proantic.com\/magazine\/wp-content\/uploads\/2019\/09\/Nouveau-dossier4.jpg?fit=1200%2C795&ssl=1\" \/>\n\t<meta property=\"og:image:width\" content=\"1200\" \/>\n\t<meta property=\"og:image:height\" content=\"795\" \/>\n\t<meta property=\"og:image:type\" content=\"image\/jpeg\" \/>\n<meta name=\"author\" content=\"C\u00e9line Autant\" \/>\n<meta name=\"twitter:label1\" content=\"\u00c9crit par\" \/>\n\t<meta name=\"twitter:data1\" content=\"C\u00e9line Autant\" \/>\n\t<meta name=\"twitter:label2\" content=\"Dur\u00e9e de lecture estim\u00e9e\" \/>\n\t<meta name=\"twitter:data2\" content=\"2 minutes\" \/>\n<script type=\"application\/ld+json\" class=\"yoast-schema-graph\">{\"@context\":\"https:\/\/schema.org\",\"@graph\":[{\"@type\":\"Article\",\"@id\":\"https:\/\/www.proantic.com\/magazine\/le-regard-souverain-les-plans-reliefs-dans-les-collections-du-palais-des-beaux-arts-de-lille\/#article\",\"isPartOf\":{\"@id\":\"https:\/\/www.proantic.com\/magazine\/le-regard-souverain-les-plans-reliefs-dans-les-collections-du-palais-des-beaux-arts-de-lille\/\"},\"author\":{\"name\":\"C\u00e9line Autant\",\"@id\":\"https:\/\/www.proantic.com\/magazine\/#\/schema\/person\/63707e8f4e7d0172de7ddde897688be0\"},\"headline\":\"Le regard souverain &#8211; Les plans-reliefs dans les collections du Palais des Beaux-Arts de Lille\",\"datePublished\":\"2019-09-15T12:51:17+00:00\",\"dateModified\":\"2019-09-15T13:49:39+00:00\",\"mainEntityOfPage\":{\"@id\":\"https:\/\/www.proantic.com\/magazine\/le-regard-souverain-les-plans-reliefs-dans-les-collections-du-palais-des-beaux-arts-de-lille\/\"},\"wordCount\":325,\"image\":{\"@id\":\"https:\/\/www.proantic.com\/magazine\/le-regard-souverain-les-plans-reliefs-dans-les-collections-du-palais-des-beaux-arts-de-lille\/#primaryimage\"},\"thumbnailUrl\":\"https:\/\/i0.wp.com\/www.proantic.com\/magazine\/wp-content\/uploads\/2019\/09\/Nouveau-dossier4.jpg?fit=1200%2C795&ssl=1\",\"articleSection\":[\"Catalogue d'exposition\"],\"inLanguage\":\"fr-FR\"},{\"@type\":\"WebPage\",\"@id\":\"https:\/\/www.proantic.com\/magazine\/le-regard-souverain-les-plans-reliefs-dans-les-collections-du-palais-des-beaux-arts-de-lille\/\",\"url\":\"https:\/\/www.proantic.com\/magazine\/le-regard-souverain-les-plans-reliefs-dans-les-collections-du-palais-des-beaux-arts-de-lille\/\",\"name\":\"Le regard souverain - Les plans-reliefs dans les collections du Palais des Beaux-Arts de Lille Le Magazine de Proantic\",\"isPartOf\":{\"@id\":\"https:\/\/www.proantic.com\/magazine\/#website\"},\"primaryImageOfPage\":{\"@id\":\"https:\/\/www.proantic.com\/magazine\/le-regard-souverain-les-plans-reliefs-dans-les-collections-du-palais-des-beaux-arts-de-lille\/#primaryimage\"},\"image\":{\"@id\":\"https:\/\/www.proantic.com\/magazine\/le-regard-souverain-les-plans-reliefs-dans-les-collections-du-palais-des-beaux-arts-de-lille\/#primaryimage\"},\"thumbnailUrl\":\"https:\/\/i0.wp.com\/www.proantic.com\/magazine\/wp-content\/uploads\/2019\/09\/Nouveau-dossier4.jpg?fit=1200%2C795&ssl=1\",\"datePublished\":\"2019-09-15T12:51:17+00:00\",\"dateModified\":\"2019-09-15T13:49:39+00:00\",\"author\":{\"@id\":\"https:\/\/www.proantic.com\/magazine\/#\/schema\/person\/63707e8f4e7d0172de7ddde897688be0\"},\"description\":\"Apr\u00e8s l'atrium en 2017, le Palais des Beaux-Arts de Lille a entrepris la r\u00e9novation compl\u00e8te de la salle des plans-reliefs. Nouvel \u00e9clairage, nouvelle\",\"breadcrumb\":{\"@id\":\"https:\/\/www.proantic.com\/magazine\/le-regard-souverain-les-plans-reliefs-dans-les-collections-du-palais-des-beaux-arts-de-lille\/#breadcrumb\"},\"inLanguage\":\"fr-FR\",\"potentialAction\":[{\"@type\":\"ReadAction\",\"target\":[\"https:\/\/www.proantic.com\/magazine\/le-regard-souverain-les-plans-reliefs-dans-les-collections-du-palais-des-beaux-arts-de-lille\/\"]}]},{\"@type\":\"ImageObject\",\"inLanguage\":\"fr-FR\",\"@id\":\"https:\/\/www.proantic.com\/magazine\/le-regard-souverain-les-plans-reliefs-dans-les-collections-du-palais-des-beaux-arts-de-lille\/#primaryimage\",\"url\":\"https:\/\/i0.wp.com\/www.proantic.com\/magazine\/wp-content\/uploads\/2019\/09\/Nouveau-dossier4.jpg?fit=1200%2C795&ssl=1\",\"contentUrl\":\"https:\/\/i0.wp.com\/www.proantic.com\/magazine\/wp-content\/uploads\/2019\/09\/Nouveau-dossier4.jpg?fit=1200%2C795&ssl=1\",\"width\":1200,\"height\":795},{\"@type\":\"BreadcrumbList\",\"@id\":\"https:\/\/www.proantic.com\/magazine\/le-regard-souverain-les-plans-reliefs-dans-les-collections-du-palais-des-beaux-arts-de-lille\/#breadcrumb\",\"itemListElement\":[{\"@type\":\"ListItem\",\"position\":1,\"name\":\"Accueil\",\"item\":\"https:\/\/www.proantic.com\/magazine\/\"},{\"@type\":\"ListItem\",\"position\":2,\"name\":\"Le regard souverain &#8211; Les plans-reliefs dans les collections du Palais des Beaux-Arts de Lille\"}]},{\"@type\":\"WebSite\",\"@id\":\"https:\/\/www.proantic.com\/magazine\/#website\",\"url\":\"https:\/\/www.proantic.com\/magazine\/\",\"name\":\"Le Magazine de Proantic\",\"description\":\"Magazine d&#039;art et expositions\",\"potentialAction\":[{\"@type\":\"SearchAction\",\"target\":{\"@type\":\"EntryPoint\",\"urlTemplate\":\"https:\/\/www.proantic.com\/magazine\/?s={search_term_string}\"},\"query-input\":{\"@type\":\"PropertyValueSpecification\",\"valueRequired\":true,\"valueName\":\"search_term_string\"}}],\"inLanguage\":\"fr-FR\"},{\"@type\":\"Person\",\"@id\":\"https:\/\/www.proantic.com\/magazine\/#\/schema\/person\/63707e8f4e7d0172de7ddde897688be0\",\"name\":\"C\u00e9line Autant\"}]}<\/script>\n<!-- \/ Yoast SEO plugin. -->","yoast_head_json":{"title":"Le regard souverain - Les plans-reliefs dans les collections du Palais des Beaux-Arts de Lille Le Magazine de Proantic","description":"Apr\u00e8s l'atrium en 2017, le Palais des Beaux-Arts de Lille a entrepris la r\u00e9novation compl\u00e8te de la salle des plans-reliefs. Nouvel \u00e9clairage, nouvelle","robots":{"index":"index","follow":"follow","max-snippet":"max-snippet:-1","max-image-preview":"max-image-preview:large","max-video-preview":"max-video-preview:-1"},"canonical":"https:\/\/www.proantic.com\/magazine\/le-regard-souverain-les-plans-reliefs-dans-les-collections-du-palais-des-beaux-arts-de-lille\/","og_locale":"fr_FR","og_type":"article","og_title":"Le regard souverain - Les plans-reliefs dans les collections du Palais des Beaux-Arts de Lille Le Magazine de Proantic","og_description":"Apr\u00e8s l'atrium en 2017, le Palais des Beaux-Arts de Lille a entrepris la r\u00e9novation compl\u00e8te de la salle des plans-reliefs. Nouvel \u00e9clairage, nouvelle","og_url":"https:\/\/www.proantic.com\/magazine\/le-regard-souverain-les-plans-reliefs-dans-les-collections-du-palais-des-beaux-arts-de-lille\/","og_site_name":"Le Magazine de Proantic","article_publisher":"https:\/\/www.facebook.com\/pages\/Proantic\/\/259180871793","article_published_time":"2019-09-15T12:51:17+00:00","article_modified_time":"2019-09-15T13:49:39+00:00","og_image":[{"width":1200,"height":795,"url":"https:\/\/i0.wp.com\/www.proantic.com\/magazine\/wp-content\/uploads\/2019\/09\/Nouveau-dossier4.jpg?fit=1200%2C795&ssl=1","type":"image\/jpeg"}],"author":"C\u00e9line Autant","twitter_misc":{"\u00c9crit par":"C\u00e9line Autant","Dur\u00e9e de lecture estim\u00e9e":"2 minutes"},"schema":{"@context":"https:\/\/schema.org","@graph":[{"@type":"Article","@id":"https:\/\/www.proantic.com\/magazine\/le-regard-souverain-les-plans-reliefs-dans-les-collections-du-palais-des-beaux-arts-de-lille\/#article","isPartOf":{"@id":"https:\/\/www.proantic.com\/magazine\/le-regard-souverain-les-plans-reliefs-dans-les-collections-du-palais-des-beaux-arts-de-lille\/"},"author":{"name":"C\u00e9line Autant","@id":"https:\/\/www.proantic.com\/magazine\/#\/schema\/person\/63707e8f4e7d0172de7ddde897688be0"},"headline":"Le regard souverain &#8211; Les plans-reliefs dans les collections du Palais des Beaux-Arts de Lille","datePublished":"2019-09-15T12:51:17+00:00","dateModified":"2019-09-15T13:49:39+00:00","mainEntityOfPage":{"@id":"https:\/\/www.proantic.com\/magazine\/le-regard-souverain-les-plans-reliefs-dans-les-collections-du-palais-des-beaux-arts-de-lille\/"},"wordCount":325,"image":{"@id":"https:\/\/www.proantic.com\/magazine\/le-regard-souverain-les-plans-reliefs-dans-les-collections-du-palais-des-beaux-arts-de-lille\/#primaryimage"},"thumbnailUrl":"https:\/\/i0.wp.com\/www.proantic.com\/magazine\/wp-content\/uploads\/2019\/09\/Nouveau-dossier4.jpg?fit=1200%2C795&ssl=1","articleSection":["Catalogue d'exposition"],"inLanguage":"fr-FR"},{"@type":"WebPage","@id":"https:\/\/www.proantic.com\/magazine\/le-regard-souverain-les-plans-reliefs-dans-les-collections-du-palais-des-beaux-arts-de-lille\/","url":"https:\/\/www.proantic.com\/magazine\/le-regard-souverain-les-plans-reliefs-dans-les-collections-du-palais-des-beaux-arts-de-lille\/","name":"Le regard souverain - Les plans-reliefs dans les collections du Palais des Beaux-Arts de Lille Le Magazine de Proantic","isPartOf":{"@id":"https:\/\/www.proantic.com\/magazine\/#website"},"primaryImageOfPage":{"@id":"https:\/\/www.proantic.com\/magazine\/le-regard-souverain-les-plans-reliefs-dans-les-collections-du-palais-des-beaux-arts-de-lille\/#primaryimage"},"image":{"@id":"https:\/\/www.proantic.com\/magazine\/le-regard-souverain-les-plans-reliefs-dans-les-collections-du-palais-des-beaux-arts-de-lille\/#primaryimage"},"thumbnailUrl":"https:\/\/i0.wp.com\/www.proantic.com\/magazine\/wp-content\/uploads\/2019\/09\/Nouveau-dossier4.jpg?fit=1200%2C795&ssl=1","datePublished":"2019-09-15T12:51:17+00:00","dateModified":"2019-09-15T13:49:39+00:00","author":{"@id":"https:\/\/www.proantic.com\/magazine\/#\/schema\/person\/63707e8f4e7d0172de7ddde897688be0"},"description":"Apr\u00e8s l'atrium en 2017, le Palais des Beaux-Arts de Lille a entrepris la r\u00e9novation compl\u00e8te de la salle des plans-reliefs. Nouvel \u00e9clairage, nouvelle","breadcrumb":{"@id":"https:\/\/www.proantic.com\/magazine\/le-regard-souverain-les-plans-reliefs-dans-les-collections-du-palais-des-beaux-arts-de-lille\/#breadcrumb"},"inLanguage":"fr-FR","potentialAction":[{"@type":"ReadAction","target":["https:\/\/www.proantic.com\/magazine\/le-regard-souverain-les-plans-reliefs-dans-les-collections-du-palais-des-beaux-arts-de-lille\/"]}]},{"@type":"ImageObject","inLanguage":"fr-FR","@id":"https:\/\/www.proantic.com\/magazine\/le-regard-souverain-les-plans-reliefs-dans-les-collections-du-palais-des-beaux-arts-de-lille\/#primaryimage","url":"https:\/\/i0.wp.com\/www.proantic.com\/magazine\/wp-content\/uploads\/2019\/09\/Nouveau-dossier4.jpg?fit=1200%2C795&ssl=1","contentUrl":"https:\/\/i0.wp.com\/www.proantic.com\/magazine\/wp-content\/uploads\/2019\/09\/Nouveau-dossier4.jpg?fit=1200%2C795&ssl=1","width":1200,"height":795},{"@type":"BreadcrumbList","@id":"https:\/\/www.proantic.com\/magazine\/le-regard-souverain-les-plans-reliefs-dans-les-collections-du-palais-des-beaux-arts-de-lille\/#breadcrumb","itemListElement":[{"@type":"ListItem","position":1,"name":"Accueil","item":"https:\/\/www.proantic.com\/magazine\/"},{"@type":"ListItem","position":2,"name":"Le regard souverain &#8211; Les plans-reliefs dans les collections du Palais des Beaux-Arts de Lille"}]},{"@type":"WebSite","@id":"https:\/\/www.proantic.com\/magazine\/#website","url":"https:\/\/www.proantic.com\/magazine\/","name":"Le Magazine de Proantic","description":"Magazine d&#039;art et expositions","potentialAction":[{"@type":"SearchAction","target":{"@type":"EntryPoint","urlTemplate":"https:\/\/www.proantic.com\/magazine\/?s={search_term_string}"},"query-input":{"@type":"PropertyValueSpecification","valueRequired":true,"valueName":"search_term_string"}}],"inLanguage":"fr-FR"},{"@type":"Person","@id":"https:\/\/www.proantic.com\/magazine\/#\/schema\/person\/63707e8f4e7d0172de7ddde897688be0","name":"C\u00e9line Autant"}]}},"jetpack_publicize_connections":[],"jetpack_featured_media_url":"https:\/\/i0.wp.com\/www.proantic.com\/magazine\/wp-content\/uploads\/2019\/09\/Nouveau-dossier4.jpg?fit=1200%2C795&ssl=1","jetpack_shortlink":"https:\/\/wp.me\/p7EkP3-2W7","jetpack_sharing_enabled":true,"_links":{"self":[{"href":"https:\/\/www.proantic.com\/magazine\/wp-json\/wp\/v2\/posts\/11291","targetHints":{"allow":["GET"]}}],"collection":[{"href":"https:\/\/www.proantic.com\/magazine\/wp-json\/wp\/v2\/posts"}],"about":[{"href":"https:\/\/www.proantic.com\/magazine\/wp-json\/wp\/v2\/types\/post"}],"author":[{"embeddable":true,"href":"https:\/\/www.proantic.com\/magazine\/wp-json\/wp\/v2\/users\/6"}],"replies":[{"embeddable":true,"href":"https:\/\/www.proantic.com\/magazine\/wp-json\/wp\/v2\/comments?post=11291"}],"version-history":[{"count":0,"href":"https:\/\/www.proantic.com\/magazine\/wp-json\/wp\/v2\/posts\/11291\/revisions"}],"wp:featuredmedia":[{"embeddable":true,"href":"https:\/\/www.proantic.com\/magazine\/wp-json\/wp\/v2\/media\/11301"}],"wp:attachment":[{"href":"https:\/\/www.proantic.com\/magazine\/wp-json\/wp\/v2\/media?parent=11291"}],"wp:term":[{"taxonomy":"category","embeddable":true,"href":"https:\/\/www.proantic.com\/magazine\/wp-json\/wp\/v2\/categories?post=11291"},{"taxonomy":"post_tag","embeddable":true,"href":"https:\/\/www.proantic.com\/magazine\/wp-json\/wp\/v2\/tags?post=11291"}],"curies":[{"name":"wp","href":"https:\/\/api.w.org\/{rel}","templated":true}]}}