{"id":1018,"date":"2011-03-19T08:45:52","date_gmt":"2011-03-19T07:45:52","guid":{"rendered":"http:\/\/www.proantic.com\/magazine\/?p=1018"},"modified":"2017-12-22T11:39:18","modified_gmt":"2017-12-22T10:39:18","slug":"cristallo-cerame","status":"publish","type":"post","link":"https:\/\/www.proantic.com\/magazine\/cristallo-cerame\/","title":{"rendered":"Le cristallo-c\u00e9rame"},"content":{"rendered":"<p><span style=\"font-size: small\"><b>La cristallo-c\u00e9ramie est une technique de d\u00e9coration du verre qui fut cr\u00e9e vers la fin du 18\u00e8me si\u00e8cle. Elle consiste \u00e0 inclure dans un objet en cristal un cam\u00e9e en c\u00e9ramique qui a \u00e9t\u00e9 pr\u00e9alablement moul\u00e9 puis finement cisel\u00e9 \u00e0 la main.<br \/>\n<\/b> C&rsquo;est Boudon de Saint Amans qui d\u00e9mocratisa cette technique en contribuant \u00e0 am\u00e9liorer le temps de r\u00e9alisation de ces oeuvres d\u00e9coratives qui auparavant restaient tr\u00e8s co\u00fbteuses \u00e0 fabriquer.<\/span><\/p>\n<figure id=\"attachment_1019\" aria-describedby=\"caption-attachment-1019\" style=\"width: 338px\" class=\"wp-caption aligncenter\"><a href=\"https:\/\/i0.wp.com\/www.proantic.com\/magazine\/wp-content\/uploads\/2014\/04\/61181540_p.jpg\"><img data-recalc-dims=\"1\" loading=\"lazy\" decoding=\"async\" data-attachment-id=\"1019\" data-permalink=\"https:\/\/www.proantic.com\/magazine\/cristallo-cerame\/61181540_p\/\" data-orig-file=\"https:\/\/i0.wp.com\/www.proantic.com\/magazine\/wp-content\/uploads\/2014\/04\/61181540_p.jpg?fit=338%2C450&amp;ssl=1\" data-orig-size=\"338,450\" data-comments-opened=\"1\" data-image-meta=\"{&quot;aperture&quot;:&quot;0&quot;,&quot;credit&quot;:&quot;&quot;,&quot;camera&quot;:&quot;&quot;,&quot;caption&quot;:&quot;&quot;,&quot;created_timestamp&quot;:&quot;0&quot;,&quot;copyright&quot;:&quot;&quot;,&quot;focal_length&quot;:&quot;0&quot;,&quot;iso&quot;:&quot;0&quot;,&quot;shutter_speed&quot;:&quot;0&quot;,&quot;title&quot;:&quot;&quot;}\" data-image-title=\"Gobelet Baccarat Orn\u00e9 d&amp;rsquo;Un Cristallo-c\u00e9rame\" data-image-description=\"\" data-image-caption=\"&lt;p&gt; Gobelet Baccarat Orn\u00e9 d&amp;rsquo;Un Cristallo-c\u00e9rame , Vers 1830&lt;\/p&gt;\n&lt;p&gt;antiquaire: Desarnaud&lt;\/p&gt;\n\" data-medium-file=\"https:\/\/i0.wp.com\/www.proantic.com\/magazine\/wp-content\/uploads\/2014\/04\/61181540_p.jpg?fit=225%2C300&amp;ssl=1\" data-large-file=\"https:\/\/i0.wp.com\/www.proantic.com\/magazine\/wp-content\/uploads\/2014\/04\/61181540_p.jpg?fit=338%2C450&amp;ssl=1\" class=\"size-full wp-image-1019\" src=\"https:\/\/i0.wp.com\/www.proantic.com\/magazine\/wp-content\/uploads\/2014\/04\/61181540_p.jpg?resize=338%2C450\" alt=\"Gobelet Baccarat Orn\u00e9 d'Un Cristallo-c\u00e9rame\" width=\"338\" height=\"450\" srcset=\"https:\/\/i0.wp.com\/www.proantic.com\/magazine\/wp-content\/uploads\/2014\/04\/61181540_p.jpg?w=338&amp;ssl=1 338w, https:\/\/i0.wp.com\/www.proantic.com\/magazine\/wp-content\/uploads\/2014\/04\/61181540_p.jpg?resize=225%2C300&amp;ssl=1 225w\" sizes=\"auto, (max-width: 338px) 100vw, 338px\" \/><\/a><figcaption id=\"caption-attachment-1019\" class=\"wp-caption-text\">Gobelet Baccarat Orn\u00e9 d&rsquo;Un Cristallo-c\u00e9rame , Vers 1830<br \/>antiquaire: Desarnaud<\/figcaption><\/figure>\n<p><span style=\"font-size: small\"><span style=\"color: #cc0000\">L<\/span>e m\u00e9daillon ins\u00e9r\u00e9, est en p\u00e2te de porcelaine. La p\u00e2te est moul\u00e9e dans une empreinte, puis on laisse l\u2019argile s\u00e9cher, ce qui provoque un retrait naturel de la figure dans le moule. Apr\u00e8s retouchage, une cuisson l\u00e9g\u00e8re est r\u00e9alis\u00e9e pour durcir la figurine.<\/span><\/p>\n<figure id=\"attachment_1020\" aria-describedby=\"caption-attachment-1020\" style=\"width: 338px\" class=\"wp-caption aligncenter\"><a href=\"https:\/\/i0.wp.com\/www.proantic.com\/magazine\/wp-content\/uploads\/2014\/04\/61181624_p.jpg\"><img data-recalc-dims=\"1\" loading=\"lazy\" decoding=\"async\" data-attachment-id=\"1020\" data-permalink=\"https:\/\/www.proantic.com\/magazine\/cristallo-cerame\/61181624_p\/\" data-orig-file=\"https:\/\/i0.wp.com\/www.proantic.com\/magazine\/wp-content\/uploads\/2014\/04\/61181624_p.jpg?fit=338%2C450&amp;ssl=1\" data-orig-size=\"338,450\" data-comments-opened=\"1\" data-image-meta=\"{&quot;aperture&quot;:&quot;0&quot;,&quot;credit&quot;:&quot;&quot;,&quot;camera&quot;:&quot;&quot;,&quot;caption&quot;:&quot;&quot;,&quot;created_timestamp&quot;:&quot;0&quot;,&quot;copyright&quot;:&quot;&quot;,&quot;focal_length&quot;:&quot;0&quot;,&quot;iso&quot;:&quot;0&quot;,&quot;shutter_speed&quot;:&quot;0&quot;,&quot;title&quot;:&quot;&quot;}\" data-image-title=\"Cristallo-c\u00e9rame, Vierge \u00e0 l&amp;rsquo;Enfant\" data-image-description=\"\" data-image-caption=\"&lt;p&gt;Cristallo-c\u00e9rame, Vierge \u00e0 l&amp;rsquo;Enfant&lt;\/p&gt;\n\" data-medium-file=\"https:\/\/i0.wp.com\/www.proantic.com\/magazine\/wp-content\/uploads\/2014\/04\/61181624_p.jpg?fit=225%2C300&amp;ssl=1\" data-large-file=\"https:\/\/i0.wp.com\/www.proantic.com\/magazine\/wp-content\/uploads\/2014\/04\/61181624_p.jpg?fit=338%2C450&amp;ssl=1\" class=\"size-full wp-image-1020\" src=\"https:\/\/i0.wp.com\/www.proantic.com\/magazine\/wp-content\/uploads\/2014\/04\/61181624_p.jpg?resize=338%2C450\" alt=\"Cristallo-c\u00e9rame, Vierge \u00e0 l'Enfant\" width=\"338\" height=\"450\" srcset=\"https:\/\/i0.wp.com\/www.proantic.com\/magazine\/wp-content\/uploads\/2014\/04\/61181624_p.jpg?w=338&amp;ssl=1 338w, https:\/\/i0.wp.com\/www.proantic.com\/magazine\/wp-content\/uploads\/2014\/04\/61181624_p.jpg?resize=225%2C300&amp;ssl=1 225w\" sizes=\"auto, (max-width: 338px) 100vw, 338px\" \/><\/a><figcaption id=\"caption-attachment-1020\" class=\"wp-caption-text\">Cristallo-c\u00e9rame, Vierge \u00e0 l&rsquo;Enfant<\/figcaption><\/figure>\n<p><span style=\"font-size: small\"><span style=\"color: #cc0000\">L<\/span>\u2019aspect argent\u00e9 des figures qui rappelle les sulfures m\u00e9talliques est d\u00fb \u00e0 la fine couche d\u2019air prisonni\u00e8re ente le <strong>cristal<\/strong> et la <strong>c\u00e9ramique <\/strong>lorsque la surface des figures, est mis en contact avec le cristal br\u00fblant lors de la r\u00e9alisation de la pi\u00e8ce en verre.<\/span><\/p>\n<figure id=\"attachment_1021\" aria-describedby=\"caption-attachment-1021\" style=\"width: 307px\" class=\"wp-caption aligncenter\"><a href=\"https:\/\/i0.wp.com\/www.proantic.com\/magazine\/wp-content\/uploads\/2014\/04\/61181814_p.jpg\"><img data-recalc-dims=\"1\" loading=\"lazy\" decoding=\"async\" data-attachment-id=\"1021\" data-permalink=\"https:\/\/www.proantic.com\/magazine\/cristallo-cerame\/61181814_p\/\" data-orig-file=\"https:\/\/i0.wp.com\/www.proantic.com\/magazine\/wp-content\/uploads\/2014\/04\/61181814_p.jpg?fit=307%2C450&amp;ssl=1\" data-orig-size=\"307,450\" data-comments-opened=\"1\" data-image-meta=\"{&quot;aperture&quot;:&quot;0&quot;,&quot;credit&quot;:&quot;&quot;,&quot;camera&quot;:&quot;&quot;,&quot;caption&quot;:&quot;&quot;,&quot;created_timestamp&quot;:&quot;0&quot;,&quot;copyright&quot;:&quot;&quot;,&quot;focal_length&quot;:&quot;0&quot;,&quot;iso&quot;:&quot;0&quot;,&quot;shutter_speed&quot;:&quot;0&quot;,&quot;title&quot;:&quot;&quot;}\" data-image-title=\"Cristallo\u00efde-c\u00e9rame\" data-image-description=\"\" data-image-caption=\"&lt;p&gt;Cristallo\u00efde-c\u00e9rame, baccarat \u00e9poque louis Phillipe&lt;\/p&gt;\n\" data-medium-file=\"https:\/\/i0.wp.com\/www.proantic.com\/magazine\/wp-content\/uploads\/2014\/04\/61181814_p.jpg?fit=204%2C300&amp;ssl=1\" data-large-file=\"https:\/\/i0.wp.com\/www.proantic.com\/magazine\/wp-content\/uploads\/2014\/04\/61181814_p.jpg?fit=307%2C450&amp;ssl=1\" class=\"size-full wp-image-1021\" src=\"https:\/\/i0.wp.com\/www.proantic.com\/magazine\/wp-content\/uploads\/2014\/04\/61181814_p.jpg?resize=307%2C450\" alt=\"Cristallo\u00efde-c\u00e9rame\" width=\"307\" height=\"450\" srcset=\"https:\/\/i0.wp.com\/www.proantic.com\/magazine\/wp-content\/uploads\/2014\/04\/61181814_p.jpg?w=307&amp;ssl=1 307w, https:\/\/i0.wp.com\/www.proantic.com\/magazine\/wp-content\/uploads\/2014\/04\/61181814_p.jpg?resize=204%2C300&amp;ssl=1 204w\" sizes=\"auto, (max-width: 307px) 100vw, 307px\" \/><\/a><figcaption id=\"caption-attachment-1021\" class=\"wp-caption-text\">Cristallo\u00efde-c\u00e9rame, baccarat \u00e9poque louis Phillipe<\/figcaption><\/figure>\n<p><span style=\"font-size: small\"><span style=\"color: #cc0000\">L<\/span>\u2019ouvrier doit poss\u00e9der une grande maitrise de son art car la technique d&rsquo;inclusion pr\u00e9sente de grandes difficult\u00e9s. Le verrier peut proc\u00e9der de deux mani\u00e8res pour ins\u00e9rer un<strong> cam\u00e9e de porcelaine<\/strong> dans le cristal : soit par soufflage ou bien par moulage. Dans les deux cas, le cam\u00e9e est ins\u00e9r\u00e9 entre deux couches de verre : par ces proc\u00e9d\u00e9s, on peut donc introduire les figurines \u00e0 l\u2019int\u00e9rieur d\u2019un cristal, quelle que soit sa forme.<\/span><\/p>\n<figure id=\"attachment_1022\" aria-describedby=\"caption-attachment-1022\" style=\"width: 446px\" class=\"wp-caption aligncenter\"><a href=\"https:\/\/i0.wp.com\/www.proantic.com\/magazine\/wp-content\/uploads\/2014\/04\/61181905_p.jpg\"><img data-recalc-dims=\"1\" loading=\"lazy\" decoding=\"async\" data-attachment-id=\"1022\" data-permalink=\"https:\/\/www.proantic.com\/magazine\/cristallo-cerame\/61181905_p\/\" data-orig-file=\"https:\/\/i0.wp.com\/www.proantic.com\/magazine\/wp-content\/uploads\/2014\/04\/61181905_p.jpg?fit=446%2C450&amp;ssl=1\" data-orig-size=\"446,450\" data-comments-opened=\"1\" data-image-meta=\"{&quot;aperture&quot;:&quot;0&quot;,&quot;credit&quot;:&quot;&quot;,&quot;camera&quot;:&quot;&quot;,&quot;caption&quot;:&quot;&quot;,&quot;created_timestamp&quot;:&quot;0&quot;,&quot;copyright&quot;:&quot;&quot;,&quot;focal_length&quot;:&quot;0&quot;,&quot;iso&quot;:&quot;0&quot;,&quot;shutter_speed&quot;:&quot;0&quot;,&quot;title&quot;:&quot;&quot;}\" data-image-title=\"Presse Papiers En Cristal De Baccarat\" data-image-description=\"\" data-image-caption=\"&lt;p&gt;Presse Papiers En Cristal De Baccarat,&lt;\/p&gt;\n&lt;p&gt;Cristallo-c\u00e9rame, Milieu XIX\u00e8me Si\u00e8cle&lt;\/p&gt;\n&lt;p&gt;Antiquaire: Desarnaud&lt;\/p&gt;\n\" data-medium-file=\"https:\/\/i0.wp.com\/www.proantic.com\/magazine\/wp-content\/uploads\/2014\/04\/61181905_p.jpg?fit=297%2C300&amp;ssl=1\" data-large-file=\"https:\/\/i0.wp.com\/www.proantic.com\/magazine\/wp-content\/uploads\/2014\/04\/61181905_p.jpg?fit=446%2C450&amp;ssl=1\" class=\"size-full wp-image-1022\" src=\"https:\/\/i0.wp.com\/www.proantic.com\/magazine\/wp-content\/uploads\/2014\/04\/61181905_p.jpg?resize=446%2C450\" alt=\"Presse Papiers En Cristal De Baccarat,  Cristallo-c\u00e9rame\" width=\"446\" height=\"450\" srcset=\"https:\/\/i0.wp.com\/www.proantic.com\/magazine\/wp-content\/uploads\/2014\/04\/61181905_p.jpg?w=446&amp;ssl=1 446w, https:\/\/i0.wp.com\/www.proantic.com\/magazine\/wp-content\/uploads\/2014\/04\/61181905_p.jpg?resize=150%2C150&amp;ssl=1 150w, https:\/\/i0.wp.com\/www.proantic.com\/magazine\/wp-content\/uploads\/2014\/04\/61181905_p.jpg?resize=297%2C300&amp;ssl=1 297w\" sizes=\"auto, (max-width: 446px) 100vw, 446px\" \/><\/a><figcaption id=\"caption-attachment-1022\" class=\"wp-caption-text\">Presse Papiers En Cristal De Baccarat,<br \/>Cristallo-c\u00e9rame, Milieu XIX\u00e8me Si\u00e8cle<br \/>Antiquaire: Desarnaud<\/figcaption><\/figure>\n<p><span style=\"font-size: small\"><span style=\"color: #cc0000\">L<\/span>es<strong> cristalleries de Baccarat<\/strong>, de Saint-Louis, de Clichy, de Saint-Mand\u00e9, et autres&#8230; produisent cette verrerie tr\u00e8s pris\u00e9es au XIX\u00e8me par l&rsquo;aristocratie d&rsquo;Empire mais aussi par la nouvelle bourgeoisie qui fleurit \u00e0 la Restauration. Les objets en <strong>cristallo- c\u00e9rame<\/strong> sont de toutes sortes, objets d\u00e9coratifs (bonbonni\u00e8res, chandeliers..), verreries, plaques, flacons, presse papiers&#8230;, ils sont orn\u00e9s de figurines \u00e0 chaque fois diff\u00e9rentes et uniques.<\/span><\/p>\n<p><span style=\"font-size: small\"><span style=\"color: #cc0000\">L<\/span>es cam\u00e9s en porcelaine repr\u00e9sentent principalement les grands personnages (Napol\u00e9on 1<sup>er<\/sup>, Louis-Philippe, le duc d\u2019Orl\u00e9ans, le comte de Chambord, l\u2019empereur Napol\u00e9on III et l\u2019imp\u00e9ratrice Eug\u00e9nie, les souverains anglais Victoria et Albert, etc) ainsi que des sujets religieux et des motifs tir\u00e9s de l\u2019antique.<\/span><\/p>\n","protected":false},"excerpt":{"rendered":"<p>La cristallo-c\u00e9ramie est une technique de d\u00e9coration du verre qui fut cr\u00e9e vers la fin du 18\u00e8me si\u00e8cle. Elle consiste \u00e0 inclure dans un objet en cristal un cam\u00e9e en c\u00e9ramique qui a \u00e9t\u00e9 pr\u00e9alablement moul\u00e9 puis finement cisel\u00e9 \u00e0 la main. C&rsquo;est Boudon de Saint Amans qui d\u00e9mocratisa cette technique en contribuant \u00e0 am\u00e9liorer [&hellip;]<\/p>\n","protected":false},"author":6,"featured_media":1022,"comment_status":"closed","ping_status":"open","sticky":false,"template":"","format":"standard","meta":{"jetpack_post_was_ever_published":false,"_jetpack_newsletter_access":"","_jetpack_dont_email_post_to_subs":false,"_jetpack_newsletter_tier_id":0,"_jetpack_memberships_contains_paywalled_content":false,"_jetpack_memberships_contains_paid_content":false,"footnotes":"","jetpack_publicize_message":"","jetpack_publicize_feature_enabled":true,"jetpack_social_post_already_shared":true,"jetpack_social_options":{"image_generator_settings":{"template":"highway","default_image_id":0,"font":"","enabled":false},"version":2}},"categories":[180],"tags":[217,188,208,157],"class_list":["post-1018","post","type-post","status-publish","format-standard","has-post-thumbnail","hentry","category-arts-decoratifs-proantic","tag-camee","tag-cristal","tag-decor","tag-verrerie"],"yoast_head":"<!-- This site is optimized with the Yoast SEO plugin v26.9 - https:\/\/yoast.com\/product\/yoast-seo-wordpress\/ -->\n<title>Le cristallo-c\u00e9rame Le Magazine de Proantic<\/title>\n<meta name=\"description\" content=\"La cristallo-c\u00e9ramie est une technique de d\u00e9coration du verre qui fut cr\u00e9e vers la fin du 18\u00e8me si\u00e8cle. Elle consiste \u00e0 inclure dans un objet en cristal\" \/>\n<meta name=\"robots\" content=\"index, follow, max-snippet:-1, max-image-preview:large, max-video-preview:-1\" \/>\n<link rel=\"canonical\" href=\"https:\/\/www.proantic.com\/magazine\/cristallo-cerame\/\" \/>\n<meta property=\"og:locale\" content=\"fr_FR\" \/>\n<meta property=\"og:type\" content=\"article\" \/>\n<meta property=\"og:title\" content=\"Le cristallo-c\u00e9rame Le Magazine de Proantic\" \/>\n<meta property=\"og:description\" content=\"La cristallo-c\u00e9ramie est une technique de d\u00e9coration du verre qui fut cr\u00e9e vers la fin du 18\u00e8me si\u00e8cle. Elle consiste \u00e0 inclure dans un objet en cristal\" \/>\n<meta property=\"og:url\" content=\"https:\/\/www.proantic.com\/magazine\/cristallo-cerame\/\" \/>\n<meta property=\"og:site_name\" content=\"Le Magazine de Proantic\" \/>\n<meta property=\"article:publisher\" content=\"https:\/\/www.facebook.com\/pages\/Proantic\/\/259180871793\" \/>\n<meta property=\"article:published_time\" content=\"2011-03-19T07:45:52+00:00\" \/>\n<meta property=\"article:modified_time\" content=\"2017-12-22T10:39:18+00:00\" \/>\n<meta property=\"og:image\" content=\"https:\/\/i0.wp.com\/www.proantic.com\/magazine\/wp-content\/uploads\/2014\/04\/61181905_p.jpg?fit=446%2C450&ssl=1\" \/>\n\t<meta property=\"og:image:width\" content=\"446\" \/>\n\t<meta property=\"og:image:height\" content=\"450\" \/>\n\t<meta property=\"og:image:type\" content=\"image\/jpeg\" \/>\n<meta name=\"author\" content=\"C\u00e9line Autant\" \/>\n<meta name=\"twitter:label1\" content=\"\u00c9crit par\" \/>\n\t<meta name=\"twitter:data1\" content=\"C\u00e9line Autant\" \/>\n\t<meta name=\"twitter:label2\" content=\"Dur\u00e9e de lecture estim\u00e9e\" \/>\n\t<meta name=\"twitter:data2\" content=\"2 minutes\" \/>\n<script type=\"application\/ld+json\" class=\"yoast-schema-graph\">{\"@context\":\"https:\/\/schema.org\",\"@graph\":[{\"@type\":\"Article\",\"@id\":\"https:\/\/www.proantic.com\/magazine\/cristallo-cerame\/#article\",\"isPartOf\":{\"@id\":\"https:\/\/www.proantic.com\/magazine\/cristallo-cerame\/\"},\"author\":{\"name\":\"C\u00e9line Autant\",\"@id\":\"https:\/\/www.proantic.com\/magazine\/#\/schema\/person\/63707e8f4e7d0172de7ddde897688be0\"},\"headline\":\"Le cristallo-c\u00e9rame\",\"datePublished\":\"2011-03-19T07:45:52+00:00\",\"dateModified\":\"2017-12-22T10:39:18+00:00\",\"mainEntityOfPage\":{\"@id\":\"https:\/\/www.proantic.com\/magazine\/cristallo-cerame\/\"},\"wordCount\":465,\"image\":{\"@id\":\"https:\/\/www.proantic.com\/magazine\/cristallo-cerame\/#primaryimage\"},\"thumbnailUrl\":\"https:\/\/i0.wp.com\/www.proantic.com\/magazine\/wp-content\/uploads\/2014\/04\/61181905_p.jpg?fit=446%2C450&ssl=1\",\"keywords\":[\"cam\u00e9e\",\"cristal\",\"d\u00e9cor\",\"verrerie\"],\"articleSection\":[\"Arts d\u00e9coratifs sur Proantic\"],\"inLanguage\":\"fr-FR\"},{\"@type\":\"WebPage\",\"@id\":\"https:\/\/www.proantic.com\/magazine\/cristallo-cerame\/\",\"url\":\"https:\/\/www.proantic.com\/magazine\/cristallo-cerame\/\",\"name\":\"Le cristallo-c\u00e9rame Le Magazine de Proantic\",\"isPartOf\":{\"@id\":\"https:\/\/www.proantic.com\/magazine\/#website\"},\"primaryImageOfPage\":{\"@id\":\"https:\/\/www.proantic.com\/magazine\/cristallo-cerame\/#primaryimage\"},\"image\":{\"@id\":\"https:\/\/www.proantic.com\/magazine\/cristallo-cerame\/#primaryimage\"},\"thumbnailUrl\":\"https:\/\/i0.wp.com\/www.proantic.com\/magazine\/wp-content\/uploads\/2014\/04\/61181905_p.jpg?fit=446%2C450&ssl=1\",\"datePublished\":\"2011-03-19T07:45:52+00:00\",\"dateModified\":\"2017-12-22T10:39:18+00:00\",\"author\":{\"@id\":\"https:\/\/www.proantic.com\/magazine\/#\/schema\/person\/63707e8f4e7d0172de7ddde897688be0\"},\"description\":\"La cristallo-c\u00e9ramie est une technique de d\u00e9coration du verre qui fut cr\u00e9e vers la fin du 18\u00e8me si\u00e8cle. Elle consiste \u00e0 inclure dans un objet en cristal\",\"breadcrumb\":{\"@id\":\"https:\/\/www.proantic.com\/magazine\/cristallo-cerame\/#breadcrumb\"},\"inLanguage\":\"fr-FR\",\"potentialAction\":[{\"@type\":\"ReadAction\",\"target\":[\"https:\/\/www.proantic.com\/magazine\/cristallo-cerame\/\"]}]},{\"@type\":\"ImageObject\",\"inLanguage\":\"fr-FR\",\"@id\":\"https:\/\/www.proantic.com\/magazine\/cristallo-cerame\/#primaryimage\",\"url\":\"https:\/\/i0.wp.com\/www.proantic.com\/magazine\/wp-content\/uploads\/2014\/04\/61181905_p.jpg?fit=446%2C450&ssl=1\",\"contentUrl\":\"https:\/\/i0.wp.com\/www.proantic.com\/magazine\/wp-content\/uploads\/2014\/04\/61181905_p.jpg?fit=446%2C450&ssl=1\",\"width\":446,\"height\":450,\"caption\":\"Presse Papiers En Cristal De Baccarat, Cristallo-c\u00e9rame, Milieu XIX\u00e8me Si\u00e8cle Antiquaire: Desarnaud\"},{\"@type\":\"BreadcrumbList\",\"@id\":\"https:\/\/www.proantic.com\/magazine\/cristallo-cerame\/#breadcrumb\",\"itemListElement\":[{\"@type\":\"ListItem\",\"position\":1,\"name\":\"Accueil\",\"item\":\"https:\/\/www.proantic.com\/magazine\/\"},{\"@type\":\"ListItem\",\"position\":2,\"name\":\"Le cristallo-c\u00e9rame\"}]},{\"@type\":\"WebSite\",\"@id\":\"https:\/\/www.proantic.com\/magazine\/#website\",\"url\":\"https:\/\/www.proantic.com\/magazine\/\",\"name\":\"Le Magazine de Proantic\",\"description\":\"Magazine d&#039;art et expositions\",\"potentialAction\":[{\"@type\":\"SearchAction\",\"target\":{\"@type\":\"EntryPoint\",\"urlTemplate\":\"https:\/\/www.proantic.com\/magazine\/?s={search_term_string}\"},\"query-input\":{\"@type\":\"PropertyValueSpecification\",\"valueRequired\":true,\"valueName\":\"search_term_string\"}}],\"inLanguage\":\"fr-FR\"},{\"@type\":\"Person\",\"@id\":\"https:\/\/www.proantic.com\/magazine\/#\/schema\/person\/63707e8f4e7d0172de7ddde897688be0\",\"name\":\"C\u00e9line Autant\"}]}<\/script>\n<!-- \/ Yoast SEO plugin. -->","yoast_head_json":{"title":"Le cristallo-c\u00e9rame Le Magazine de Proantic","description":"La cristallo-c\u00e9ramie est une technique de d\u00e9coration du verre qui fut cr\u00e9e vers la fin du 18\u00e8me si\u00e8cle. Elle consiste \u00e0 inclure dans un objet en cristal","robots":{"index":"index","follow":"follow","max-snippet":"max-snippet:-1","max-image-preview":"max-image-preview:large","max-video-preview":"max-video-preview:-1"},"canonical":"https:\/\/www.proantic.com\/magazine\/cristallo-cerame\/","og_locale":"fr_FR","og_type":"article","og_title":"Le cristallo-c\u00e9rame Le Magazine de Proantic","og_description":"La cristallo-c\u00e9ramie est une technique de d\u00e9coration du verre qui fut cr\u00e9e vers la fin du 18\u00e8me si\u00e8cle. Elle consiste \u00e0 inclure dans un objet en cristal","og_url":"https:\/\/www.proantic.com\/magazine\/cristallo-cerame\/","og_site_name":"Le Magazine de Proantic","article_publisher":"https:\/\/www.facebook.com\/pages\/Proantic\/\/259180871793","article_published_time":"2011-03-19T07:45:52+00:00","article_modified_time":"2017-12-22T10:39:18+00:00","og_image":[{"width":446,"height":450,"url":"https:\/\/i0.wp.com\/www.proantic.com\/magazine\/wp-content\/uploads\/2014\/04\/61181905_p.jpg?fit=446%2C450&ssl=1","type":"image\/jpeg"}],"author":"C\u00e9line Autant","twitter_misc":{"\u00c9crit par":"C\u00e9line Autant","Dur\u00e9e de lecture estim\u00e9e":"2 minutes"},"schema":{"@context":"https:\/\/schema.org","@graph":[{"@type":"Article","@id":"https:\/\/www.proantic.com\/magazine\/cristallo-cerame\/#article","isPartOf":{"@id":"https:\/\/www.proantic.com\/magazine\/cristallo-cerame\/"},"author":{"name":"C\u00e9line Autant","@id":"https:\/\/www.proantic.com\/magazine\/#\/schema\/person\/63707e8f4e7d0172de7ddde897688be0"},"headline":"Le cristallo-c\u00e9rame","datePublished":"2011-03-19T07:45:52+00:00","dateModified":"2017-12-22T10:39:18+00:00","mainEntityOfPage":{"@id":"https:\/\/www.proantic.com\/magazine\/cristallo-cerame\/"},"wordCount":465,"image":{"@id":"https:\/\/www.proantic.com\/magazine\/cristallo-cerame\/#primaryimage"},"thumbnailUrl":"https:\/\/i0.wp.com\/www.proantic.com\/magazine\/wp-content\/uploads\/2014\/04\/61181905_p.jpg?fit=446%2C450&ssl=1","keywords":["cam\u00e9e","cristal","d\u00e9cor","verrerie"],"articleSection":["Arts d\u00e9coratifs sur Proantic"],"inLanguage":"fr-FR"},{"@type":"WebPage","@id":"https:\/\/www.proantic.com\/magazine\/cristallo-cerame\/","url":"https:\/\/www.proantic.com\/magazine\/cristallo-cerame\/","name":"Le cristallo-c\u00e9rame Le Magazine de Proantic","isPartOf":{"@id":"https:\/\/www.proantic.com\/magazine\/#website"},"primaryImageOfPage":{"@id":"https:\/\/www.proantic.com\/magazine\/cristallo-cerame\/#primaryimage"},"image":{"@id":"https:\/\/www.proantic.com\/magazine\/cristallo-cerame\/#primaryimage"},"thumbnailUrl":"https:\/\/i0.wp.com\/www.proantic.com\/magazine\/wp-content\/uploads\/2014\/04\/61181905_p.jpg?fit=446%2C450&ssl=1","datePublished":"2011-03-19T07:45:52+00:00","dateModified":"2017-12-22T10:39:18+00:00","author":{"@id":"https:\/\/www.proantic.com\/magazine\/#\/schema\/person\/63707e8f4e7d0172de7ddde897688be0"},"description":"La cristallo-c\u00e9ramie est une technique de d\u00e9coration du verre qui fut cr\u00e9e vers la fin du 18\u00e8me si\u00e8cle. Elle consiste \u00e0 inclure dans un objet en cristal","breadcrumb":{"@id":"https:\/\/www.proantic.com\/magazine\/cristallo-cerame\/#breadcrumb"},"inLanguage":"fr-FR","potentialAction":[{"@type":"ReadAction","target":["https:\/\/www.proantic.com\/magazine\/cristallo-cerame\/"]}]},{"@type":"ImageObject","inLanguage":"fr-FR","@id":"https:\/\/www.proantic.com\/magazine\/cristallo-cerame\/#primaryimage","url":"https:\/\/i0.wp.com\/www.proantic.com\/magazine\/wp-content\/uploads\/2014\/04\/61181905_p.jpg?fit=446%2C450&ssl=1","contentUrl":"https:\/\/i0.wp.com\/www.proantic.com\/magazine\/wp-content\/uploads\/2014\/04\/61181905_p.jpg?fit=446%2C450&ssl=1","width":446,"height":450,"caption":"Presse Papiers En Cristal De Baccarat, Cristallo-c\u00e9rame, Milieu XIX\u00e8me Si\u00e8cle Antiquaire: Desarnaud"},{"@type":"BreadcrumbList","@id":"https:\/\/www.proantic.com\/magazine\/cristallo-cerame\/#breadcrumb","itemListElement":[{"@type":"ListItem","position":1,"name":"Accueil","item":"https:\/\/www.proantic.com\/magazine\/"},{"@type":"ListItem","position":2,"name":"Le cristallo-c\u00e9rame"}]},{"@type":"WebSite","@id":"https:\/\/www.proantic.com\/magazine\/#website","url":"https:\/\/www.proantic.com\/magazine\/","name":"Le Magazine de Proantic","description":"Magazine d&#039;art et expositions","potentialAction":[{"@type":"SearchAction","target":{"@type":"EntryPoint","urlTemplate":"https:\/\/www.proantic.com\/magazine\/?s={search_term_string}"},"query-input":{"@type":"PropertyValueSpecification","valueRequired":true,"valueName":"search_term_string"}}],"inLanguage":"fr-FR"},{"@type":"Person","@id":"https:\/\/www.proantic.com\/magazine\/#\/schema\/person\/63707e8f4e7d0172de7ddde897688be0","name":"C\u00e9line Autant"}]}},"jetpack_publicize_connections":[],"jetpack_featured_media_url":"https:\/\/i0.wp.com\/www.proantic.com\/magazine\/wp-content\/uploads\/2014\/04\/61181905_p.jpg?fit=446%2C450&ssl=1","jetpack_shortlink":"https:\/\/wp.me\/p7EkP3-gq","jetpack_sharing_enabled":true,"_links":{"self":[{"href":"https:\/\/www.proantic.com\/magazine\/wp-json\/wp\/v2\/posts\/1018","targetHints":{"allow":["GET"]}}],"collection":[{"href":"https:\/\/www.proantic.com\/magazine\/wp-json\/wp\/v2\/posts"}],"about":[{"href":"https:\/\/www.proantic.com\/magazine\/wp-json\/wp\/v2\/types\/post"}],"author":[{"embeddable":true,"href":"https:\/\/www.proantic.com\/magazine\/wp-json\/wp\/v2\/users\/6"}],"replies":[{"embeddable":true,"href":"https:\/\/www.proantic.com\/magazine\/wp-json\/wp\/v2\/comments?post=1018"}],"version-history":[{"count":0,"href":"https:\/\/www.proantic.com\/magazine\/wp-json\/wp\/v2\/posts\/1018\/revisions"}],"wp:featuredmedia":[{"embeddable":true,"href":"https:\/\/www.proantic.com\/magazine\/wp-json\/wp\/v2\/media\/1022"}],"wp:attachment":[{"href":"https:\/\/www.proantic.com\/magazine\/wp-json\/wp\/v2\/media?parent=1018"}],"wp:term":[{"taxonomy":"category","embeddable":true,"href":"https:\/\/www.proantic.com\/magazine\/wp-json\/wp\/v2\/categories?post=1018"},{"taxonomy":"post_tag","embeddable":true,"href":"https:\/\/www.proantic.com\/magazine\/wp-json\/wp\/v2\/tags?post=1018"}],"curies":[{"name":"wp","href":"https:\/\/api.w.org\/{rel}","templated":true}]}}